{"id":172726,"date":"2025-06-13T06:46:17","date_gmt":"2025-06-13T06:46:17","guid":{"rendered":"https:\/\/www.europesays.com\/fr\/172726\/"},"modified":"2025-06-13T06:46:17","modified_gmt":"2025-06-13T06:46:17","slug":"pascal-obispo-choque-par-ce-qui-sest-passe-apres-la-mort-de-johnny-hallyday","status":"publish","type":"post","link":"https:\/\/www.europesays.com\/fr\/172726\/","title":{"rendered":"Pascal Obispo \u00ab choqu\u00e9 par ce qui s\u2019est pass\u00e9 \u00bb apr\u00e8s la mort de Johnny Hallyday"},"content":{"rendered":"<p>Pascal Obispo et Johnny Hallyday ont \u00e9t\u00e9 amis et partenaires de travail. Ensemble, ils ont concoct\u00e9 Ce que je sais, l&rsquo;album de\u00a01998\u00a0qui comporte l&rsquo;archi-c\u00e9l\u00e8bre \u00ab\u00a0Allumer le feu\u00a0\u00bb. Ce n&rsquo;est pas rien\u00a0! Et avec le clip de sa chanson \u00ab\u00a0Appelle-moi Johnny\u00a0\u00bb, qui sort ce 15\u00a0juin, <a class=\"link \" href=\"https:\/\/www.lepoint.fr\/people\/impots-florent-pagny-sa-liberte-de-rentrer-en-france-06-11-2020-2399712_2116.php\" rel=\"nofollow noopener\" target=\"_blank\" data-ylk=\"slk:celui qui a \u00e9crit pour Florent Pagny;elm:context_link;itc:0;sec:content-canvas\">celui qui a \u00e9crit pour Florent Pagny<\/a> \u00ab\u00a0Ma libert\u00e9 de penser\u00a0\u00bb a bien l&rsquo;intention de le rappeler au monde.<\/p>\n<p>L&rsquo;auteur-compositeur-interpr\u00e8te, en effet, n&rsquo;a pas appr\u00e9ci\u00e9 de passer aux oubliettes dans l&rsquo;histoire de l&rsquo;idole des jeunes. Il estime qu&rsquo;il a \u00e9t\u00e9 \u00ab\u00a0\u00e9cart\u00e9\u00a0\u00bb de son vieux pote par une partie de son \u00ab\u00a0entourage proche\u00a0\u00bb. \u00c0 ce bannissement, Pascal Obispo trouve une explication\u00a0: il disait \u00e0 son copain \u00ab\u00a0les choses comme elles sont\u00a0\u00bb.<\/p>\n<p>\u00ab\u00a0Une alchimie non feinte\u00a0\u00bb<\/p>\n<p>Probl\u00e8me, comme il l&rsquo;explique \u00e0 <a class=\"link \" href=\"https:\/\/www.gala.fr\/l_actu\/news_de_stars\/exclu-pascal-obispo-regle-ses-comptes-avec-le-clan-hallyday-j-ai-un-peu-le-sentiment-qu-il-a-ete-gouroutise-20250612\" rel=\"nofollow noopener\" target=\"_blank\" data-ylk=\"slk:Gala;elm:context_link;itc:0;sec:content-canvas\">Gala<\/a>, \u00ab\u00a0Johnny avait ce d\u00e9faut de r\u00e9p\u00e9ter tout ce que je lui disais\u00a0\u00bb. De l\u00e0 \u00e0 penser que ce n&rsquo;\u00e9tait pas du bien de ses tr\u00e8s proches, il n&rsquo;y a qu&rsquo;un pas\u2026 et Pascal Obispo va dans ce sens quand il affirme que <a class=\"link \" href=\"https:\/\/www.lepoint.fr\/people\/entre-laeticia-hallyday-et-le-fisc-la-guerre-continue-15-04-2025-2587385_2116.php\" rel=\"nofollow noopener\" target=\"_blank\" data-ylk=\"slk:le mari de Laeticia Hallyday;elm:context_link;itc:0;sec:content-canvas\">le mari de Laeticia Hallyday<\/a>\u00a0avait \u00e9t\u00e9 \u00ab\u00a0\u201cgouroutis\u00e9\u201d \u00e0 une \u00e9poque\u00a0\u00bb, sans pr\u00e9ciser qui tenait la star sous emprise.<\/p>\n<p>\u00ab\u00a0Donc, j&rsquo;ai \u00e9t\u00e9 ray\u00e9 de la carte. Comme \u00e7a. De son vivant, confie l&rsquo;artiste de 60\u00a0ans. \u00c7a \u00e9t\u00e9 dur pour moi. Je l&rsquo;avoue, j&rsquo;\u00e9tais triste. \u00c7a me manque, il \u00e9tait comme un p\u00e8re pour moi.\u00a0\u00bb<\/p>\n<p>\u00c0 LIRE AUSSI <strong class=\"strong\"><a href=\"https:\/\/www.lepoint.fr\/musique\/jul-et-johnny-hallyday-meme-ferveur-populaire-meme-mepris-de-classe-23-05-2025-2590384_38.php\" rel=\"nofollow noopener\" target=\"_blank\" data-ylk=\"slk:Jul et Johnny\u00a0Hallyday\u00a0: m\u00eame ferveur populaire, m\u00eame m\u00e9pris de classe\u00a0?;elm:context_link;itc:0;sec:content-canvas\" class=\"link \">Jul et Johnny\u00a0Hallyday\u00a0: m\u00eame ferveur populaire, m\u00eame m\u00e9pris de classe\u00a0?<\/a><\/strong> Cette mise \u00e0 l&rsquo;\u00e9cart n&rsquo;est cependant pas accept\u00e9e par celui que Laura Smet d\u00e9crit dans ce m\u00eame entretien comme un [&#8230;] <a href=\"https:\/\/www.lepoint.fr\/people\/pascal-obispo-choque-par-ce-qui-s-est-passe-apres-la-mort-de-johnny-hallyday-12-06-2025-2591874_2116.php\" rel=\"nofollow noopener\" target=\"_blank\" data-ylk=\"slk:Lire la suite;elm:context_link;itc:0;sec:content-canvas\" class=\"link \">Lire la suite<\/a><\/p>\n","protected":false},"excerpt":{"rendered":"Pascal Obispo et Johnny Hallyday ont \u00e9t\u00e9 amis et partenaires de travail. Ensemble, ils ont concoct\u00e9 Ce que&hellip;\n","protected":false},"author":2,"featured_media":172727,"comment_status":"","ping_status":"","sticky":false,"template":"","format":"standard","meta":{"footnotes":""},"categories":[1355],"tags":[58,59,1011,27,1304,1361,873,17603],"class_list":{"0":"post-172726","1":"post","2":"type-post","3":"status-publish","4":"format-standard","5":"has-post-thumbnail","7":"category-musique","8":"tag-divertissement","9":"tag-entertainment","10":"tag-fr","11":"tag-france","12":"tag-johnny-hallyday","13":"tag-music","14":"tag-musique","15":"tag-pascal-obispo"},"share_on_mastodon":{"url":"https:\/\/pubeurope.com\/@fr\/114674714944374225","error":""},"_links":{"self":[{"href":"https:\/\/www.europesays.com\/fr\/wp-json\/wp\/v2\/posts\/172726","targetHints":{"allow":["GET"]}}],"collection":[{"href":"https:\/\/www.europesays.com\/fr\/wp-json\/wp\/v2\/posts"}],"about":[{"href":"https:\/\/www.europesays.com\/fr\/wp-json\/wp\/v2\/types\/post"}],"author":[{"embeddable":true,"href":"https:\/\/www.europesays.com\/fr\/wp-json\/wp\/v2\/users\/2"}],"replies":[{"embeddable":true,"href":"https:\/\/www.europesays.com\/fr\/wp-json\/wp\/v2\/comments?post=172726"}],"version-history":[{"count":0,"href":"https:\/\/www.europesays.com\/fr\/wp-json\/wp\/v2\/posts\/172726\/revisions"}],"wp:featuredmedia":[{"embeddable":true,"href":"https:\/\/www.europesays.com\/fr\/wp-json\/wp\/v2\/media\/172727"}],"wp:attachment":[{"href":"https:\/\/www.europesays.com\/fr\/wp-json\/wp\/v2\/media?parent=172726"}],"wp:term":[{"taxonomy":"category","embeddable":true,"href":"https:\/\/www.europesays.com\/fr\/wp-json\/wp\/v2\/categories?post=172726"},{"taxonomy":"post_tag","embeddable":true,"href":"https:\/\/www.europesays.com\/fr\/wp-json\/wp\/v2\/tags?post=172726"}],"curies":[{"name":"wp","href":"https:\/\/api.w.org\/{rel}","templated":true}]}}