{"id":17273,"date":"2025-04-11T12:28:08","date_gmt":"2025-04-11T12:28:08","guid":{"rendered":"https:\/\/www.europesays.com\/fr\/17273\/"},"modified":"2025-04-11T12:28:08","modified_gmt":"2025-04-11T12:28:08","slug":"lyon-une-ligne-de-metro-tcl-prend-leau-ce-matin-apres-la-panne-geante-de-jeudi-soir","status":"publish","type":"post","link":"https:\/\/www.europesays.com\/fr\/17273\/","title":{"rendered":"Lyon. Une ligne de m\u00e9tro TCL prend l&rsquo;eau ce matin apr\u00e8s la panne g\u00e9ante de jeudi soir"},"content":{"rendered":"<p>            Par<br \/>\n        <strong><br \/>\n            <a href=\"https:\/\/actu.fr\/auteur\/nicolas-zaugra\" title=\"Consulter tous les articles de Nicolas Zaugra\" target=\"_blank\" rel=\"noopener\">Nicolas Zaugra<\/a><br \/>\n        <\/strong><\/p>\n<p>        Publi\u00e9 le<\/p>\n<p>            11 avr. 2025 \u00e0 9h49<br \/>\n        ; mis \u00e0 jour le 11 avr. 2025 \u00e0 9h50    <\/p>\n<p>Fin de semaine difficile pour le r\u00e9seau de m\u00e9tro des <a href=\"https:\/\/actu.fr\/tag\/transports-en-commun-lyonnais-tcl\" target=\"_blank\" rel=\"noopener\">TCL<\/a>. Apr\u00e8s la <a href=\"https:\/\/actu.fr\/auvergne-rhone-alpes\/lyon_69123\/lyon-tcl-les-quatre-lignes-de-metro-en-panne-en-meme-temps-que-se-passe-t-il_62495755.html\" target=\"_blank\" rel=\"noopener\">panne g\u00e9ante et g\u00e9n\u00e9rale des quatre lignes de m\u00e9tro<\/a> jeudi en fin de journ\u00e9e, c\u2019est la<strong> ligne D<\/strong> qui a \u00e9t\u00e9 touch\u00e9e par un arr\u00eat durant plus d\u2019une heure ce vendredi 11 avril \u00e0 l\u2019heure de pointe du matin.\u00a0<\/p>\n<p class=\" wall-content\">Vers 7h, le trafic sur la <strong>ligne la plus fr\u00e9quent\u00e9e<\/strong> du r\u00e9seau s\u2019est arr\u00eat\u00e9 soudainement. \u00ab\u00a0La ligne D circulait uniquement de Gare de V\u00e9nissieux \u00e0 Saxe-Gambetta. Les stations de Gare de Vaise \u2013 G\u00e9rard Collomb \u00e0 Guilloti\u00e8re Gabriel P\u00e9ri ne sont plus desservies\u00a0\u00bb, expliquait TCL sur son site internet et ses \u00e9crans d\u2019informations ce matin. \u00ab\u00a0Nous mettons \u00e0 votre disposition des bus relais qui desservent les stations de Saxe Gambetta \u00e0 Gare De Vaise\u00a0\u00bb, selon TCL.<\/p>\n<p class=\" wall-content\">\u00ab\u00a0Une fuite d\u2019eau emp\u00eache la ligne de circuler normalement\u00a0\u00bb, selon TCL.\u00a0Le trafic a pu reprendre progressivement vers 8h30.<\/p>\n<p>Une panne g\u00e9ante des m\u00e9tros jeudi soir<\/p>\n<p class=\" wall-content\">Cet incident intervient quelques heures apr\u00e8s la panne gante qui a frapp\u00e9 les quatre lignes de m\u00e9tro en m\u00eame temps.<\/p>\n<p class=\" wall-content\">Il s\u2019agissait d\u2019une panne sur le syst\u00e8me informatique des <strong>lignes A, B, C et D<\/strong>. \u00ab\u00a0Toutes les \u00e9quipes TCL ont imm\u00e9diatement \u00e9t\u00e9 mobilis\u00e9es sur le terrain pour accompagner les usagers et r\u00e9tablir un fonctionnement normal dans les meilleurs d\u00e9lais. Nos \u00e9quipes techniques sont \u00e9galement \u00e0 pied d\u2019\u0153uvre pour identifier d\u2019o\u00f9 provient l\u2019incident. Des tests informatiques sont en cours\u00a0\u00bb, indiquaient jeudi soir le r\u00e9seau juste avant le r\u00e9tablissement de circulation des lignes.<\/p>\n<p class=\" wall-content\">La panne est tomb\u00e9e au plus mal quelques heures avant le quart de finales OL\/ Manchester United au Groupama Stadium, secteur d\u00e9j\u00e0 priv\u00e9 de tramways directs et de navettes depuis la Part-Dieu \u00e0 cause de travaux. Les supporters ont \u00e9t\u00e9 redirig\u00e9s vers le m\u00e9tro D jusqu\u2019\u00e0 Grange Blanche pour ensuite rejoindre Eurexpo.<\/p>\n<p class=\" wall-content\">Face \u00e0 la panne g\u00e9n\u00e9rale des m\u00e9tros, TCL avait aussi mis en place 15 bus relais pour la prise en charge des supporters anglais depuis Bellecour.<\/p>\n<p class=\" wall-content\">Suivez toute l\u2019actualit\u00e9 de vos villes et m\u00e9dias favoris en vous inscrivant \u00e0 <a href=\"https:\/\/moncompte.actu.fr\" title=\"D\u00e9couvez Mon Actu\" rel=\"nofollow noopener\" data-trk=\"{&quot;cta&quot;:{&quot;action&quot;:&quot;https:\\\/\\\/moncompte.actu.fr&quot;,&quot;category&quot;:&quot;mon compte&quot;,&quot;from&quot;:&quot;article footer&quot;,&quot;name&quot;:&quot;Mon actu&quot;,&quot;type&quot;:&quot;cta&quot;}}\" target=\"_blank\">Mon Actu<\/a>.<\/p>\n","protected":false},"excerpt":{"rendered":"Par Nicolas Zaugra Publi\u00e9 le 11 avr. 2025 \u00e0 9h49 ; mis \u00e0 jour le 11 avr. 2025&hellip;\n","protected":false},"author":2,"featured_media":17274,"comment_status":"","ping_status":"","sticky":false,"template":"","format":"standard","meta":{"footnotes":""},"categories":[1889],"tags":[1111,11,2430,1777,674,1011,27,2428,4047,12,625,25,104,5787],"class_list":{"0":"post-17273","1":"post","2":"type-post","3":"status-publish","4":"format-standard","5":"has-post-thumbnail","7":"category-lyon","8":"tag-actu","9":"tag-actualites","10":"tag-auvergne-rhone-alpes","11":"tag-eu","12":"tag-europe","13":"tag-fr","14":"tag-france","15":"tag-lyon","16":"tag-metro","17":"tag-news","18":"tag-ratp","19":"tag-republique-francaise","20":"tag-societe","21":"tag-transports-en-commun-lyonnais-tcl"},"share_on_mastodon":{"url":"https:\/\/pubeurope.com\/@fr\/114319334244362317","error":""},"_links":{"self":[{"href":"https:\/\/www.europesays.com\/fr\/wp-json\/wp\/v2\/posts\/17273","targetHints":{"allow":["GET"]}}],"collection":[{"href":"https:\/\/www.europesays.com\/fr\/wp-json\/wp\/v2\/posts"}],"about":[{"href":"https:\/\/www.europesays.com\/fr\/wp-json\/wp\/v2\/types\/post"}],"author":[{"embeddable":true,"href":"https:\/\/www.europesays.com\/fr\/wp-json\/wp\/v2\/users\/2"}],"replies":[{"embeddable":true,"href":"https:\/\/www.europesays.com\/fr\/wp-json\/wp\/v2\/comments?post=17273"}],"version-history":[{"count":0,"href":"https:\/\/www.europesays.com\/fr\/wp-json\/wp\/v2\/posts\/17273\/revisions"}],"wp:featuredmedia":[{"embeddable":true,"href":"https:\/\/www.europesays.com\/fr\/wp-json\/wp\/v2\/media\/17274"}],"wp:attachment":[{"href":"https:\/\/www.europesays.com\/fr\/wp-json\/wp\/v2\/media?parent=17273"}],"wp:term":[{"taxonomy":"category","embeddable":true,"href":"https:\/\/www.europesays.com\/fr\/wp-json\/wp\/v2\/categories?post=17273"},{"taxonomy":"post_tag","embeddable":true,"href":"https:\/\/www.europesays.com\/fr\/wp-json\/wp\/v2\/tags?post=17273"}],"curies":[{"name":"wp","href":"https:\/\/api.w.org\/{rel}","templated":true}]}}