{"id":172745,"date":"2025-06-13T06:56:13","date_gmt":"2025-06-13T06:56:13","guid":{"rendered":"https:\/\/www.europesays.com\/fr\/172745\/"},"modified":"2025-06-13T06:56:13","modified_gmt":"2025-06-13T06:56:13","slug":"nos-idees-sorties-du-week-end-des-20-21-et-22-juin-2025-dans-la-loire","status":"publish","type":"post","link":"https:\/\/www.europesays.com\/fr\/172745\/","title":{"rendered":"Nos id\u00e9es sorties du week-end des 20, 21 et 22 juin 2025 dans la Loire"},"content":{"rendered":"<p class=\"is-style-chapo\">Voici la s\u00e9lection de la r\u00e9daction de If Saint-Etienne pour se divertir et s\u2019amuser dans la Loire le week-end prochain, soit les 20, 21 et 22 juin. Une liste d\u2019\u00e9v\u00e9nements, s\u00e9lectionn\u00e9s de mani\u00e8re ind\u00e9pendante et, bien entendu, non-exhaustive.<\/p>\n<p><img loading=\"lazy\" decoding=\"async\" width=\"1024\" height=\"576\" src=\"https:\/\/www.europesays.com\/fr\/wp-content\/uploads\/2025\/06\/Faire_Impression_public-3-1024x576.jpg\" alt=\"\" class=\"wp-image-79674\"  \/><\/p>\n<p>1 \u2013 \u00c7a brasse\u00a0!<\/p>\n<p>La Moisson des Brasseurs est de retour pour sa 14\u00e8me \u00e9dition les 20, et 21 juin prochains. Ce rendez-vous est l\u2019occasion pour le grand public d\u2019aller \u00e0 la rencontre des brasseurs de la r\u00e9gion. Cette ann\u00e9e, une brasserie lig\u00e9rienne participe, la <a href=\"https:\/\/biere-tourisme.fr\/brasserie\/brasseurs-du-sornin\/\" target=\"_blank\" rel=\"noreferrer noopener\">Brasserie du Sornin<\/a>, \u00e0 Pouilly-sous-Charlieu. Elle ouvrira ses portes au public vendredi de 14h \u00e0 17h, et samedi de 9h \u00e0 12h.<\/p>\n<p>2 \u2013 Shopping<\/p>\n<p>La Braderie d\u2019\u00e9t\u00e9 est de retour \u00e0 Saint-Chamond les 20 et 21 juin, de 9h \u00e0 19h. L\u2019implantation principale sera install\u00e9e rue de la r\u00e9publique, \u00e0 partir de la place Dorian, et \u00e9ventuellement certaines rues perpendiculaires. Au programme, deux jours d\u2019animation et de promotions exclusives.<\/p>\n<p>3 \u2013 Artisanat<\/p>\n<p>Samedi 21 et dimanche 22 juin, <a href=\"https:\/\/www.facebook.com\/people\/Les-M%C3%A9cr%C3%A9encres\/100090731441266\/\" target=\"_blank\" rel=\"noreferrer noopener\">Les M\u00e9cr\u00e9encres<\/a> organisent le Salon et march\u00e9 Faire Impression 2025, \u00e0 la Bourse du travail de Saint-Etienne. De 10h \u00e0 19h, les m\u00e9tiers de l\u2019encre et de l\u2019illustration s\u2019exposent. Les visiteurs pourront \u00e9galement participer \u00e0 un atelier s\u00e9rigraphie.<\/p>\n<p>4 \u2013 Grimper<\/p>\n<p>Dimanche 22 juin, la salle <a href=\"https:\/\/www.if-saint-etienne.fr\/culture-loisirs\/a-saint-etienne-climb-up-ouvre-la-voie-aux-grimpeurs\" target=\"_blank\" rel=\"noreferrer noopener\">Climb Up<\/a> de Saint-Etienne organise sa journ\u00e9e portes ouvertes pour faire d\u00e9couvrir l\u2019escalade \u00e0 tous, enfants comme adultes. Au programme\u00a0: parcours aventure, initiation \u00e0 l\u2019escalade de voies, et acc\u00e8s au bloc.<\/p>\n<p>5 \u2013 Bouquiner<\/p>\n<p>Samedi, Montbrison accueille son 7\u00e8me Salon du livre \u00ab\u00a0<a href=\"http:\/\/motsetcouleursdelaloire.fr\/\" target=\"_blank\" rel=\"noreferrer noopener\">Lisons \u00e0 Montbrison<\/a>\u00a0\u00bb \u00e0 la salle de l\u2019Orangerie. Du roman \u00e0 la BD en passant par la science-fiction, le policier et les r\u00e9cits de voyage, tous les styles litt\u00e9raires seront \u00e0 l\u2019honneur, de 10h \u00e0 18h.<\/p>\n","protected":false},"excerpt":{"rendered":"Voici la s\u00e9lection de la r\u00e9daction de If Saint-Etienne pour se divertir et s\u2019amuser dans la Loire le&hellip;\n","protected":false},"author":2,"featured_media":172746,"comment_status":"","ping_status":"","sticky":false,"template":"","format":"standard","meta":{"footnotes":""},"categories":[9653],"tags":[14428,1111,11,2430,1777,674,1011,27,14429,12,14430,25,4001,1669],"class_list":{"0":"post-172745","1":"post","2":"type-post","3":"status-publish","4":"format-standard","5":"has-post-thumbnail","7":"category-saint-etienne","8":"tag-activites-week-end-loire","9":"tag-actu","10":"tag-actualites","11":"tag-auvergne-rhone-alpes","12":"tag-eu","13":"tag-europe","14":"tag-fr","15":"tag-france","16":"tag-idees-sorties-loire","17":"tag-news","18":"tag-recreatif","19":"tag-republique-francaise","20":"tag-saint-etienne","21":"tag-sorties"},"share_on_mastodon":{"url":"https:\/\/pubeurope.com\/@fr\/114674754148199713","error":""},"_links":{"self":[{"href":"https:\/\/www.europesays.com\/fr\/wp-json\/wp\/v2\/posts\/172745","targetHints":{"allow":["GET"]}}],"collection":[{"href":"https:\/\/www.europesays.com\/fr\/wp-json\/wp\/v2\/posts"}],"about":[{"href":"https:\/\/www.europesays.com\/fr\/wp-json\/wp\/v2\/types\/post"}],"author":[{"embeddable":true,"href":"https:\/\/www.europesays.com\/fr\/wp-json\/wp\/v2\/users\/2"}],"replies":[{"embeddable":true,"href":"https:\/\/www.europesays.com\/fr\/wp-json\/wp\/v2\/comments?post=172745"}],"version-history":[{"count":0,"href":"https:\/\/www.europesays.com\/fr\/wp-json\/wp\/v2\/posts\/172745\/revisions"}],"wp:featuredmedia":[{"embeddable":true,"href":"https:\/\/www.europesays.com\/fr\/wp-json\/wp\/v2\/media\/172746"}],"wp:attachment":[{"href":"https:\/\/www.europesays.com\/fr\/wp-json\/wp\/v2\/media?parent=172745"}],"wp:term":[{"taxonomy":"category","embeddable":true,"href":"https:\/\/www.europesays.com\/fr\/wp-json\/wp\/v2\/categories?post=172745"},{"taxonomy":"post_tag","embeddable":true,"href":"https:\/\/www.europesays.com\/fr\/wp-json\/wp\/v2\/tags?post=172745"}],"curies":[{"name":"wp","href":"https:\/\/api.w.org\/{rel}","templated":true}]}}