{"id":17275,"date":"2025-04-11T12:29:10","date_gmt":"2025-04-11T12:29:10","guid":{"rendered":"https:\/\/www.europesays.com\/fr\/17275\/"},"modified":"2025-04-11T12:29:10","modified_gmt":"2025-04-11T12:29:10","slug":"la-pollution-de-lair-a-baisse-de-moitie-en-vingt-ans-en-ile-de-france","status":"publish","type":"post","link":"https:\/\/www.europesays.com\/fr\/17275\/","title":{"rendered":"La pollution de l\u2019air a baiss\u00e9 de moiti\u00e9 en vingt ans en \u00cele-de-France"},"content":{"rendered":"<p>Entre 2005 et 2024, la concentration en particules fines a baiss\u00e9 de 55\u00a0% et celle de dioxyde d\u2019azote de 50\u00a0%, selon\u00a0Airparif, l\u2019association ind\u00e9pendante qui surveille la pollution de l\u2019air en \u00cele-de-France. Il s\u2019agit des polluants les plus nocifs pour la sant\u00e9 humaine.<\/p>\n<p>La pollution de l\u2019air\u00a0causait dans la derni\u00e8re d\u00e9cennie\u00a0une perte moyenne de l\u2019ordre de dix mois d\u2019esp\u00e9rance de vie par adulte et \u00e9tait responsable de 10 \u00e0 20\u00a0% des nouveaux cas de maladies chroniques respiratoires, ainsi que de 5 \u00e0 10\u00a0% des pathologies cardio-vasculaires et m\u00e9taboliques. Le nombre de d\u00e9c\u00e8s pr\u00e9matur\u00e9s li\u00e9s \u00e0 la pollution de l\u2019air a baiss\u00e9 d\u2019un tiers.<\/p>\n<p>Ce r\u00e9sultat a \u00e9t\u00e9 obtenu gr\u00e2ce \u00ab\u00a0une\u00a0<a href=\"https:\/\/www.humanite.fr\/politique\/mairie-de-paris\/a-paris-65-de-oui-pour-vegetaliser-500-rues\" target=\"_blank\" rel=\"noopener\">combinaison de r\u00e9glementations<\/a> et de politiques publiques europ\u00e9ennes, nationales et locales\u00a0\u00bb, affirme Airparif. La nouvelle est \u00e0 prendre au s\u00e9rieux au moment o\u00f9 les normes environnementales sont remises en cause par des propositions de loi port\u00e9es \u00e0 l\u2019Assembl\u00e9e nationale par la droite, l\u2019extr\u00eame droite et m\u00eame par le camp macronien.<\/p>\n<p>La Terre de nos batailles<\/p>\n<p><strong>La justice climatique,<\/strong> c\u2019est notre bataille. Celle qui relie luttes environnementales et sociales pour contrer un syst\u00e8me capitaliste faisant ventre de tout. Du vivant, de la plan\u00e8te, de notre humanit\u00e9.<\/p>\n<p><strong>Il n\u2019y a pas de fatalit\u00e9. <\/strong><\/p>\n<ul class=\"wp-block-list\">\n<li>Nous d\u00e9masquons les manipulations des lobbies. <\/li>\n<li>Nous battons en br\u00e8che les d\u00e9nis climatiques mortif\u00e8res. <\/li>\n<li>Nous mettons en valeur les initiatives visant \u00e0 r\u00e9duire les in\u00e9galit\u00e9s environnementales et les fractures sociales.<\/li>\n<\/ul>\n<p><strong>Soutenez-nous.<\/strong><br \/><a href=\"https:\/\/www.humanite.fr\/lhumanite-cest-vous\" data-type=\"link\" data-id=\"https:\/\/www.humanite.fr\/lhumanite-cest-vous\" target=\"_blank\" rel=\"noopener\">Je veux en savoir plus<\/a><\/p>\n","protected":false},"excerpt":{"rendered":"Entre 2005 et 2024, la concentration en particules fines a baiss\u00e9 de 55\u00a0% et celle de dioxyde d\u2019azote&hellip;\n","protected":false},"author":2,"featured_media":17276,"comment_status":"","ping_status":"","sticky":false,"template":"","format":"standard","meta":{"footnotes":""},"categories":[1592],"tags":[1111,11,436,1777,674,1011,27,662,12,626,5170,25],"class_list":{"0":"post-17275","1":"post","2":"type-post","3":"status-publish","4":"format-standard","5":"has-post-thumbnail","7":"category-ile-de-france","8":"tag-actu","9":"tag-actualites","10":"tag-environnement","11":"tag-eu","12":"tag-europe","13":"tag-fr","14":"tag-france","15":"tag-ile-de-france","16":"tag-news","17":"tag-paris","18":"tag-pollution-de-lair","19":"tag-republique-francaise"},"share_on_mastodon":{"url":"https:\/\/pubeurope.com\/@fr\/114319338041510701","error":""},"_links":{"self":[{"href":"https:\/\/www.europesays.com\/fr\/wp-json\/wp\/v2\/posts\/17275","targetHints":{"allow":["GET"]}}],"collection":[{"href":"https:\/\/www.europesays.com\/fr\/wp-json\/wp\/v2\/posts"}],"about":[{"href":"https:\/\/www.europesays.com\/fr\/wp-json\/wp\/v2\/types\/post"}],"author":[{"embeddable":true,"href":"https:\/\/www.europesays.com\/fr\/wp-json\/wp\/v2\/users\/2"}],"replies":[{"embeddable":true,"href":"https:\/\/www.europesays.com\/fr\/wp-json\/wp\/v2\/comments?post=17275"}],"version-history":[{"count":0,"href":"https:\/\/www.europesays.com\/fr\/wp-json\/wp\/v2\/posts\/17275\/revisions"}],"wp:featuredmedia":[{"embeddable":true,"href":"https:\/\/www.europesays.com\/fr\/wp-json\/wp\/v2\/media\/17276"}],"wp:attachment":[{"href":"https:\/\/www.europesays.com\/fr\/wp-json\/wp\/v2\/media?parent=17275"}],"wp:term":[{"taxonomy":"category","embeddable":true,"href":"https:\/\/www.europesays.com\/fr\/wp-json\/wp\/v2\/categories?post=17275"},{"taxonomy":"post_tag","embeddable":true,"href":"https:\/\/www.europesays.com\/fr\/wp-json\/wp\/v2\/tags?post=17275"}],"curies":[{"name":"wp","href":"https:\/\/api.w.org\/{rel}","templated":true}]}}