{"id":172764,"date":"2025-06-13T07:06:17","date_gmt":"2025-06-13T07:06:17","guid":{"rendered":"https:\/\/www.europesays.com\/fr\/172764\/"},"modified":"2025-06-13T07:06:17","modified_gmt":"2025-06-13T07:06:17","slug":"isere-un-pilote-meurt-dans-le-crash-dun-petit-avion-de-tourisme-pres-de-grenoble","status":"publish","type":"post","link":"https:\/\/www.europesays.com\/fr\/172764\/","title":{"rendered":"Is\u00e8re. Un pilote meurt dans le crash d&rsquo;un petit avion de tourisme pr\u00e8s de Grenoble"},"content":{"rendered":"<p>Un pilote a \u00e9t\u00e9 retrouv\u00e9 mort ce jeudi pr\u00e8s de Grenoble apr\u00e8s le crash de son petit avion de tourisme, dont les causes ne sont pas encore connues, a annonc\u00e9 la pr\u00e9fecture de l&rsquo;Is\u00e8re. Selon les informations du <a href=\"https:\/\/www.ledauphine.com\/faits-divers-justice\/2025\/06\/12\/un-avion-de-tourisme-avec-une-personne-a-son-bord-porte-disparu\" target=\"_blank\" rel=\"nofollow noopener\">Dauphin\u00e9 Lib\u00e9r\u00e9<\/a>, la victime est un homme de 22 ans domicili\u00e9 dans l&rsquo;agglom\u00e9ration grenobloise. \u00ab\u00a0On ignore si c&rsquo;\u00e9tait un pilote chevronn\u00e9 ou novice\u00a0\u00bb, pr\u00e9cise le quotidien.<\/p>\n<p>L&rsquo;appareil, dont il \u00e9tait le seul occupant, avait d\u00e9coll\u00e9 mercredi apr\u00e8s-midi de la base du Versoud, au nord-est de Grenoble, est s&rsquo;est \u00e9cras\u00e9 au sol pr\u00e8s du village de Vif, au sud du chef-lieu de l&rsquo;Is\u00e8re.\u00a0<\/p>\n<p>Ce contenu est bloqu\u00e9 car vous n&rsquo;avez pas accept\u00e9 les cookies et autres traceurs.<\/p>\n<p>En cliquant sur \u00ab J\u2019accepte \u00bb, les cookies et autres traceurs seront d\u00e9pos\u00e9s et vous pourrez visualiser les contenus  (<a href=\"\" class=\"consentModule_policy\" target=\"_blank\" title=\"Consulter la politique de protection des donn\u00e9es du fournisseur\">plus d&rsquo;informations<\/a>).<\/p>\n<p>En cliquant sur \u00ab J\u2019accepte tous les cookies \u00bb, vous autorisez des d\u00e9p\u00f4ts de cookies et autres traceurs pour le stockage de vos donn\u00e9es sur nos sites et applications \u00e0 des fins de personnalisation et de ciblage publicitaire.<\/p>\n<p class=\"consentModule_secondaryText\">Vous gardez la possibilit\u00e9 de retirer votre consentement \u00e0 tout moment en consultant notre <a href=\"https:\/\/www.leprogres.fr\/protection-des-donnees\" target=\"_blank\" title=\"Consulter notre politique de protection des donn\u00e9es\" rel=\"nofollow noopener\">politique de protection des donn\u00e9es<\/a>. <br \/>&#13;<br \/>\n            <a href=\"https:\/\/www.leprogres.fr\/faits-divers-justice\/2025\/06\/12\/javascript:Didomi.notice.show()\" class=\"consentModule_cmp\" rel=\"nofollow noopener\" target=\"_blank\">G\u00e9rer mes choix<\/a>&#13;\n        <\/p>\n<p>&#13;<br \/>\n                        J&rsquo;accepte&#13;<br \/>\n            J&rsquo;accepte tous les cookies&#13;\n        <\/p>\n<p>  Enqu\u00eate ouverte<\/p>\n<p>En l&rsquo;absence du retour de l&rsquo;avion, pr\u00e9vu le soir m\u00eame, une alerte avait \u00e9t\u00e9 d\u00e9clench\u00e9e jeudi matin, donnant lieu \u00e0 des op\u00e9rations de recherches.<\/p>\n<p>Jeudi, \u00ab \u00e0 12 h 45, les d\u00e9bris de l&rsquo;a\u00e9ronef ont \u00e9t\u00e9 localis\u00e9s \u00bb dans le secteur du village de Vif, ainsi qu&rsquo;un corps dont l&rsquo;identit\u00e9 n&rsquo;est pas encore \u00e9tablie, a expliqu\u00e9 la pr\u00e9fecture dans un communiqu\u00e9. Il s&rsquo;agissait d&rsquo;un \u00ab\u00a0petit avion de tourisme\u00a0\u00bb, a-t-elle pr\u00e9cis\u00e9 \u00e0 l&rsquo;AFP. Une enqu\u00eate est ouverte pour d\u00e9terminer les causes du crash, assure la pr\u00e9fecture.<\/p>\n","protected":false},"excerpt":{"rendered":"Un pilote a \u00e9t\u00e9 retrouv\u00e9 mort ce jeudi pr\u00e8s de Grenoble apr\u00e8s le crash de son petit avion&hellip;\n","protected":false},"author":2,"featured_media":172765,"comment_status":"","ping_status":"","sticky":false,"template":"","format":"standard","meta":{"footnotes":""},"categories":[9566],"tags":[119,1111,11,2430,1777,674,274,107,1011,27,329,2731,12,25,2803],"class_list":{"0":"post-172764","1":"post","2":"type-post","3":"status-publish","4":"format-standard","5":"has-post-thumbnail","7":"category-grenoble","8":"tag-accident","9":"tag-actu","10":"tag-actualites","11":"tag-auvergne-rhone-alpes","12":"tag-eu","13":"tag-europe","14":"tag-faits-divers-justice","15":"tag-fil-info","16":"tag-fr","17":"tag-france","18":"tag-france-monde","19":"tag-grenoble","20":"tag-news","21":"tag-republique-francaise","22":"tag-transport"},"share_on_mastodon":{"url":"https:\/\/pubeurope.com\/@fr\/114674793410449770","error":""},"_links":{"self":[{"href":"https:\/\/www.europesays.com\/fr\/wp-json\/wp\/v2\/posts\/172764","targetHints":{"allow":["GET"]}}],"collection":[{"href":"https:\/\/www.europesays.com\/fr\/wp-json\/wp\/v2\/posts"}],"about":[{"href":"https:\/\/www.europesays.com\/fr\/wp-json\/wp\/v2\/types\/post"}],"author":[{"embeddable":true,"href":"https:\/\/www.europesays.com\/fr\/wp-json\/wp\/v2\/users\/2"}],"replies":[{"embeddable":true,"href":"https:\/\/www.europesays.com\/fr\/wp-json\/wp\/v2\/comments?post=172764"}],"version-history":[{"count":0,"href":"https:\/\/www.europesays.com\/fr\/wp-json\/wp\/v2\/posts\/172764\/revisions"}],"wp:featuredmedia":[{"embeddable":true,"href":"https:\/\/www.europesays.com\/fr\/wp-json\/wp\/v2\/media\/172765"}],"wp:attachment":[{"href":"https:\/\/www.europesays.com\/fr\/wp-json\/wp\/v2\/media?parent=172764"}],"wp:term":[{"taxonomy":"category","embeddable":true,"href":"https:\/\/www.europesays.com\/fr\/wp-json\/wp\/v2\/categories?post=172764"},{"taxonomy":"post_tag","embeddable":true,"href":"https:\/\/www.europesays.com\/fr\/wp-json\/wp\/v2\/tags?post=172764"}],"curies":[{"name":"wp","href":"https:\/\/api.w.org\/{rel}","templated":true}]}}