{"id":172776,"date":"2025-06-13T07:12:11","date_gmt":"2025-06-13T07:12:11","guid":{"rendered":"https:\/\/www.europesays.com\/fr\/172776\/"},"modified":"2025-06-13T07:12:11","modified_gmt":"2025-06-13T07:12:11","slug":"faits-de-violences-visant-des-mineurs-au-club-de-loisirs-ultra-cimiez","status":"publish","type":"post","link":"https:\/\/www.europesays.com\/fr\/172776\/","title":{"rendered":"Faits de violences visant des mineurs au Club de loisirs ULTRA CIMIEZ : (\u2026)"},"content":{"rendered":"<p>                    <img loading=\"lazy\" decoding=\"async\" src=\"https:\/\/www.europesays.com\/fr\/wp-content\/uploads\/2025\/06\/554a736bcc7f4d5fb3113a6f543c1f.png\" class=\"img-responsive post-image\" width=\"680\" height=\"510\" alt=\"Faits de violences visant\" title=\"Faits de violences visant des mineurs au Club de loisirs ULTRA CIMIEZ : quatre personnes interpell\u00e9es\"\/><\/p>\n<p class=\"chapo\">Le procureur de la R\u00e9publique de Nice, Damien Martinelli, a annonc\u00e9 dans un communiqu\u00e9 ce jeudi 12 juin 2025 la garde \u00e0 vue de quatre personnes dans le cadre de l\u2019enqu\u00eate pour violences sur mineurs de moins de 15 ans. Les faits concernent des animateurs du club de loisirs ULTRA CIMIEZ \u00e0 Nice, mis en cause apr\u00e8s la diffusion de vid\u00e9os sur les r\u00e9seaux sociaux.<\/p>\n<p>Le 7 mars 2025, plusieurs s\u00e9quences vid\u00e9os (film\u00e9es par une personne semblant \u00eatre un autre animateur de la structure) avaient choqu\u00e9 l\u2019opinion publique. On y voyait notamment des animateurs tirer volontairement des ballons de football \u00e0 la t\u00eate de jeunes enfants ou encore pousser un enfant depuis un muret. Les sc\u00e8nes \u00e9taient film\u00e9es et accompagn\u00e9es de rires audibles, selon le parquet. L\u2019enqu\u00eate, ouverte le 10 mars par le parquet de Nice et confi\u00e9e au Service local de la police judiciaire (SLPJ), a permis d\u2019identifier rapidement plusieurs suspects. Des perquisitions ont men\u00e9 \u00e0 la saisie de vid\u00e9os et documents. Les 11 et 12 juin, trois animateurs et le responsable du centre ont \u00e9t\u00e9 interpell\u00e9s \u00e0 Nice et en Corse. Trois d\u2019entre eux, tous sans ant\u00e9c\u00e9dents judiciaires, seront pr\u00e9sent\u00e9s au tribunal correctionnel. Ils sont poursuivis pour\u00a0: violences sur mineurs de 15 ans par personne ayant autorit\u00e9\u00a0; enregistrement et diffusion d\u2019images de ces violences\u00a0; non-d\u00e9nonciation de mauvais traitements.<br class=\"texte\"\/><br \/>\nHuit enfants ont \u00e9t\u00e9 identifi\u00e9s comme victimes \u00e0 ce stade de la proc\u00e9dure. Le juge des libert\u00e9s sera saisi pour statuer sur un placement sous contr\u00f4le judiciaire, avec interdiction d\u2019exercer toute activit\u00e9 impliquant un contact habituel avec des mineurs.<\/p>\n<p>Visuel de Une\u00a0: illustration \u00a9DR<\/p>\n","protected":false},"excerpt":{"rendered":"Le procureur de la R\u00e9publique de Nice, Damien Martinelli, a annonc\u00e9 dans un communiqu\u00e9 ce jeudi 12 juin&hellip;\n","protected":false},"author":2,"featured_media":172777,"comment_status":"","ping_status":"","sticky":false,"template":"","format":"standard","meta":{"footnotes":""},"categories":[2819],"tags":[1111,11,2408,1777,674,1011,27,12,2401,882,25],"class_list":{"0":"post-172776","1":"post","2":"type-post","3":"status-publish","4":"format-standard","5":"has-post-thumbnail","7":"category-nice","8":"tag-actu","9":"tag-actualites","10":"tag-appels-d","11":"tag-eu","12":"tag-europe","13":"tag-fr","14":"tag-france","15":"tag-news","16":"tag-nice","17":"tag-provence-alpes-cote-dazur","18":"tag-republique-francaise"},"share_on_mastodon":{"url":"https:\/\/pubeurope.com\/@fr\/114674817114208415","error":""},"_links":{"self":[{"href":"https:\/\/www.europesays.com\/fr\/wp-json\/wp\/v2\/posts\/172776","targetHints":{"allow":["GET"]}}],"collection":[{"href":"https:\/\/www.europesays.com\/fr\/wp-json\/wp\/v2\/posts"}],"about":[{"href":"https:\/\/www.europesays.com\/fr\/wp-json\/wp\/v2\/types\/post"}],"author":[{"embeddable":true,"href":"https:\/\/www.europesays.com\/fr\/wp-json\/wp\/v2\/users\/2"}],"replies":[{"embeddable":true,"href":"https:\/\/www.europesays.com\/fr\/wp-json\/wp\/v2\/comments?post=172776"}],"version-history":[{"count":0,"href":"https:\/\/www.europesays.com\/fr\/wp-json\/wp\/v2\/posts\/172776\/revisions"}],"wp:featuredmedia":[{"embeddable":true,"href":"https:\/\/www.europesays.com\/fr\/wp-json\/wp\/v2\/media\/172777"}],"wp:attachment":[{"href":"https:\/\/www.europesays.com\/fr\/wp-json\/wp\/v2\/media?parent=172776"}],"wp:term":[{"taxonomy":"category","embeddable":true,"href":"https:\/\/www.europesays.com\/fr\/wp-json\/wp\/v2\/categories?post=172776"},{"taxonomy":"post_tag","embeddable":true,"href":"https:\/\/www.europesays.com\/fr\/wp-json\/wp\/v2\/tags?post=172776"}],"curies":[{"name":"wp","href":"https:\/\/api.w.org\/{rel}","templated":true}]}}