{"id":172782,"date":"2025-06-13T07:15:19","date_gmt":"2025-06-13T07:15:19","guid":{"rendered":"https:\/\/www.europesays.com\/fr\/172782\/"},"modified":"2025-06-13T07:15:19","modified_gmt":"2025-06-13T07:15:19","slug":"boxe-tautua-dauphin-devant-ses-supporters-a-nantes-sport","status":"publish","type":"post","link":"https:\/\/www.europesays.com\/fr\/172782\/","title":{"rendered":"Boxe. Tautua Dauphin devant ses supporters \u00e0 Nantes . Sport"},"content":{"rendered":"<p>En affrontant le Toulousain Sela\u00ef Tatlot (25\u00a0ans, 8 victoires dont deux avant la limite, un nul, une d\u00e9faite), lors du gala organis\u00e9 par Nantes Pleins Contacts ce vendredi soir 13\u00a0juin 2025 au gymanse du Croissant, Tautua Dauphin (26\u00a0ans, 4 victoires dont deux avant la limite) va disputer ce soir le cinqui\u00e8me combat professionnel de sa carri\u00e8re.<\/p>\n<p>Un combat que le Tahitien du NPC a pr\u00e9par\u00e9 avec un soin tout particulier m\u00eame s\u2019il a d\u00fb, il y a une semaine, faire face \u00e0 un changement d\u2019adversaire.<\/p>\n<p>Objectif\u00a0: un titre <br \/>de champion de France<\/p>\n<p>\u00ab\u00a0L\u2019adversaire pr\u00e9vu initialement a d\u00e9clar\u00e9 forfait \u00e0 cause d\u2019une blessure et il a fallu trouver un rempla\u00e7ant\u00a0\u00bb, explique le boxeur nantais qui, \u00ab\u00a0je suis pr\u00eat physiquement pour tenir la distance\u00a0\u00bb, disputera son premier combat en huit reprises.<\/p>\n<p>Changement d\u2019adversaire mais aussi changement de style pour le super-l\u00e9ger (-63,5 kilos). \u00ab\u00a0Ce sera la premi\u00e8re fois en professionnel que j\u2019affronterai un boxeur gaucher, il a fallu que j\u2019adapte mon entra\u00eenement en cons\u00e9quence\u00a0\u00bb, poursuit <a href=\"https:\/\/nantes.maville.com\/sport\/detail_-boxe.-bartra-gharroumi-et-dauphin-s-imposent-a-saint-nazaire-_52719-6719569_actu.Htm\" target=\"_blank\" rel=\"noopener\">Tautua Dauphin <\/a>qui ne cache pas son objectif \u00e0 moyen terme \u00ab\u00a0d\u00e9crocher un titre de champion de France\u00a0\u00bb.<\/p>\n<p>Driss Gharroumi, le boxeur marocain du Boxing Nazairien, sera lui oppos\u00e9 au V\u00e9n\u00e9zu\u00e9lien Jose Yeguiez (8 victoires, 4 d\u00e9faites).<\/p>\n<p>\u00ab\u00a0Ce sera, apr\u00e8s trois victoires et une d\u00e9faite, son cinqui\u00e8me combat professionnel\u00a0\u00bb, calcule St\u00e9phane Cazeaux l\u2019entra\u00eeneur du Boxing Nazairien, qui note \u00ab\u00a0les gros progr\u00e8s qu\u2019a effectu\u00e9s Driss depuis son arriv\u00e9e au club il y a un an et demi\u00a0\u00bb.<\/p>\n<p>\u00ab\u00a0J\u2019ai bien assimil\u00e9 la boxe pro\u00a0\u00bb assure le boxeur super-moyen (- 76,2 kilos) marocain qui reste sur une victoire exp\u00e9ditive, d\u00e8s la premi\u00e8re reprise, il y a trois mois sur le ring de la Soucoupe.<\/p>\n<p>Quatorze combats amateurs, dont un qui opposera Billal Bennama, vice-champion olympique lors JO de Paris 2024, \u00e0 Ali Maoulana (Nantes Pleins Contacts) encadreront les deux combats professionnels.<\/p>\n<p>D\u00e9but de la r\u00e9union \u00e019\u00a0h, gymnase du Croissant \u00e0 Nantes.<\/p>\n<p>\u00a0<\/p>\n","protected":false},"excerpt":{"rendered":"En affrontant le Toulousain Sela\u00ef Tatlot (25\u00a0ans, 8 victoires dont deux avant la limite, un nul, une d\u00e9faite),&hellip;\n","protected":false},"author":2,"featured_media":172783,"comment_status":"","ping_status":"","sticky":false,"template":"","format":"standard","meta":{"footnotes":""},"categories":[2818],"tags":[1111,11,3809,1465,1777,674,63,1011,27,1792,1922,766,12,2636,25,479,3272,517,1470],"class_list":{"0":"post-172782","1":"post","2":"type-post","3":"status-publish","4":"format-standard","5":"has-post-thumbnail","7":"category-nantes","8":"tag-actu","9":"tag-actualites","10":"tag-ball","11":"tag-basket","12":"tag-eu","13":"tag-europe","14":"tag-football","15":"tag-fr","16":"tag-france","17":"tag-handball","18":"tag-info","19":"tag-nantes","20":"tag-news","21":"tag-pays-de-la-loire","22":"tag-republique-francaise","23":"tag-rugby","24":"tag-saint-nazaire","25":"tag-sport","26":"tag-volley"},"share_on_mastodon":{"url":"https:\/\/pubeurope.com\/@fr\/114674828860806573","error":""},"_links":{"self":[{"href":"https:\/\/www.europesays.com\/fr\/wp-json\/wp\/v2\/posts\/172782","targetHints":{"allow":["GET"]}}],"collection":[{"href":"https:\/\/www.europesays.com\/fr\/wp-json\/wp\/v2\/posts"}],"about":[{"href":"https:\/\/www.europesays.com\/fr\/wp-json\/wp\/v2\/types\/post"}],"author":[{"embeddable":true,"href":"https:\/\/www.europesays.com\/fr\/wp-json\/wp\/v2\/users\/2"}],"replies":[{"embeddable":true,"href":"https:\/\/www.europesays.com\/fr\/wp-json\/wp\/v2\/comments?post=172782"}],"version-history":[{"count":0,"href":"https:\/\/www.europesays.com\/fr\/wp-json\/wp\/v2\/posts\/172782\/revisions"}],"wp:featuredmedia":[{"embeddable":true,"href":"https:\/\/www.europesays.com\/fr\/wp-json\/wp\/v2\/media\/172783"}],"wp:attachment":[{"href":"https:\/\/www.europesays.com\/fr\/wp-json\/wp\/v2\/media?parent=172782"}],"wp:term":[{"taxonomy":"category","embeddable":true,"href":"https:\/\/www.europesays.com\/fr\/wp-json\/wp\/v2\/categories?post=172782"},{"taxonomy":"post_tag","embeddable":true,"href":"https:\/\/www.europesays.com\/fr\/wp-json\/wp\/v2\/tags?post=172782"}],"curies":[{"name":"wp","href":"https:\/\/api.w.org\/{rel}","templated":true}]}}