{"id":17279,"date":"2025-04-11T12:31:10","date_gmt":"2025-04-11T12:31:10","guid":{"rendered":"https:\/\/www.europesays.com\/fr\/17279\/"},"modified":"2025-04-11T12:31:10","modified_gmt":"2025-04-11T12:31:10","slug":"paris-sur-les-champs-elysees-une-celebre-maison-de-cafe-marocaine-prepare-son-ouverture","status":"publish","type":"post","link":"https:\/\/www.europesays.com\/fr\/17279\/","title":{"rendered":"Paris :sur les Champs-\u00c9lys\u00e9es, une c\u00e9l\u00e8bre maison de caf\u00e9 marocaine pr\u00e9pare son ouverture"},"content":{"rendered":"<p>            Par<br \/>\n        <strong><br \/>\n            <a href=\"https:\/\/actu.fr\/auteur\/ines-cussac-actu-fr\" title=\"Consulter tous les articles de In\u00e8s Cussac\" target=\"_blank\" rel=\"noopener\">In\u00e8s Cussac<\/a><br \/>\n        <\/strong><\/p>\n<p>        Publi\u00e9 le<\/p>\n<p>            11 avr. 2025 \u00e0 14h11        <\/p>\n<p>Amateurs et passionn\u00e9s de caf\u00e9, de l\u2019art de vivre marocain ou de la culture orientale\u2026 Le rendez-vous est donn\u00e9 sur <a href=\"https:\/\/actu.fr\/tag\/champs-elysees\" target=\"_blank\" rel=\"noopener\">l\u2019avenue des Champs-\u00c9lys\u00e9es<\/a>, au num\u00e9ro\u00a026, pour d\u00e9couvrir le nouvel \u00e9crin de <strong>la c\u00e9l\u00e8bre maison de caf\u00e9 Bacha Coffee<\/strong>. L\u2019institution marocaine implante son premier flagship europ\u00e9en le 17\u00a0avril 2025 \u00e0 Paris. Tel un palais tir\u00e9 des contes des mille et une nuits \u00e0 Marrakech, l\u2019esth\u00e9tique de l\u2019\u00e9tablissement veut \u00eatre une invitation au voyage.<\/p>\n<p>L\u2019ancien cin\u00e9ma UGC Normandie transform\u00e9<\/p>\n<p class=\" wall-content\">Bacha Coffee a d\u00e9bours\u00e9 pr\u00e8s de 22\u00a0millions d\u2019euros pour transformer cet immense local de 2\u2009000\u00a0m\u00e8tres carr\u00e9s install\u00e9 <strong>dans la galerie liant l\u2019avenue \u00e0 la rue de Ponthieu<\/strong> tout juste r\u00e9nov\u00e9e par l\u2019architecte Franklin Azzi. C\u2019est \u00e0 ce dernier que l\u2019on doit notamment <a href=\"https:\/\/actu.fr\/ile-de-france\/l-hay-les-roses_94038\/travaux-de-la-ligne-14-du-metro-la-ratp-annonce-que-cette-rue-de-l-hay-les-roses-reste-fermee_60466603.html\" target=\"_blank\" rel=\"noopener\">la gare de m\u00e9tro de L\u2019Ha\u00ff-les-Roses<\/a>. Avec un d\u00e9cor \u00e0 la fois somptueux et contemporain, le sp\u00e9cialiste du caf\u00e9 calque son style \u00e0 celui du mus\u00e9e des Confluences, le nouveau nom <strong>du palais Dar el Bacha<\/strong>. C\u2019est l\u00e0, en 1910 \u00e0 Marrakech, qu\u2019est n\u00e9e l\u2019enseigne.<\/p>\n<p class=\" wall-content\"><a href=\"https:\/\/www.instagram.com\/p\/DIRFtaeSWsN\/embed\" title=\"Ouvrir le lien sur Instagram\" target=\"_blank\" rel=\"noopener\">Visualiser le contenu sur Instagram<\/a><\/p>\n<p class=\" wall-content\">Du palais install\u00e9 aux portes de la m\u00e9dina marrakchie \u00e0 la fameuse art\u00e8re parisienne, Bacha Coffee compte bien transporter ses clients en une gorg\u00e9e de caf\u00e9 100\u2009% Arabica. Pas moins de<strong> 200 vari\u00e9t\u00e9s venant de 35 pays du monde<\/strong> seront propos\u00e9es sur une carte pr\u00e9sentant aussi de quoi d\u00e9guster un petit-d\u00e9jeuner, un d\u00e9jeuner et un d\u00eener.<\/p>\n<p class=\" wall-content\">Avant d\u2019ouvrir son vaisseau amiral dans la capitale fran\u00e7aise, l\u2019enseigne avait d\u00e9j\u00e0 un pied \u00e0 Paris au sein de la galerie commer\u00e7ante du Ritz. <strong>Dans un petit corner de 4\u00a0m\u00e8tres carr\u00e9s<\/strong>, Bacha Coffee embarquait d\u00e9j\u00e0 les clients du <a href=\"https:\/\/actu.fr\/ile-de-france\/paris_75056\/un-monstre-d-anciennes-employees-du-ritz-paris-accusent-mohamed-al-fayed-d-agressions-sexuelles_61631382.html\" target=\"_blank\" rel=\"noopener\">luxueux h\u00f4tel de la place Vend\u00f4me<\/a>.<\/p>\n<p class=\" wall-content\">Suivez toute l\u2019actualit\u00e9 de vos villes et m\u00e9dias favoris en vous inscrivant \u00e0 <a href=\"https:\/\/moncompte.actu.fr\" title=\"D\u00e9couvez Mon Actu\" rel=\"nofollow noopener\" data-trk=\"{&quot;cta&quot;:{&quot;action&quot;:&quot;https:\\\/\\\/moncompte.actu.fr&quot;,&quot;category&quot;:&quot;mon compte&quot;,&quot;from&quot;:&quot;article footer&quot;,&quot;name&quot;:&quot;Mon actu&quot;,&quot;type&quot;:&quot;cta&quot;}}\" target=\"_blank\">Mon Actu<\/a>.<\/p>\n<ul class=\"ac-article-tag wall-content\">\n<li><a href=\"https:\/\/actu.fr\/tag\/champs-elysees\" data-trk=\"{&quot;cta&quot;:{&quot;action&quot;:&quot;Champs-Elys\\u00e9es&quot;,&quot;category&quot;:&quot;tag&quot;,&quot;from&quot;:&quot;article footer&quot;,&quot;name&quot;:&quot;Champs-Elys\\u00e9es&quot;,&quot;type&quot;:&quot;cta&quot;}}\" target=\"_blank\" rel=\"noopener\">#Champs-Elys\u00e9es<\/a><\/li>\n<li><a href=\"https:\/\/actu.fr\/tag\/commerce\" data-trk=\"{&quot;cta&quot;:{&quot;action&quot;:&quot;Commerce&quot;,&quot;category&quot;:&quot;tag&quot;,&quot;from&quot;:&quot;article footer&quot;,&quot;name&quot;:&quot;Commerce&quot;,&quot;type&quot;:&quot;cta&quot;}}\" target=\"_blank\" rel=\"noopener\">#Commerce<\/a><\/li>\n<\/ul>\n<p>                    <script async src=\"\/\/www.instagram.com\/embed.js\"><\/script><\/p>\n","protected":false},"excerpt":{"rendered":"Par In\u00e8s Cussac Publi\u00e9 le 11 avr. 2025 \u00e0 14h11 Amateurs et passionn\u00e9s de caf\u00e9, de l\u2019art de&hellip;\n","protected":false},"author":2,"featured_media":17280,"comment_status":"","ping_status":"","sticky":false,"template":"","format":"standard","meta":{"footnotes":""},"categories":[1888],"tags":[1111,1928,11,1927,6984,215,1777,674,1011,27,12,1926,626,1925,25,104],"class_list":{"0":"post-17279","1":"post","2":"type-post","3":"status-publish","4":"format-standard","5":"has-post-thumbnail","7":"category-paris","8":"tag-actu","9":"tag-actu-paris","10":"tag-actualites","11":"tag-actualites-paris","12":"tag-champs-elysees","13":"tag-commerce","14":"tag-eu","15":"tag-europe","16":"tag-fr","17":"tag-france","18":"tag-news","19":"tag-news-paris","20":"tag-paris","21":"tag-paris-news","22":"tag-republique-francaise","23":"tag-societe"},"share_on_mastodon":{"url":"https:\/\/pubeurope.com\/@fr\/114319345899393318","error":""},"_links":{"self":[{"href":"https:\/\/www.europesays.com\/fr\/wp-json\/wp\/v2\/posts\/17279","targetHints":{"allow":["GET"]}}],"collection":[{"href":"https:\/\/www.europesays.com\/fr\/wp-json\/wp\/v2\/posts"}],"about":[{"href":"https:\/\/www.europesays.com\/fr\/wp-json\/wp\/v2\/types\/post"}],"author":[{"embeddable":true,"href":"https:\/\/www.europesays.com\/fr\/wp-json\/wp\/v2\/users\/2"}],"replies":[{"embeddable":true,"href":"https:\/\/www.europesays.com\/fr\/wp-json\/wp\/v2\/comments?post=17279"}],"version-history":[{"count":0,"href":"https:\/\/www.europesays.com\/fr\/wp-json\/wp\/v2\/posts\/17279\/revisions"}],"wp:featuredmedia":[{"embeddable":true,"href":"https:\/\/www.europesays.com\/fr\/wp-json\/wp\/v2\/media\/17280"}],"wp:attachment":[{"href":"https:\/\/www.europesays.com\/fr\/wp-json\/wp\/v2\/media?parent=17279"}],"wp:term":[{"taxonomy":"category","embeddable":true,"href":"https:\/\/www.europesays.com\/fr\/wp-json\/wp\/v2\/categories?post=17279"},{"taxonomy":"post_tag","embeddable":true,"href":"https:\/\/www.europesays.com\/fr\/wp-json\/wp\/v2\/tags?post=17279"}],"curies":[{"name":"wp","href":"https:\/\/api.w.org\/{rel}","templated":true}]}}