{"id":172794,"date":"2025-06-13T07:22:09","date_gmt":"2025-06-13T07:22:09","guid":{"rendered":"https:\/\/www.europesays.com\/fr\/172794\/"},"modified":"2025-06-13T07:22:09","modified_gmt":"2025-06-13T07:22:09","slug":"deux-hommes-de-23-et-27-ans-blesses-par-arme-blanche-au-metro-geze-a-marseille","status":"publish","type":"post","link":"https:\/\/www.europesays.com\/fr\/172794\/","title":{"rendered":"Deux hommes de 23 et 27 ans bless\u00e9s par arme blanche au m\u00e9tro G\u00e8ze \u00e0 Marseille"},"content":{"rendered":"<p>Un coup de feu aurait retenti, mais des coups de couteau ont bel et bien \u00e9t\u00e9 distribu\u00e9s jeudi matin au niveau de la gare d&rsquo;\u00e9change du <a href=\"https:\/\/www.laprovence.com\/article\/faits-divers-justice\/125034824302714\/marseille-une-bagarre-a-l-arme-blanche-fait-deux-blesses-de-14-et-16-ans-devant-la-station-de-metro-geze\" target=\"_blank\" rel=\"noopener\">m\u00e9tro G\u00e8ze<\/a>, dans le 15e arrondissement de Marseille.<\/p>\n<p>Deux hommes ont \u00e9t\u00e9 bless\u00e9s par arme blanche et transport\u00e9s \u00e0 l&rsquo;h\u00f4pital, dont l&rsquo;un avec un pronostic vital engag\u00e9.<\/p>\n<p>Les faits se seraient produits un peu apr\u00e8s 8 h 30 ce jeudi, provoquant l&rsquo;\u00e9moi du personnel de la <a href=\"https:\/\/www.laprovence.com\/article\/faits-divers-justice\/3264738527182115\/marseille-trafic-rtm-interrompu-apres-l-agression-d-un-chauffeur-de-bus-a-coups-de-batte-de-baseball\" target=\"_blank\" rel=\"noopener\">RTM<\/a> (R\u00e9gie des transports m\u00e9tropolitains) qui a aussit\u00f4t alert\u00e9 les forces de l&rsquo;ordre et les secours.<\/p>\n<p>Plusieurs individus en fuite<\/p>\n<p>\u00c0 leur arriv\u00e9e sur les lieux, les policiers ont d\u00e9couvert une premi\u00e8re victime, 23 ans, la plus gri\u00e8vement bless\u00e9e, qui gisait au niveau du <a href=\"https:\/\/www.laprovence.com\/article\/faits-divers-justice\/1851200764955214\/il-tranche-le-bras-d-un-vendeur-de-cigarettes-au-marche-aux-puces-a-marseille\" target=\"_blank\" rel=\"noopener\">march\u00e9 aux puces<\/a>, puis une seconde, un homme de 27 ans, qui s&rsquo;\u00e9tait r\u00e9fugi\u00e9 un peu plus loin, <a href=\"https:\/\/www.laprovence.com\/article\/faits-divers-justice\/1384507533228316\/assassinat-rue-de-lyon-a-marseille-la-prefete-saisit-le-procureur-apres-la-diffusion-d-une-video\" target=\"_blank\" rel=\"noopener\">rue de Lyon<\/a>.<\/p>\n<p>Plusieurs individus auraient \u00e9t\u00e9 aper\u00e7us quittant \u00e0 pied et pr\u00e9cipitamment les lieux de l&rsquo;agression.<\/p>\n<p>Les circonstances de cette double agression par arme blanche n&rsquo;ont pas encore \u00e9t\u00e9 clairement \u00e9tablies, une enqu\u00eate est en cours.<\/p>\n","protected":false},"excerpt":{"rendered":"Un coup de feu aurait retenti, mais des coups de couteau ont bel et bien \u00e9t\u00e9 distribu\u00e9s jeudi&hellip;\n","protected":false},"author":2,"featured_media":172795,"comment_status":"","ping_status":"","sticky":false,"template":"","format":"standard","meta":{"footnotes":""},"categories":[2814],"tags":[17,1111,11,10268,8386,4901,4070,1777,674,274,1011,27,1101,884,4047,12,5912,882,25],"class_list":{"0":"post-172794","1":"post","2":"type-post","3":"status-publish","4":"format-standard","5":"has-post-thumbnail","7":"category-marseille","8":"tag-17","9":"tag-actu","10":"tag-actualites","11":"tag-arme","12":"tag-blanche","13":"tag-blesses","14":"tag-deux","15":"tag-eu","16":"tag-europe","17":"tag-faits-divers-justice","18":"tag-fr","19":"tag-france","20":"tag-hommes","21":"tag-marseille","22":"tag-metro","23":"tag-news","24":"tag-par","25":"tag-provence-alpes-cote-dazur","26":"tag-republique-francaise"},"share_on_mastodon":{"url":"https:\/\/pubeurope.com\/@fr\/114674856413066251","error":""},"_links":{"self":[{"href":"https:\/\/www.europesays.com\/fr\/wp-json\/wp\/v2\/posts\/172794","targetHints":{"allow":["GET"]}}],"collection":[{"href":"https:\/\/www.europesays.com\/fr\/wp-json\/wp\/v2\/posts"}],"about":[{"href":"https:\/\/www.europesays.com\/fr\/wp-json\/wp\/v2\/types\/post"}],"author":[{"embeddable":true,"href":"https:\/\/www.europesays.com\/fr\/wp-json\/wp\/v2\/users\/2"}],"replies":[{"embeddable":true,"href":"https:\/\/www.europesays.com\/fr\/wp-json\/wp\/v2\/comments?post=172794"}],"version-history":[{"count":0,"href":"https:\/\/www.europesays.com\/fr\/wp-json\/wp\/v2\/posts\/172794\/revisions"}],"wp:featuredmedia":[{"embeddable":true,"href":"https:\/\/www.europesays.com\/fr\/wp-json\/wp\/v2\/media\/172795"}],"wp:attachment":[{"href":"https:\/\/www.europesays.com\/fr\/wp-json\/wp\/v2\/media?parent=172794"}],"wp:term":[{"taxonomy":"category","embeddable":true,"href":"https:\/\/www.europesays.com\/fr\/wp-json\/wp\/v2\/categories?post=172794"},{"taxonomy":"post_tag","embeddable":true,"href":"https:\/\/www.europesays.com\/fr\/wp-json\/wp\/v2\/tags?post=172794"}],"curies":[{"name":"wp","href":"https:\/\/api.w.org\/{rel}","templated":true}]}}