{"id":172799,"date":"2025-06-13T07:25:12","date_gmt":"2025-06-13T07:25:12","guid":{"rendered":"https:\/\/www.europesays.com\/fr\/172799\/"},"modified":"2025-06-13T07:25:12","modified_gmt":"2025-06-13T07:25:12","slug":"la-victime-identifiee-son-identite-connue","status":"publish","type":"post","link":"https:\/\/www.europesays.com\/fr\/172799\/","title":{"rendered":"la victime identifi\u00e9e, son identit\u00e9 connue"},"content":{"rendered":"<p>            Par<br \/>\n        <strong><br \/>\n            <a href=\"https:\/\/actu.fr\/auteur\/nicolas-zaugra\" title=\"Consulter tous les articles de Nicolas Zaugra\" rel=\"nofollow noopener\" target=\"_blank\">Nicolas Zaugra<\/a><br \/>\n        <\/strong><\/p>\n<p>        Publi\u00e9 le<\/p>\n<p>            13 juin 2025 \u00e0 9h05        <\/p>\n<p>Le <a href=\"https:\/\/actu.fr\/auvergne-rhone-alpes\/villeurbanne_69266\/a-l-entree-de-lyon-dealers-devant-l-ecole-insecurite-ce-quartier-sort-lentement-du-chaos_61656922.html\" rel=\"nofollow noopener\" target=\"_blank\">trafic de drogue<\/a> qui mine la commune de <a href=\"https:\/\/actu.fr\/auvergne-rhone-alpes\/villeurbanne_69266\/pres-de-lyon-des-tirs-font-trois-blesses-dont-un-grave-en-pleine-rue-a-villeurbanne_62684769.html\" rel=\"nofollow noopener\" target=\"_blank\">Villeurbanne<\/a> dans la m\u00e9tropole de <a href=\"https:\/\/actu.fr\/auvergne-rhone-alpes\/lyon_69123\" rel=\"nofollow noopener\" target=\"_blank\">Lyon<\/a> est-il en train d\u2019avoir des cons\u00e9quences bien plus larges ?<\/p>\n<p class=\" wall-content\">C\u2019est la piste suivie par les enqu\u00eateurs de la brigade criminelle de la DCOS (Division de la criminalit\u00e9 organis\u00e9e et sp\u00e9cialis\u00e9e) qui cherchent \u00e0 comprendre les circonstances de la mort d\u2019un homme dont le <a href=\"https:\/\/actu.fr\/faits-divers\/pres-de-lyon-un-corps-retrouve-dans-un-parc-la-piste-d-un-crime-ce-que-l-on-sait_62746273.html\" rel=\"nofollow noopener\" target=\"_blank\">corps a \u00e9t\u00e9 retrouv\u00e9 dans le Grand Parc de Miribel-Jonage<\/a>, entre le canal de Miribel et le lac des Eaux bleues \u00e0 Neyron (Ain) dimanche 8 juin.\u00a0<\/p>\n<p>Un jeune homme connu des services de police originaire du Tonkin<\/p>\n<p class=\" wall-content\">La victime a \u00e9t\u00e9 identifi\u00e9e, selon <a href=\"https:\/\/c.leprogres.fr\/faits-divers-justice\/2025\/06\/13\/le-mort-de-miribel-jonage-est-un-jeune-villeurbannais\" rel=\"nofollow noopener\" target=\"_blank\">Le Progr\u00e8s<\/a> de ce vendredi 13 juin. Il s\u2019agirait d\u2019un homme \u00e2g\u00e9 de 21 ans, connu des services de police, appartenant \u00e0 une <strong>fratrie d\u00e9j\u00e0 impliqu\u00e9e pour trafic de stup\u00e9fiants<\/strong>. Un membre serait actuellement incarc\u00e9r\u00e9 pour ces raisons. La famille de l\u2019homme tu\u00e9 par balles avait signal\u00e9 sa disparition au commissariat de Villeurbanne, inqui\u00e8te de ne plus avoir de nouvelles.<\/p>\n<p class=\" wall-content\">Le jeune homme retrouv\u00e9 mort pr\u00e8s d\u2019un parking du Grand Parc, tr\u00e8s fr\u00e9quent\u00e9 par les habitants de l\u2019agglom\u00e9ration lyonnaise pour s\u2019y promener, est originaire du quartier du <a href=\"https:\/\/actu.fr\/auvergne-rhone-alpes\/villeurbanne_69266\/pres-de-lyon-insecurite-drogue-une-brigade-speciale-arrive-pour-le-tonkin-et-charpennes_61935679.html\" rel=\"nofollow noopener\" target=\"_blank\">Tonkin<\/a> de Villeurbanne.<\/p>\n<p>Enqu\u00eate pour meurtre en bande organis\u00e9e<\/p>\n<p class=\" wall-content\">Un secteur connu pour le trafic de drogue o\u00f9 plusieurs r\u00e8glements de comptes ont eu lieu ces derniers mois. En novembre 2024, <a href=\"https:\/\/actu.fr\/auvergne-rhone-alpes\/villeurbanne_69266\/metropole-de-lyon-un-homme-retrouve-mort-d-une-balle-dans-la-tete-a-villeurbanne_61814833.html\" rel=\"nofollow noopener\" target=\"_blank\">un homme a \u00e9t\u00e9 abattu en pleine rue<\/a> d\u2019une balle dans la t\u00eate dans le quartier.<\/p>\n<p>Vid\u00e9os : en ce moment sur Actu<\/p>\n<p class=\" wall-content\">Une enqu\u00eate a \u00e9t\u00e9 ouverte pour meurtre en bande organis\u00e9e apr\u00e8s la d\u00e9couverte du corps, a indiqu\u00e9 le parquet de Bourg-en-Bresse mardi, selon la procureure Karine Malara. La mort pourrait remonter \u00e0 plusieurs jours avant la d\u00e9couverte du cadavre. Les investigations se poursuivent.<\/p>\n<p class=\" wall-content\">Suivez toute l\u2019actualit\u00e9 de vos villes et m\u00e9dias favoris en vous inscrivant \u00e0 <a href=\"https:\/\/moncompte.actu.fr\" title=\"D\u00e9couvez Mon Actu\" rel=\"nofollow noopener\" data-trk=\"{&quot;cta&quot;:{&quot;action&quot;:&quot;https:\\\/\\\/moncompte.actu.fr&quot;,&quot;category&quot;:&quot;mon compte&quot;,&quot;from&quot;:&quot;article footer&quot;,&quot;name&quot;:&quot;Mon actu&quot;,&quot;type&quot;:&quot;cta&quot;}}\" target=\"_blank\">Mon Actu<\/a>.<\/p>\n","protected":false},"excerpt":{"rendered":"Par Nicolas Zaugra Publi\u00e9 le 13 juin 2025 \u00e0 9h05 Le trafic de drogue qui mine la commune&hellip;\n","protected":false},"author":2,"featured_media":172800,"comment_status":"","ping_status":"","sticky":false,"template":"","format":"standard","meta":{"footnotes":""},"categories":[1889],"tags":[1111,11,2430,1052,1777,674,118,1011,27,2428,777,12,1072,25],"class_list":{"0":"post-172799","1":"post","2":"type-post","3":"status-publish","4":"format-standard","5":"has-post-thumbnail","7":"category-lyon","8":"tag-actu","9":"tag-actualites","10":"tag-auvergne-rhone-alpes","11":"tag-drogue","12":"tag-eu","13":"tag-europe","14":"tag-faits-divers","15":"tag-fr","16":"tag-france","17":"tag-lyon","18":"tag-meurtre","19":"tag-news","20":"tag-police","21":"tag-republique-francaise"},"share_on_mastodon":{"url":"https:\/\/pubeurope.com\/@fr\/114674868088794740","error":""},"_links":{"self":[{"href":"https:\/\/www.europesays.com\/fr\/wp-json\/wp\/v2\/posts\/172799","targetHints":{"allow":["GET"]}}],"collection":[{"href":"https:\/\/www.europesays.com\/fr\/wp-json\/wp\/v2\/posts"}],"about":[{"href":"https:\/\/www.europesays.com\/fr\/wp-json\/wp\/v2\/types\/post"}],"author":[{"embeddable":true,"href":"https:\/\/www.europesays.com\/fr\/wp-json\/wp\/v2\/users\/2"}],"replies":[{"embeddable":true,"href":"https:\/\/www.europesays.com\/fr\/wp-json\/wp\/v2\/comments?post=172799"}],"version-history":[{"count":0,"href":"https:\/\/www.europesays.com\/fr\/wp-json\/wp\/v2\/posts\/172799\/revisions"}],"wp:featuredmedia":[{"embeddable":true,"href":"https:\/\/www.europesays.com\/fr\/wp-json\/wp\/v2\/media\/172800"}],"wp:attachment":[{"href":"https:\/\/www.europesays.com\/fr\/wp-json\/wp\/v2\/media?parent=172799"}],"wp:term":[{"taxonomy":"category","embeddable":true,"href":"https:\/\/www.europesays.com\/fr\/wp-json\/wp\/v2\/categories?post=172799"},{"taxonomy":"post_tag","embeddable":true,"href":"https:\/\/www.europesays.com\/fr\/wp-json\/wp\/v2\/tags?post=172799"}],"curies":[{"name":"wp","href":"https:\/\/api.w.org\/{rel}","templated":true}]}}