{"id":172801,"date":"2025-06-13T07:27:08","date_gmt":"2025-06-13T07:27:08","guid":{"rendered":"https:\/\/www.europesays.com\/fr\/172801\/"},"modified":"2025-06-13T07:27:08","modified_gmt":"2025-06-13T07:27:08","slug":"les-embouteillages-encore-au-dessus-de-la-moyenne-les-routes-de-paris-et-dile-de-france-tres-obstruees","status":"publish","type":"post","link":"https:\/\/www.europesays.com\/fr\/172801\/","title":{"rendered":"Les embouteillages encore au-dessus de la moyenne, les routes de Paris et d&rsquo;\u00cele-de-France tr\u00e8s obstru\u00e9es"},"content":{"rendered":"<p>            Par<br \/>\n        <strong><br \/>\n            <a href=\"https:\/\/actu.fr\/auteur\/redaction-paris\" title=\"Consulter tous les articles de R\u00e9daction Paris\" rel=\"nofollow noopener\" target=\"_blank\">R\u00e9daction Paris<\/a><br \/>\n        <\/strong><\/p>\n<p>        Publi\u00e9 le<\/p>\n<p>            13 juin 2025 \u00e0 8h41        <\/p>\n<p>Les Franciliens ont-ils pr\u00e9vu un d\u00e9part en week-end anticip\u00e9 ? Ou les pannes et accidents sont-ils les seuls responsables du <strong>cumul de bouchons<\/strong> enregistr\u00e9s ce ce vendredi 13 juin 2025 sur les routes de Paris et d\u2019\u00cele-de-France ?\u00a0<\/p>\n<p class=\" wall-content\">Difficile \u00e0 dire mais une chose est certaine : la circulation est difficile. Selon le barom\u00e8tre de <a href=\"https:\/\/www.sytadin.fr\/\" rel=\"nofollow noopener\" target=\"_blank\">Sytadin.fr<\/a>, les embouteillages atteignent, \u00e0 8h25, <strong>240 kilom\u00e8tres<\/strong>.\u00a0\u00c0 titre de comparaison, quand le trafic est fluide, les bouchons se trouvent autour de 150 kilom\u00e8tres.\u00a0<\/p>\n<p class=\" wall-content\">Quelques incidents sont signal\u00e9s sur les routes :\u00a0<\/p>\n<p class=\" wall-content\">\u2013 Des travaux sur la <strong>D910<\/strong> dans le sens province-Paris de pont de S\u00e8vres vers le boulevard p\u00e9riph\u00e9rique de Saint-Cloud. Une voie \u00e0 droite et la bande d\u2019arr\u00eat d\u2019urgence sont ferm\u00e9es.\u00a0<\/p>\n<p class=\" wall-content\">\u2013 Un accident sur le boulevard p\u00e9riph\u00e9rique \u00e0 hauteur de <strong>Charenton<\/strong>.\u00a0<\/p>\n<p>Vid\u00e9os : en ce moment sur Actu<\/p>\n<p class=\" wall-content\">Suivez toute l\u2019actualit\u00e9 de vos villes et m\u00e9dias favoris en vous inscrivant \u00e0 <a href=\"https:\/\/moncompte.actu.fr\" title=\"D\u00e9couvez Mon Actu\" rel=\"nofollow noopener\" data-trk=\"{&quot;cta&quot;:{&quot;action&quot;:&quot;https:\\\/\\\/moncompte.actu.fr&quot;,&quot;category&quot;:&quot;mon compte&quot;,&quot;from&quot;:&quot;article footer&quot;,&quot;name&quot;:&quot;Mon actu&quot;,&quot;type&quot;:&quot;cta&quot;}}\" target=\"_blank\">Mon Actu<\/a>.<\/p>\n","protected":false},"excerpt":{"rendered":"Par R\u00e9daction Paris Publi\u00e9 le 13 juin 2025 \u00e0 8h41 Les Franciliens ont-ils pr\u00e9vu un d\u00e9part en week-end&hellip;\n","protected":false},"author":2,"featured_media":172802,"comment_status":"","ping_status":"","sticky":false,"template":"","format":"standard","meta":{"footnotes":""},"categories":[1592],"tags":[1111,11,3542,1777,674,1011,27,662,12,626,25,104,2803],"class_list":{"0":"post-172801","1":"post","2":"type-post","3":"status-publish","4":"format-standard","5":"has-post-thumbnail","7":"category-ile-de-france","8":"tag-actu","9":"tag-actualites","10":"tag-circulation","11":"tag-eu","12":"tag-europe","13":"tag-fr","14":"tag-france","15":"tag-ile-de-france","16":"tag-news","17":"tag-paris","18":"tag-republique-francaise","19":"tag-societe","20":"tag-transport"},"share_on_mastodon":{"url":"https:\/\/pubeurope.com\/@fr\/114674875995039419","error":""},"_links":{"self":[{"href":"https:\/\/www.europesays.com\/fr\/wp-json\/wp\/v2\/posts\/172801","targetHints":{"allow":["GET"]}}],"collection":[{"href":"https:\/\/www.europesays.com\/fr\/wp-json\/wp\/v2\/posts"}],"about":[{"href":"https:\/\/www.europesays.com\/fr\/wp-json\/wp\/v2\/types\/post"}],"author":[{"embeddable":true,"href":"https:\/\/www.europesays.com\/fr\/wp-json\/wp\/v2\/users\/2"}],"replies":[{"embeddable":true,"href":"https:\/\/www.europesays.com\/fr\/wp-json\/wp\/v2\/comments?post=172801"}],"version-history":[{"count":0,"href":"https:\/\/www.europesays.com\/fr\/wp-json\/wp\/v2\/posts\/172801\/revisions"}],"wp:featuredmedia":[{"embeddable":true,"href":"https:\/\/www.europesays.com\/fr\/wp-json\/wp\/v2\/media\/172802"}],"wp:attachment":[{"href":"https:\/\/www.europesays.com\/fr\/wp-json\/wp\/v2\/media?parent=172801"}],"wp:term":[{"taxonomy":"category","embeddable":true,"href":"https:\/\/www.europesays.com\/fr\/wp-json\/wp\/v2\/categories?post=172801"},{"taxonomy":"post_tag","embeddable":true,"href":"https:\/\/www.europesays.com\/fr\/wp-json\/wp\/v2\/tags?post=172801"}],"curies":[{"name":"wp","href":"https:\/\/api.w.org\/{rel}","templated":true}]}}