{"id":172809,"date":"2025-06-13T07:31:09","date_gmt":"2025-06-13T07:31:09","guid":{"rendered":"https:\/\/www.europesays.com\/fr\/172809\/"},"modified":"2025-06-13T07:31:09","modified_gmt":"2025-06-13T07:31:09","slug":"avec-la-london-tech-week-londres-entend-rivaliser-avec-paris-comme-capitale-europeenne-de-lia","status":"publish","type":"post","link":"https:\/\/www.europesays.com\/fr\/172809\/","title":{"rendered":"Avec la London Tech Week, Londres entend rivaliser avec Paris comme capitale europ\u00e9enne de l\u2019IA"},"content":{"rendered":"<p>C&rsquo;est sous un soleil estival et fort peu britannique que la foule se presse pour p\u00e9n\u00e9trer dans les art\u00e8res g\u00e9antes de l&rsquo;Olympia, immense centre de conf\u00e9rence de l&rsquo;Ouest londonien. 45 000 participants y \u00e9taient attendus pour une semaine rythm\u00e9e de conf\u00e9rences, de pr\u00e9sentations et d&rsquo;annonces autour des nouvelles technologies.<\/p>\n<p>Avec, naturellement, l&rsquo;<a href=\"https:\/\/www.latribune.fr\/la-tribune-dimanche\/dimanche-eco\/intelligence-artificielle-la-revolution-aeronautique-a-commence-1026738.html\" target=\"_blank\" rel=\"noopener\">intelligence artificielle<\/a> en star de l&rsquo;\u00e9v\u00e9nement. L&rsquo;objectif \u00e9tant aussi et surtout, pour le gouvernement britannique et la mairie de <a href=\"https:\/\/www.latribune.fr\/economie\/international\/londres-mise-sur-l-investissement-pour-doper-une-croissance-fragile-1026946.html\" target=\"_blank\" rel=\"noopener\">Londres<\/a>, de vanter l&rsquo;attractivit\u00e9 de la capitale autour de cette technologie de pointe. Et d&rsquo;attirer ainsi les talents et investissements \u00e9trangers (en particulier am\u00e9ricains) pour faire de Londres la capitale europ\u00e9enne de l&rsquo;IA, alors que Paris tient la m\u00eame semaine son propre show avec <a href=\"https:\/\/www.latribune.fr\/technos-medias\/informatique\/emmanuel-macron-transforme-viva-tech-en-marche-de-la-tech-europeenne-1027031.html\" target=\"_blank\" rel=\"noopener\">VivaTech<\/a>. Dans un contexte politique d\u00e9licat, <a href=\"https:\/\/www.latribune.fr\/economie\/international\/defense-et-sante-keir-starmer-presente-un-budget-decisif-pour-l-economie-britannique-1027067.html\" target=\"_blank\" rel=\"noopener\">marqu\u00e9 par une r\u00e9forme budg\u00e9taire difficile<\/a> qui fait son lot de m\u00e9contents, c&rsquo;est aussi l&rsquo;occasion, pour Keir Starmer et son \u00e9quipe, de mettre en place une parenth\u00e8se consensuelle, optimiste et f\u00e9d\u00e9ratrice avant de retourner au travail.<\/p>\n","protected":false},"excerpt":{"rendered":"C&rsquo;est sous un soleil estival et fort peu britannique que la foule se presse pour p\u00e9n\u00e9trer dans les&hellip;\n","protected":false},"author":2,"featured_media":172810,"comment_status":"","ping_status":"","sticky":false,"template":"","format":"standard","meta":{"footnotes":""},"categories":[1888],"tags":[17,11,3396,33,15861,1777,674,1011,27,30783,4534,12,626,25,30734,16033,7680],"class_list":{"0":"post-172809","1":"post","2":"type-post","3":"status-publish","4":"format-standard","5":"has-post-thumbnail","7":"category-paris","8":"tag-17","9":"tag-actualites","10":"tag-avec","11":"tag-economie","12":"tag-entend","13":"tag-eu","14":"tag-europe","15":"tag-fr","16":"tag-france","17":"tag-london","18":"tag-londres","19":"tag-news","20":"tag-paris","21":"tag-republique-francaise","22":"tag-rivaliser","23":"tag-tech","24":"tag-week"},"share_on_mastodon":{"url":"https:\/\/pubeurope.com\/@fr\/114674891643732989","error":""},"_links":{"self":[{"href":"https:\/\/www.europesays.com\/fr\/wp-json\/wp\/v2\/posts\/172809","targetHints":{"allow":["GET"]}}],"collection":[{"href":"https:\/\/www.europesays.com\/fr\/wp-json\/wp\/v2\/posts"}],"about":[{"href":"https:\/\/www.europesays.com\/fr\/wp-json\/wp\/v2\/types\/post"}],"author":[{"embeddable":true,"href":"https:\/\/www.europesays.com\/fr\/wp-json\/wp\/v2\/users\/2"}],"replies":[{"embeddable":true,"href":"https:\/\/www.europesays.com\/fr\/wp-json\/wp\/v2\/comments?post=172809"}],"version-history":[{"count":0,"href":"https:\/\/www.europesays.com\/fr\/wp-json\/wp\/v2\/posts\/172809\/revisions"}],"wp:featuredmedia":[{"embeddable":true,"href":"https:\/\/www.europesays.com\/fr\/wp-json\/wp\/v2\/media\/172810"}],"wp:attachment":[{"href":"https:\/\/www.europesays.com\/fr\/wp-json\/wp\/v2\/media?parent=172809"}],"wp:term":[{"taxonomy":"category","embeddable":true,"href":"https:\/\/www.europesays.com\/fr\/wp-json\/wp\/v2\/categories?post=172809"},{"taxonomy":"post_tag","embeddable":true,"href":"https:\/\/www.europesays.com\/fr\/wp-json\/wp\/v2\/tags?post=172809"}],"curies":[{"name":"wp","href":"https:\/\/api.w.org\/{rel}","templated":true}]}}