{"id":17281,"date":"2025-04-11T12:32:18","date_gmt":"2025-04-11T12:32:18","guid":{"rendered":"https:\/\/www.europesays.com\/fr\/17281\/"},"modified":"2025-04-11T12:32:18","modified_gmt":"2025-04-11T12:32:18","slug":"kate-charlotte-et-louis-pas-de-la-partie-et-cest-pour-une-raison-claire","status":"publish","type":"post","link":"https:\/\/www.europesays.com\/fr\/17281\/","title":{"rendered":"Kate, Charlotte et Louis pas de la partie et c\u2019est pour une raison claire"},"content":{"rendered":"<p>Une jolie soir\u00e9e p\u00e8re-fils ! Mercredi 9 avril, le prince William et son fils a\u00een\u00e9, le prince George, ont assist\u00e9 au quart de finale aller de la Ligue des champions, opposant le PSG \u00e0 Aston Villa, <strong>au Parc des Princes de Paris.<\/strong> Grands supporters du club de football de Birmingham, les deux h\u00e9ritiers de la Couronne britannique<strong> sont apparus tr\u00e8s complices,<\/strong> partageant moments de joie et de tristesse tout au long de la rencontre. Dans les tribunes, William et George \u00e9taient accompagn\u00e9s de Thomas van Straubenzee, ami du prince de Galles et parrain de la princesse Charlotte. En revanche, <strong>le reste de la famille de Galles a brill\u00e9 par son absence.<\/strong><\/p>\n<p>Prince William : \u00ab\u00a0J\u2019ai laiss\u00e9 les deux autres \u00e0 la maison, ils vont s\u00fbrement regarder\u00a0\u00bb<\/p>\n<p>Mais o\u00f9 \u00e9tait donc Kate Middleton, la princesse Charlotte et le prince Louis ? De passage sur la cha\u00eene TNT Sports, le fils de Lady Diana a expliqu\u00e9 que<strong> son \u00e9pouse et ses deux autres enfants avaient choisi de suivre le match \u00e0 la t\u00e9l\u00e9vision.<\/strong> \u00ab\u00a0J\u2019ai laiss\u00e9 les deux autres \u00e0 la maison, <strong>ils vont s\u00fbrement regarder,<\/strong> on verra qui ils soutiennent\u00a0\u00bb, a-t-il d\u00e9clar\u00e9. Kate, Charlotte et Louis ont vraisemblablement pass\u00e9 la soir\u00e9e dans leur maison de campagne Anmer Hall, dans le comt\u00e9 du Norfolk, o\u00f9 la famille passe actuellement ses vacances de P\u00e2ques. \u00c9galement interrog\u00e9 par Hello! Magazine, le prince William a pr\u00e9cis\u00e9 qu\u2019il \u00e9tait important pour lui de passer des moments en t\u00eate \u00e0 t\u00eate avec son fils a\u00een\u00e9. <strong>\u00ab\u00a0C\u2019\u00e9tait tr\u00e8s (&#8230;)<\/p>\n<p><a href=\"https:\/\/www.closermag.fr\/royautes\/william-et-george-a-paris-kate-charlotte-et-louis-pas-de-la-partie-et-cest-pour-une-raison-claire-3536200\" rel=\"nofollow noopener\" target=\"_blank\" data-ylk=\"slk:Lire la suite sur Closer;elm:context_link;itc:0;sec:content-canvas\" class=\"link \">Lire la suite sur Closer<\/a><\/p>\n<p><a href=\"https:\/\/www.closermag.fr\/people\/mes-parents-morts-les-lourdes-confidences-danny-duperey-sur-son-traumatisme-a-8-ans-3536232\" rel=\"nofollow noopener\" target=\"_blank\" data-ylk=\"slk:\u201cMes parents morts\u2026\u201d : les lourdes confidences d\u2019Anny Duperey sur son traumatisme, \u00e0 8 ans;elm:context_link;itc:0;sec:content-canvas\" class=\"link \">\u201cMes parents morts\u2026\u201d : les lourdes confidences d\u2019Anny Duperey sur son traumatisme, \u00e0 8 ans<\/a><br \/><a href=\"https:\/\/www.closermag.fr\/vecu\/temoignage-jai-decouvert-que-mon-amant-me-trompait-quand-il-ma-balance-une-culotte-a-la-figure-3536231\" rel=\"nofollow noopener\" target=\"_blank\" data-ylk=\"slk:T\u00c9MOIGNAGE. \u201cJ\u2019ai d\u00e9couvert que mon amant me trompait quand il m\u2019a balanc\u00e9 une culotte \u00e0 la figure\u201d;elm:context_link;itc:0;sec:content-canvas\" class=\"link \">T\u00c9MOIGNAGE. \u201cJ\u2019ai d\u00e9couvert que mon amant me trompait quand il m\u2019a balanc\u00e9 une culotte \u00e0 la figure\u201d<\/a><br \/><a href=\"https:\/\/www.closermag.fr\/people\/venu-la-pour-biser-franck-dubosc-a-mis-la-honte-de-sa-vie-a-son-fils-de-14-ans-et-il-ne-regrette-rien-3536235\" rel=\"nofollow noopener\" target=\"_blank\" data-ylk=\"slk:\u201cVenu l\u00e0 pour b*iser !\u201d : Franck Dubosc a mis la honte de sa vie \u00e0 son fils de 14 ans et il ne regrette rien;elm:context_link;itc:0;sec:content-canvas\" class=\"link \">\u201cVenu l\u00e0 pour b*iser !\u201d : Franck Dubosc a mis la honte de sa vie \u00e0 son fils de 14 ans et il ne regrette rien<\/a><br \/><a href=\"https:\/\/www.closermag.fr\/people\/coluche-vue-hallucinante-et-nature-luxuriante-a-quoi-ressemblait-sa-maison-en-guadeloupe-3535091\" rel=\"nofollow noopener\" target=\"_blank\" data-ylk=\"slk:Coluche : vue hallucinante et nature luxuriante... A quoi ressemblait sa maison en Guadeloupe ?;elm:context_link;itc:0;sec:content-canvas\" class=\"link \">Coluche : vue hallucinante et nature luxuriante&#8230; A quoi ressemblait sa maison en Guadeloupe ?<\/a><br \/><a href=\"https:\/\/www.closermag.fr\/vecu\/alpes-maritimes-une-fillette-de-6-ans-promene-son-chien-elle-le-voit-mourir-dans-un-bain-de-sang-3536236\" rel=\"nofollow noopener\" target=\"_blank\" data-ylk=\"slk:Alpes-Maritimes : une fillette de 6 ans prom\u00e8ne son chien, elle le voit mourir dans un bain de sang;elm:context_link;itc:0;sec:content-canvas\" class=\"link \">Alpes-Maritimes : une fillette de 6 ans prom\u00e8ne son chien, elle le voit mourir dans un bain de sang<\/a><\/p>\n<p><\/strong><\/p>\n","protected":false},"excerpt":{"rendered":"Une jolie soir\u00e9e p\u00e8re-fils ! Mercredi 9 avril, le prince William et son fils a\u00een\u00e9, le prince George,&hellip;\n","protected":false},"author":2,"featured_media":17282,"comment_status":"","ping_status":"","sticky":false,"template":"","format":"standard","meta":{"footnotes":""},"categories":[1888],"tags":[1111,1928,11,1927,1777,674,1011,27,6986,5858,447,12,1926,626,1925,6987,3936,6985,25],"class_list":{"0":"post-17281","1":"post","2":"type-post","3":"status-publish","4":"format-standard","5":"has-post-thumbnail","7":"category-paris","8":"tag-actu","9":"tag-actu-paris","10":"tag-actualites","11":"tag-actualites-paris","12":"tag-eu","13":"tag-europe","14":"tag-fr","15":"tag-france","16":"tag-heritiers-de-la-couronne","17":"tag-kate-middleton","18":"tag-ligue-des-champions","19":"tag-news","20":"tag-news-paris","21":"tag-paris","22":"tag-paris-news","23":"tag-prince-george","24":"tag-prince-william","25":"tag-princesse-charlotte","26":"tag-republique-francaise"},"share_on_mastodon":{"url":"https:\/\/pubeurope.com\/@fr\/114319349763689894","error":""},"_links":{"self":[{"href":"https:\/\/www.europesays.com\/fr\/wp-json\/wp\/v2\/posts\/17281","targetHints":{"allow":["GET"]}}],"collection":[{"href":"https:\/\/www.europesays.com\/fr\/wp-json\/wp\/v2\/posts"}],"about":[{"href":"https:\/\/www.europesays.com\/fr\/wp-json\/wp\/v2\/types\/post"}],"author":[{"embeddable":true,"href":"https:\/\/www.europesays.com\/fr\/wp-json\/wp\/v2\/users\/2"}],"replies":[{"embeddable":true,"href":"https:\/\/www.europesays.com\/fr\/wp-json\/wp\/v2\/comments?post=17281"}],"version-history":[{"count":0,"href":"https:\/\/www.europesays.com\/fr\/wp-json\/wp\/v2\/posts\/17281\/revisions"}],"wp:featuredmedia":[{"embeddable":true,"href":"https:\/\/www.europesays.com\/fr\/wp-json\/wp\/v2\/media\/17282"}],"wp:attachment":[{"href":"https:\/\/www.europesays.com\/fr\/wp-json\/wp\/v2\/media?parent=17281"}],"wp:term":[{"taxonomy":"category","embeddable":true,"href":"https:\/\/www.europesays.com\/fr\/wp-json\/wp\/v2\/categories?post=17281"},{"taxonomy":"post_tag","embeddable":true,"href":"https:\/\/www.europesays.com\/fr\/wp-json\/wp\/v2\/tags?post=17281"}],"curies":[{"name":"wp","href":"https:\/\/api.w.org\/{rel}","templated":true}]}}