{"id":172813,"date":"2025-06-13T07:35:11","date_gmt":"2025-06-13T07:35:11","guid":{"rendered":"https:\/\/www.europesays.com\/fr\/172813\/"},"modified":"2025-06-13T07:35:11","modified_gmt":"2025-06-13T07:35:11","slug":"sans-paix-en-ukraine-la-nature-est-condamnee-une-representante-de-volodymyr-zelensky-defend-la-biodiversite-a-nice-durant-lunoc","status":"publish","type":"post","link":"https:\/\/www.europesays.com\/fr\/172813\/","title":{"rendered":"\u00ab\u00a0Sans paix en Ukraine, la nature est condamn\u00e9e\u00a0\u00bb: une repr\u00e9sentante de Volodymyr Zelensky d\u00e9fend la biodiversit\u00e9 \u00e0 Nice durant l\u2019Unoc"},"content":{"rendered":"<p>Un dauphin plastique en guise de cadeau diplomatique a tout d\u2019un gentil symbole. Pourtant, l\u2019innocent c\u00e9tac\u00e9 recycl\u00e9 provient d\u2019Ukraine. Du pays en proie \u00e0 la guerre depuis trois ans, il est l\u2019\u00e9missaire de la biodiversit\u00e9 massacr\u00e9e, pollu\u00e9e pour des si\u00e8cles. \u00ab\u00a0Un \u00e9cocide qui ne doit pas rester impuni et m\u00e9connu\u00a0\u00bb, glisse Olha Kuryshko, venue \u00e0 Nice pour le sommet sur l\u2019oc\u00e9an. Repr\u00e9sentante permanente du pr\u00e9sident ukrainien en Crim\u00e9e, elle a r\u00e9pondu aux questions de Nice-Matin.<\/p>\n<p><strong>Qu\u2019attendez-vous de la conf\u00e9rence des Nations-Unies sur l\u2019Oc\u00e9an de Nice (Unoc)?<\/strong><\/p>\n<p>Ce sommet est un grand rassemblement international. L\u2019occasion d\u2019y porter la voix de l\u2019Ukraine, la guerre se jouant aussi sur la sc\u00e8ne diplomatique. Quand la Russie pr\u00e9tend que tout va bien en Crim\u00e9e, qu\u2019on peut aller y passer tranquillement ses vacances, je suis l\u00e0 pour d\u00e9mentir fermement. Leur invasion a d\u00e9truit la r\u00e9gion. Mais parce qu\u2019un jour, une fois la guerre gagn\u00e9e, il faudra la reconstruire, je suis mobilis\u00e9e pour chercher des soutiens scientifiques et financiers. Et aussi rappeler que les conventions internationales sur la protection des espaces marins sont viol\u00e9es par la Russie.<\/p>\n<p><strong>Quelles sont les menaces qui p\u00e8sent sur la biodiversit\u00e9 en mer Noire?<\/strong><\/p>\n<p>Elles sont nombreuses. Tout d\u2019abord, il y a eu l\u2019invasion de f\u00e9vrier 2022. Leurs bombardements, leurs tanks, leurs troupes ont d\u00e9truit des aires prot\u00e9g\u00e9es. J\u2019ai des souvenirs d\u2019enfance dans ces parcs qui \u00e9taient magnifiques. Les animaux ont \u00e9t\u00e9 massacr\u00e9s, la flore contamin\u00e9e. J\u2019ai du mal \u00e0 en parler, \u00e7a me touche beaucoup (long silence). Maintenant, il y a la menace des mines russes, \u00e0 la d\u00e9rive. La TNT qu\u2019elles contiennent est insoluble et pollue durablement la mer. M\u00eame probl\u00e8me avec les \u00e9paves de navires et leur stock de munitions et d\u2019hydrocarbure. Le 15 d\u00e9cembre 2024, deux p\u00e9troliers russes de la flotte fant\u00f4me, violant les restrictions internationales, ont fait naufrage, d\u00e9versant pr\u00e8s de 9.200 tonnes de mazout dans le d\u00e9troit de Kerch, entre la mer d\u2019Azov et la mer Noire.<\/p>\n<p><strong>Il y a aussi eu la destruction du barrage de Kakhovka dans le sud de l\u2019Ukraine, en juin 2023. Pour quelles cons\u00e9quences?<\/strong><\/p>\n<p>En plus de noyer des civils, cette destruction, caus\u00e9e par les Russes, est un \u00e9cocide. Ils ont submerg\u00e9 et pollu\u00e9 des \u00e9cosyst\u00e8mes entiers. C\u2019\u00e9tait le barrage de la r\u00e9serve d\u2019eau de la centrale nucl\u00e9aire de Zaporijia. Des flots charg\u00e9s en m\u00e9taux lourds et en substances toxiques se sont d\u00e9vers\u00e9s dans le fleuve Dniepr, puis la mer Noire. Depuis, la centrale nucl\u00e9aire tourne au ralenti. \u00c0 l\u2019avenir, il n\u2019est pas improbable qu\u2019il y ait plusieurs types d\u2019incidents. C\u2019est une grave menace de contamination.<\/p>\n<p><strong>Quel impact sur les esp\u00e8ces marines?<\/strong><\/p>\n<p>Des taux tr\u00e8s inqui\u00e9tants de substances toxiques ont \u00e9t\u00e9 pr\u00e9lev\u00e9s sur des poissons et des mollusques. Tous les sp\u00e9cimens sont impact\u00e9s. Parmi les plus embl\u00e9matiques, je pense aux dauphins (toutes esp\u00e8ces confondues, ils \u00e9taient pr\u00e8s de 250.000 avant la guerre). Ils sont tu\u00e9s par milliers \u00e0 cause de la pollution mais aussi des sonars des sous-marins qui d\u00e9truisent leur oreille interne.<\/p>\n<p><strong>Avant la guerre, la mer Noire \u00e9tait pill\u00e9e par la p\u00eache industrielle (1). Qu\u2019en est-il aujourd\u2019hui et qu\u2019en sera-t-il demain, apr\u00e8s le conflit?<\/strong><\/p>\n<p>En Crim\u00e9e, il n\u2019y a plus aucun p\u00eacheur, \u00e0 ma connaissance. Ailleurs, l\u2019activit\u00e9 perdure difficilement. La Roumanie, la Bulgarie et la Turquie ont sign\u00e9 un protocole (en janvier 2024) pour lutter contre les mines \u00e0 la d\u00e9rive. Mais aucun texte ne r\u00e9gule la p\u00eache industrielle. Pour \u00ab\u00a0l\u2019apr\u00e8s-conflit\u00a0\u00bb, c\u2019est impossible de se projeter. On ne sait d\u2019ailleurs pas pr\u00e9cis\u00e9ment comment se porte le stock de poissons.<\/p>\n<p><strong>Vous avez des outils pour mesurer ces d\u00e9g\u00e2ts?<\/strong><\/p>\n<p>Les scientifiques travaillent essentiellement sur des images satellitaires. Les relev\u00e9s de terrains seraient trop dangereux. Ils ne peuvent analyser que ce qui arrive sur les c\u00f4tes libres et \u00e9loign\u00e9es des combats. L\u2019\u00e9tude de ces donn\u00e9es a permis la publication d\u2019un livret sur l\u2019\u00e9tat de la mer Noire. Je pr\u00e9sente ce document \u00e0 l\u2019Unoc.<\/p>\n<p><strong>Le budget du pays est focalis\u00e9 sur la guerre. La science est-elle laiss\u00e9e exsangue?<\/strong><\/p>\n<p>Les aides sont r\u00e9duites. Mais un laboratoire reste tr\u00e8s actif \u00e0 Odessa, bien que la plupart des scientifiques, comme le reste de la soci\u00e9t\u00e9 civile, se retrouvent au front. Certains n\u2019y reviennent jamais.<\/p>\n<p><strong>Votre peuple se bat pour sa terre. Mais sera-t-elle encore habitable apr\u00e8s le conflit?<\/strong><\/p>\n<p>J\u2019esp\u00e8re que oui. M\u00eame si certains d\u00e9g\u00e2ts mettent des si\u00e8cles \u00e0 se r\u00e9sorber. C\u2019est une question difficile. Comment remplir des objectifs militaires et respecter l\u2019environnement? L\u2019\u00e9quation semble impossible. La priorit\u00e9, c\u2019est de remporter cette guerre. Tant qu\u2019il y aura la Russie de Poutine, tant que tout le pays ne sera pas libre, la paix ne sera pas acquise. Et sans paix en Ukraine, la nature est condamn\u00e9e. Nous ferons tout pour la sauver.<\/p>\n<p>1. Un rapport de la Commission europ\u00e9enne publi\u00e9 en 2015 alertait que 74% des stocks halieutiques de la mer Noire \u00e9taient surexploit\u00e9s en raison de la p\u00eache ill\u00e9gale et industrielle.<\/p>\n","protected":false},"excerpt":{"rendered":"Un dauphin plastique en guise de cadeau diplomatique a tout d\u2019un gentil symbole. Pourtant, l\u2019innocent c\u00e9tac\u00e9 recycl\u00e9 provient&hellip;\n","protected":false},"author":2,"featured_media":172814,"comment_status":"","ping_status":"","sticky":false,"template":"","format":"standard","meta":{"footnotes":""},"categories":[1590],"tags":[11,10411,436,1777,674,12,220],"class_list":{"0":"post-172813","1":"post","2":"type-post","3":"status-publish","4":"format-standard","5":"has-post-thumbnail","7":"category-ukraine","8":"tag-actualites","9":"tag-conflits","10":"tag-environnement","11":"tag-eu","12":"tag-europe","13":"tag-news","14":"tag-ukraine"},"share_on_mastodon":{"url":"https:\/\/pubeurope.com\/@fr\/114674907529456580","error":""},"_links":{"self":[{"href":"https:\/\/www.europesays.com\/fr\/wp-json\/wp\/v2\/posts\/172813","targetHints":{"allow":["GET"]}}],"collection":[{"href":"https:\/\/www.europesays.com\/fr\/wp-json\/wp\/v2\/posts"}],"about":[{"href":"https:\/\/www.europesays.com\/fr\/wp-json\/wp\/v2\/types\/post"}],"author":[{"embeddable":true,"href":"https:\/\/www.europesays.com\/fr\/wp-json\/wp\/v2\/users\/2"}],"replies":[{"embeddable":true,"href":"https:\/\/www.europesays.com\/fr\/wp-json\/wp\/v2\/comments?post=172813"}],"version-history":[{"count":0,"href":"https:\/\/www.europesays.com\/fr\/wp-json\/wp\/v2\/posts\/172813\/revisions"}],"wp:featuredmedia":[{"embeddable":true,"href":"https:\/\/www.europesays.com\/fr\/wp-json\/wp\/v2\/media\/172814"}],"wp:attachment":[{"href":"https:\/\/www.europesays.com\/fr\/wp-json\/wp\/v2\/media?parent=172813"}],"wp:term":[{"taxonomy":"category","embeddable":true,"href":"https:\/\/www.europesays.com\/fr\/wp-json\/wp\/v2\/categories?post=172813"},{"taxonomy":"post_tag","embeddable":true,"href":"https:\/\/www.europesays.com\/fr\/wp-json\/wp\/v2\/tags?post=172813"}],"curies":[{"name":"wp","href":"https:\/\/api.w.org\/{rel}","templated":true}]}}