{"id":172853,"date":"2025-06-13T07:59:30","date_gmt":"2025-06-13T07:59:30","guid":{"rendered":"https:\/\/www.europesays.com\/fr\/172853\/"},"modified":"2025-06-13T07:59:30","modified_gmt":"2025-06-13T07:59:30","slug":"mikado-a-bout-de-course","status":"publish","type":"post","link":"https:\/\/www.europesays.com\/fr\/172853\/","title":{"rendered":"\u00abMikado\u00bb, \u00e0 bout de course"},"content":{"rendered":"<p>    Publi\u00e9 le 11 juin 2025 \u00e0 14:01. \/ Modifi\u00e9 le 11 juin 2025 \u00e0 18:39.<\/p>\n<p> 2 min. de lecture<\/p>\n<p>Jusqu\u2019o\u00f9 les enfants doivent-ils subir les choix de leurs parents? De cette interrogation, Sidney Lumet avait tir\u00e9 en 1988 A bout de course, un film magnifique dont l\u2019aura n\u2019a fait que cro\u00eetre depuis sa sortie. Il est l\u2019une des sources d\u2019inspirations de Baya Kasmi pour Mikado, comme il le fut d\u00e9j\u00e0 en 2013-2014 pour La Belle Vie (Jean Denizot) et Vie sauvage (C\u00e9dric Kahn). Dans tous ces films, il est question de parents qui ont entra\u00een\u00e9 leurs enfants dans une vie marginale plus \u00ablibre\u00bb mais exigeant d\u2019un autre c\u00f4t\u00e9 vigilance et sacrifices. Jusqu\u2019au jour o\u00f9 l\u2019un des enfants aspire \u00e0 autre chose, r\u00e9v\u00e9lant une injustice qui avait \u00e9chapp\u00e9 \u00e0 ses g\u00e9niteurs.<\/p>\n<p>Dans Mikado, le couple form\u00e9 par Micha\u00ebl (F\u00e9lix Moati) et Laetitia (Vimala Pons) vit depuis des ann\u00e9es sur les routes dans son camping-car. Un \u00e9t\u00e9, dans le Var, une bizarre double panne les am\u00e8ne \u00e0 s\u2019installer quelque temps sur le domaine de Vincent (Ramzy Bedia), un enseignant. Ce qui s\u2019annonce comme une parenth\u00e8se bienvenue dans cette vie nomade commence toutefois \u00e0 bouleverser l\u2019\u00e9quilibre familial d\u00e8s lors que Nuage, leur a\u00een\u00e9e, se prend \u00e0 r\u00eaver d\u2019une vie \u00abnormale\u00bb comme celle de Th\u00e9a, la fille elle aussi adolescente de leur h\u00f4te.<\/p>\n","protected":false},"excerpt":{"rendered":"Publi\u00e9 le 11 juin 2025 \u00e0 14:01. \/ Modifi\u00e9 le 11 juin 2025 \u00e0 18:39. 2 min. de&hellip;\n","protected":false},"author":2,"featured_media":172854,"comment_status":"","ping_status":"","sticky":false,"template":"","format":"standard","meta":{"footnotes":""},"categories":[1354],"tags":[650,58,59,1346,1011,27,1360,301],"class_list":{"0":"post-172853","1":"post","2":"type-post","3":"status-publish","4":"format-standard","5":"has-post-thumbnail","7":"category-films","8":"tag-cinema","9":"tag-divertissement","10":"tag-entertainment","11":"tag-films","12":"tag-fr","13":"tag-france","14":"tag-movies","15":"tag-premium"},"share_on_mastodon":{"url":"https:\/\/pubeurope.com\/@fr\/114675001820029780","error":""},"_links":{"self":[{"href":"https:\/\/www.europesays.com\/fr\/wp-json\/wp\/v2\/posts\/172853","targetHints":{"allow":["GET"]}}],"collection":[{"href":"https:\/\/www.europesays.com\/fr\/wp-json\/wp\/v2\/posts"}],"about":[{"href":"https:\/\/www.europesays.com\/fr\/wp-json\/wp\/v2\/types\/post"}],"author":[{"embeddable":true,"href":"https:\/\/www.europesays.com\/fr\/wp-json\/wp\/v2\/users\/2"}],"replies":[{"embeddable":true,"href":"https:\/\/www.europesays.com\/fr\/wp-json\/wp\/v2\/comments?post=172853"}],"version-history":[{"count":0,"href":"https:\/\/www.europesays.com\/fr\/wp-json\/wp\/v2\/posts\/172853\/revisions"}],"wp:featuredmedia":[{"embeddable":true,"href":"https:\/\/www.europesays.com\/fr\/wp-json\/wp\/v2\/media\/172854"}],"wp:attachment":[{"href":"https:\/\/www.europesays.com\/fr\/wp-json\/wp\/v2\/media?parent=172853"}],"wp:term":[{"taxonomy":"category","embeddable":true,"href":"https:\/\/www.europesays.com\/fr\/wp-json\/wp\/v2\/categories?post=172853"},{"taxonomy":"post_tag","embeddable":true,"href":"https:\/\/www.europesays.com\/fr\/wp-json\/wp\/v2\/tags?post=172853"}],"curies":[{"name":"wp","href":"https:\/\/api.w.org\/{rel}","templated":true}]}}