{"id":172859,"date":"2025-06-13T08:02:13","date_gmt":"2025-06-13T08:02:13","guid":{"rendered":"https:\/\/www.europesays.com\/fr\/172859\/"},"modified":"2025-06-13T08:02:13","modified_gmt":"2025-06-13T08:02:13","slug":"je-suis-desole-paul-mirabel-fait-annuler-son-spectacle-son-etat-de-sante-inquiete","status":"publish","type":"post","link":"https:\/\/www.europesays.com\/fr\/172859\/","title":{"rendered":"\u00ab\u00a0Je suis d\u00e9sol\u00e9\u00a0\u00bb, Paul Mirabel fait annuler son spectacle\u00a0: son \u00e9tat de sant\u00e9 inqui\u00e8te"},"content":{"rendered":"<p>Certains ont fait sa connaissance pour la premi\u00e8re fois lors de sa <strong>participation \u00e0 l&rsquo;\u00e9mission \u00ab\u00a0LOL\u00a0: qui rit, sort\u00a0!\u00a0\u00bb<\/strong> sur Prime Vid\u00e9o. C&rsquo;\u00e9tait en 2023. Lors de cette troisi\u00e8me saison, si <a href=\"https:\/\/www.public.fr\/pierre-niney-cette-scene-quasi-porno-avec-isabelle-ajdani-lerection-en-bonne-et-due-forme\" rel=\"nofollow noopener\" target=\"_blank\">l&rsquo;acteur Pierre Niney<\/a> a remport\u00e9 50\u00a0000\u00a0euros pour l&rsquo;association Robert Debr\u00e9, Paul Mirabel a bien d\u00e9fendu sa place en terminant <strong>deuxi\u00e8me<\/strong>. Pourtant, <a href=\"https:\/\/www.public.fr\/paul-mirabel-se-met-en-scene-dans-la-rue-pour-faire-une-grande-annonce-a-son-public\" rel=\"nofollow noopener\" target=\"_blank\">le jeune homme de 29 ans<\/a> n&rsquo;est <strong>pas un d\u00e9butant<\/strong> et a pr\u00e9sent\u00e9 son premier spectacle, Z\u00e8bre, en 2021. Reconnu par ses pairs, il a m\u00eame d\u00e9croch\u00e9 le <strong>Moli\u00e8re de l&rsquo;humour<\/strong> le 28\u00a0avril dernier \u00e0 Paris.<\/p>\n<p>Par ailleurs, en septembre\u00a02024, <a href=\"https:\/\/www.public.fr\/paul-mirabel-250-000-places-vendues-sa-tournee-deja-complete-jusqua-debut-2026\" rel=\"nofollow noopener\" target=\"_blank\">le Montpelli\u00e9rain<\/a> a fait son grand retour sur les planches. Apr\u00e8s trois ans d&rsquo;absence, il a d\u00e9voil\u00e9 son <strong>nouveau one man show<\/strong> intitul\u00e9 Par amour. \u00ab\u00a0<strong>J\u2019y ai mis tout ce que j\u2019avais dans le ventre<\/strong> (et surtout sur le c\u0153ur) donc j\u2019esp\u00e8re qu\u2019il vous plaira\u00a0\u00bb, avait-il l\u00e2ch\u00e9 sur Instagram. Ainsi, apr\u00e8s plusieurs dates \u00e0 Paris, <a href=\"https:\/\/www.public.fr\/paul-mirabel-revele-avoir-mal-vecu-sa-participation-a-lol-qui-rit-sort-tu-te-prends-des-seaux-de-haine\" rel=\"nofollow noopener\" target=\"_blank\">le joli blond <\/a>aux cheveux mi-longs est parti<strong> en tourn\u00e9e partout en France.<\/strong><\/p>\n<p>Malheureusement, <strong>tout ne se passe pas comme pr\u00e9vu<\/strong> pour lui. En effet, ce 12\u00a0juin, dans la soir\u00e9e, <a href=\"https:\/\/www.public.fr\/paul-mirabel-se-met-en-scene-dans-la-rue-pour-faire-une-grande-annonce-a-son-public\" rel=\"nofollow noopener\" target=\"_blank\">le com\u00e9dien<\/a> s&rsquo;est empar\u00e9 de son compte Instagram pour annoncer <strong>une bien mauvaise nouvelle<\/strong> \u00e0 sa communaut\u00e9 et \u00e0 celles et ceux qui se languissait de le voir sur sc\u00e8ne. Paul Mirabel semble avoir <strong>une baisse de r\u00e9gime <\/strong>et ne s&rsquo;en cache pas.<\/p>\n<p>Paul Mirabel\u00a0: sa tourn\u00e9e en stand-by\u00a0?<\/p>\n<p>Ce 12\u00a0juin, Paul Mirabel s&rsquo;est adress\u00e9 sans chichis \u00e0 ses abonn\u00e9s en story alors qu&rsquo;il \u00e9tait <strong>sur le point de se produire \u00e0 Nancy<\/strong>. Sur un fond noir, le comique quasi trentenaire a annonc\u00e9\u00a0: \u00ab\u00a0Les ami(e)s, <strong>j&rsquo;ai pouss\u00e9 jusqu&rsquo;au bout en esp\u00e9rant que \u00e7a irait mieux<\/strong> et que je pourrai jouer, mais <strong>je suis d\u00e9sol\u00e9 de vous annoncer que mon \u00e9tat de sant\u00e9 ne me permet pas de monter sur sc\u00e8ne<\/strong> et d&rsquo;assurer mon spectacle dans les meilleures conditions ce soir \u00e0 la salle Poirel de Nancy\u00a0\u00bb. Toutefois, ce dernier <strong>n&rsquo;\u00e9voque pas la raison<\/strong> qui l&#8217;emp\u00eache de retrouver son public.<\/p>\n<p>\u00ab\u00a0Je suis <strong>vraiment d\u00e9sol\u00e9<\/strong> car je sais que certain(e)s d&rsquo;entre vous avaient pris leur billet depuis longtemps. Je vous invite \u00e0 vous rapprocher de vos points de vente habituels pour \u00eatre rembours\u00e9s. <strong>Prenez soin de vous<\/strong>\u00ab\u00a0, a-t-il conclu. Alors parviendra-t-il \u00e0 se remettre rapidement\u00a0? <strong>Ce 13\u00a0juin, Paul Mirabel affiche \u00ab\u00a0complet\u00a0\u00bb \u00e0 Saint-Avold <\/strong>en Moselle. C&rsquo;est le cas \u00e9galement, <strong>ce 14\u00a0juin, \u00e0 Mennecy<\/strong> dans l&rsquo;Essonne.<\/p>\n<p><a href=\"https:\/\/www.google.com\/url?sa=t&amp;source=web&amp;rct=j&amp;opi=89978449&amp;url=https:\/\/vsd.fr\/77449-oui-il-y-a-eu-un-couac-muriel-robin-quitte-brutalement-lol-qui-rit-sort-une-autre-star-de-lemission-balance\/&amp;ved=2ahUKEwj_keuZ4u2NAxXcfqQEHXaLBfIQFnoECBUQAQ&amp;usg=AOvVaw19DoLUaTc9T9g2N-kgOvDs\" rel=\"nofollow noopener\" target=\"_blank\">L&rsquo;ancien candidat de \u00ab\u00a0LOL\u00a0\u00bb<\/a> est par ailleurs <strong>cens\u00e9 s&rsquo;envoler pour le Canada<\/strong> dans les prochains jours o\u00f9 il doit pr\u00e9senter son spectacle les 18-19 et 20\u00a0juin avant de partir pour La R\u00e9union, l&rsquo;\u00eele Maurice ou encore le Maroc. <\/p>\n<p><img loading=\"lazy\" decoding=\"async\" width=\"427\" height=\"742\" src=\"data:image\/svg+xml,%3Csvg%20xmlns=\" http:=\"\" alt=\"&quot;Je suis d\u00e9sol\u00e9&quot;, Paul Mirabel fait annuler son spectacle : son \u00e9tat de sant\u00e9 inqui\u00e8te\" data-lazy- data-lazy- data-lazy-src=\"https:\/\/www.europesays.com\/fr\/wp-content\/uploads\/2025\/06\/Capture-decran-2025-06-13-075057.png\"\/><\/p>\n<p>Capture Instagram Paul Mirabel<\/p>\n<p>      Mentionn\u00e9s dans cet article<\/p>\n<p>\u00c0 lire aussi<\/p>\n","protected":false},"excerpt":{"rendered":"Certains ont fait sa connaissance pour la premi\u00e8re fois lors de sa participation \u00e0 l&rsquo;\u00e9mission \u00ab\u00a0LOL\u00a0: qui rit,&hellip;\n","protected":false},"author":2,"featured_media":172860,"comment_status":"","ping_status":"","sticky":false,"template":"","format":"standard","meta":{"footnotes":""},"categories":[8],"tags":[58,59,1011,27,2701,18670,25035,71,4441],"class_list":{"0":"post-172859","1":"post","2":"type-post","3":"status-publish","4":"format-standard","5":"has-post-thumbnail","7":"category-divertissement","8":"tag-divertissement","9":"tag-entertainment","10":"tag-fr","11":"tag-france","12":"tag-humoriste","13":"tag-paul-mirabel","14":"tag-salle-de-spectacle","15":"tag-sante","16":"tag-tournee"},"share_on_mastodon":{"url":"https:\/\/pubeurope.com\/@fr\/114675013740817579","error":""},"_links":{"self":[{"href":"https:\/\/www.europesays.com\/fr\/wp-json\/wp\/v2\/posts\/172859","targetHints":{"allow":["GET"]}}],"collection":[{"href":"https:\/\/www.europesays.com\/fr\/wp-json\/wp\/v2\/posts"}],"about":[{"href":"https:\/\/www.europesays.com\/fr\/wp-json\/wp\/v2\/types\/post"}],"author":[{"embeddable":true,"href":"https:\/\/www.europesays.com\/fr\/wp-json\/wp\/v2\/users\/2"}],"replies":[{"embeddable":true,"href":"https:\/\/www.europesays.com\/fr\/wp-json\/wp\/v2\/comments?post=172859"}],"version-history":[{"count":0,"href":"https:\/\/www.europesays.com\/fr\/wp-json\/wp\/v2\/posts\/172859\/revisions"}],"wp:featuredmedia":[{"embeddable":true,"href":"https:\/\/www.europesays.com\/fr\/wp-json\/wp\/v2\/media\/172860"}],"wp:attachment":[{"href":"https:\/\/www.europesays.com\/fr\/wp-json\/wp\/v2\/media?parent=172859"}],"wp:term":[{"taxonomy":"category","embeddable":true,"href":"https:\/\/www.europesays.com\/fr\/wp-json\/wp\/v2\/categories?post=172859"},{"taxonomy":"post_tag","embeddable":true,"href":"https:\/\/www.europesays.com\/fr\/wp-json\/wp\/v2\/tags?post=172859"}],"curies":[{"name":"wp","href":"https:\/\/api.w.org\/{rel}","templated":true}]}}