{"id":172863,"date":"2025-06-13T08:04:08","date_gmt":"2025-06-13T08:04:08","guid":{"rendered":"https:\/\/www.europesays.com\/fr\/172863\/"},"modified":"2025-06-13T08:04:08","modified_gmt":"2025-06-13T08:04:08","slug":"bpce-soffre-la-quatrieme-banque-portugaise-pour-64-milliards-deuros","status":"publish","type":"post","link":"https:\/\/www.europesays.com\/fr\/172863\/","title":{"rendered":"BPCE s\u2019offre la quatri\u00e8me banque portugaise pour 6,4 milliards d\u2019euros"},"content":{"rendered":"<p>En qu\u00eate de diversification, le groupe bancaire mutualiste acquiert Novo Banco et signe au passage la plus grosse op\u00e9ration transfrontali\u00e8re dans le secteur bancaire depuis dix ans.<\/p>\n<p class=\"fig-paragraph\">C\u2019est, \u00e0 en croire l\u2019entourage de BPCE, \u00abla plus grosse op\u00e9ration transfrontali\u00e8re dans le secteur bancaire au sein de la zone euro depuis plus de dix ans\u00bb. Le groupe bancaire mutualiste, qui chapeaute les r\u00e9seaux Caisse d\u2019\u00c9pargne, Banque populaire et Natixis, acquiert\u00a0<a href=\"http:\/\/www.lefigaro.fr\/societes\/bpce-en-pole-position-pour-racheter-la-quatrieme-banque-portugaise-20250611\" data-fig-type=\"NewsFlash\" data-gtm-custom-categorie=\"navigation\" data-gtm-custom-action=\"crossclick\" data-gtm-custom-label=\"Contextuel\" data-gtm-event=\"customEventSPE\" data-fig-domain=\"LEFIGARO\" target=\"_blank\" rel=\"noopener\">la banque portugaise Novo Banco<\/a>\u00a0pour un montant de 6,4 milliards d\u2019euros, a-t-on appris ce vendredi matin.<\/p>\n<p class=\"fig-paragraph\">Novo Banco est la quatri\u00e8me banque du Portugal, avec 15% de parts du march\u00e9 des entreprises. BPCE se dote ainsi d\u2019un deuxi\u00e8me march\u00e9 domestique dans la banque de d\u00e9tail apr\u00e8s la France. L\u2019acquisition est enti\u00e8rement financ\u00e9e sur les fonds propres du groupe. \u00abC\u2019est une op\u00e9ration extr\u00eamement importante pour BPCE, pour le financement de l\u2019\u00e9conomie europ\u00e9enne et pour la consolidation bancaire en Europe\u00bb, souligne-t-on dans l\u2019entourage de BPCE.<\/p>\n<p class=\"fig-paragraph\">Plus d\u2019informations \u00e0 suivre&#8230;<\/p>\n","protected":false},"excerpt":{"rendered":"En qu\u00eate de diversification, le groupe bancaire mutualiste acquiert Novo Banco et signe au passage la plus grosse&hellip;\n","protected":false},"author":2,"featured_media":172864,"comment_status":"","ping_status":"","sticky":false,"template":"","format":"standard","meta":{"footnotes":""},"categories":[6],"tags":[631,627,630,340,398,30792,35,343,634,405,629,636,33,34,632,638,1011,27,637,399,639,635,401,628,633,407],"class_list":{"0":"post-172863","1":"post","2":"type-post","3":"status-publish","4":"format-standard","5":"has-post-thumbnail","7":"category-economie","8":"tag-action","9":"tag-actions-francaise","10":"tag-actualite-bourse","11":"tag-bourse","12":"tag-bourse-de-paris","13":"tag-bpce","14":"tag-business","15":"tag-cac-40","16":"tag-cotation","17":"tag-cotations","18":"tag-cours-des-societes-francaises","19":"tag-devises","20":"tag-economie","21":"tag-economy","22":"tag-fcp","23":"tag-figaro","24":"tag-fr","25":"tag-france","26":"tag-indices","27":"tag-investissement","28":"tag-le-figaro","29":"tag-marches","30":"tag-sicav","31":"tag-societes-etrangeres","32":"tag-warrant","33":"tag-warrants"},"share_on_mastodon":{"url":"https:\/\/pubeurope.com\/@fr\/114675021507087961","error":""},"_links":{"self":[{"href":"https:\/\/www.europesays.com\/fr\/wp-json\/wp\/v2\/posts\/172863","targetHints":{"allow":["GET"]}}],"collection":[{"href":"https:\/\/www.europesays.com\/fr\/wp-json\/wp\/v2\/posts"}],"about":[{"href":"https:\/\/www.europesays.com\/fr\/wp-json\/wp\/v2\/types\/post"}],"author":[{"embeddable":true,"href":"https:\/\/www.europesays.com\/fr\/wp-json\/wp\/v2\/users\/2"}],"replies":[{"embeddable":true,"href":"https:\/\/www.europesays.com\/fr\/wp-json\/wp\/v2\/comments?post=172863"}],"version-history":[{"count":0,"href":"https:\/\/www.europesays.com\/fr\/wp-json\/wp\/v2\/posts\/172863\/revisions"}],"wp:featuredmedia":[{"embeddable":true,"href":"https:\/\/www.europesays.com\/fr\/wp-json\/wp\/v2\/media\/172864"}],"wp:attachment":[{"href":"https:\/\/www.europesays.com\/fr\/wp-json\/wp\/v2\/media?parent=172863"}],"wp:term":[{"taxonomy":"category","embeddable":true,"href":"https:\/\/www.europesays.com\/fr\/wp-json\/wp\/v2\/categories?post=172863"},{"taxonomy":"post_tag","embeddable":true,"href":"https:\/\/www.europesays.com\/fr\/wp-json\/wp\/v2\/tags?post=172863"}],"curies":[{"name":"wp","href":"https:\/\/api.w.org\/{rel}","templated":true}]}}