{"id":172868,"date":"2025-06-13T08:07:12","date_gmt":"2025-06-13T08:07:12","guid":{"rendered":"https:\/\/www.europesays.com\/fr\/172868\/"},"modified":"2025-06-13T08:07:12","modified_gmt":"2025-06-13T08:07:12","slug":"dix-sept-departements-en-vigilance-orange-ce-vendredi-apres-midi","status":"publish","type":"post","link":"https:\/\/www.europesays.com\/fr\/172868\/","title":{"rendered":"Dix-sept d\u00e9partements en vigilance orange ce vendredi apr\u00e8s-midi"},"content":{"rendered":"<p>A ce stade, la <a href=\"https:\/\/www.20minutes.fr\/dossier\/vigilance_orange\" class=\"color-ultramarine c-link\" target=\"_blank\" rel=\"noopener\">vigilance orange<\/a> pour des <a href=\"https:\/\/www.20minutes.fr\/societe\/orage\/\" class=\"color-ultramarine c-link\" target=\"_blank\" rel=\"noopener\">orages <\/a>concerne huit d\u00e9partements du sud-ouest\u00a0: <a href=\"https:\/\/www.20minutes.fr\/societe\/dordogne\/\" class=\"color-ultramarine c-link\" target=\"_blank\" rel=\"noopener\">Dordogne<\/a>, Haute-Garonne, Gers, <a href=\"https:\/\/www.20minutes.fr\/dossier\/gironde\" class=\"color-ultramarine c-link\" target=\"_blank\" rel=\"noopener\">Gironde<\/a>, Landes, Lot-et-Garonne, Pyr\u00e9n\u00e9es-Atlantiques et Hautes-Pyr\u00e9n\u00e9es. Le nord-ouest ne sera pas \u00e9pargn\u00e9, notamment toute la r\u00e9gion <a href=\"https:\/\/www.20minutes.fr\/dossier\/normandie\" class=\"color-ultramarine c-link\" target=\"_blank\" rel=\"noopener\">Normandie<\/a>, mais aussi la Mayenne, le <a href=\"https:\/\/www.20minutes.fr\/dossier\/pas-de-calais\" class=\"color-ultramarine c-link\" target=\"_blank\" rel=\"noopener\">Pas-de-Calais<\/a>, la Sarthe et la Somme. Le ph\u00e9nom\u00e8ne concernera progressivement ces d\u00e9partements \u00e0 partir de 16 heures.<\/p>\n<p>Sur le nord-ouest, les pr\u00e9visionnistes anticipent, dans l\u2019apr\u00e8s-midi et en soir\u00e9e, de fortes rafales de vent, de l\u2019ordre de 100\u00a0km\/h, localement 110\/120\u00a0km\/h. De fortes pr\u00e9cipitations sont aussi attendues, jusqu\u2019\u00e0 30\/50\u00a0mm en 2 \u00e0 3 heures, ainsi que des chutes de gr\u00eale moyenne \u00e0 grosse.<\/p>\n<p>Des gr\u00ealons \u00ab\u00a0souvent sup\u00e9rieurs \u00e0 2\u00a0cm\u00a0\u00bb<\/p>\n<p>Dans le Sud-Ouest, \u00ab\u00a0de fortes chutes de gr\u00eale (diam\u00e8tre souvent sup\u00e9rieur \u00e0 2\u00a0cm), ainsi que de fortes rafales, de l\u2019ordre de 100\u00a0km\/h localement\u00a0\u00bb, sont attendues par endroits sur l\u2019ouest de l\u2019Occitanie et le sud de la Nouvelle-Aquitaine.<\/p>\n<p class=\"mb-m@xs text-l@xs\">En cliquant sur\u00ab J\u2019accepte \u00bb, vous acceptez le d\u00e9p\u00f4t de cookies par des services externes et aurez ainsi acc\u00e8s aux contenus de nos partenaires.<\/p>\n<p class=\"mb-xl@xs text-s@xs\">Plus d\u2019informations sur la page<a href=\"https:\/\/www.20minutes.fr\/gestion-cookies\" class=\"mx-xxs@xs color-ultramarine\" target=\"_blank\" rel=\"noopener\">Politique de gestion des cookies<\/a><\/p>\n<p>J\u2019accepte<\/p>\n<p>\u00ab\u00a0Sur la Nouvelle-Aquitaine par ailleurs, les cumuls de pluie pourront devenir importants, de l\u2019ordre de 30 \u00e0 50\u00a0mm en une \u00e0 3 heures\u00a0\u00bb, ajoute M\u00e9t\u00e9o-France, pr\u00e9cisant que \u00ab\u00a0l\u2019activit\u00e9 \u00e9lectrique sera intense\u00a0\u00bb.<\/p>\n<p><a href=\"https:\/\/www.20minutes.fr\/societe\/orage\/\" class=\"c-link c-btn c-btn--primary\" target=\"_blank\" rel=\"noopener\">Notre dossier sur les orages<\/a><\/p>\n<p>\u00ab\u00a0Sur les d\u00e9partements limitrophes de ceux plac\u00e9s en vigilance orange, compte tenu des incertitudes inh\u00e9rentes \u00e0 la situation, des ph\u00e9nom\u00e8nes localement violents sont \u00e9galement possibles\u00a0\u00bb, pr\u00e9vient l\u2019agence m\u00e9t\u00e9orologique.<\/p>\n","protected":false},"excerpt":{"rendered":"A ce stade, la vigilance orange pour des orages concerne huit d\u00e9partements du sud-ouest\u00a0: Dordogne, Haute-Garonne, Gers, Gironde,&hellip;\n","protected":false},"author":2,"featured_media":172869,"comment_status":"","ping_status":"","sticky":false,"template":"","format":"standard","meta":{"footnotes":""},"categories":[2],"tags":[11,1011,27,17701,2487,12,4594,52,2119,27202],"class_list":{"0":"post-172868","1":"post","2":"type-post","3":"status-publish","4":"format-standard","5":"has-post-thumbnail","7":"category-actualites","8":"tag-actualites","9":"tag-fr","10":"tag-france","11":"tag-grele","12":"tag-meteo","13":"tag-news","14":"tag-orages","15":"tag-planete","16":"tag-previsions-meteo","17":"tag-vigilance-orange"},"share_on_mastodon":{"url":"https:\/\/pubeurope.com\/@fr\/114675033237151469","error":""},"_links":{"self":[{"href":"https:\/\/www.europesays.com\/fr\/wp-json\/wp\/v2\/posts\/172868","targetHints":{"allow":["GET"]}}],"collection":[{"href":"https:\/\/www.europesays.com\/fr\/wp-json\/wp\/v2\/posts"}],"about":[{"href":"https:\/\/www.europesays.com\/fr\/wp-json\/wp\/v2\/types\/post"}],"author":[{"embeddable":true,"href":"https:\/\/www.europesays.com\/fr\/wp-json\/wp\/v2\/users\/2"}],"replies":[{"embeddable":true,"href":"https:\/\/www.europesays.com\/fr\/wp-json\/wp\/v2\/comments?post=172868"}],"version-history":[{"count":0,"href":"https:\/\/www.europesays.com\/fr\/wp-json\/wp\/v2\/posts\/172868\/revisions"}],"wp:featuredmedia":[{"embeddable":true,"href":"https:\/\/www.europesays.com\/fr\/wp-json\/wp\/v2\/media\/172869"}],"wp:attachment":[{"href":"https:\/\/www.europesays.com\/fr\/wp-json\/wp\/v2\/media?parent=172868"}],"wp:term":[{"taxonomy":"category","embeddable":true,"href":"https:\/\/www.europesays.com\/fr\/wp-json\/wp\/v2\/categories?post=172868"},{"taxonomy":"post_tag","embeddable":true,"href":"https:\/\/www.europesays.com\/fr\/wp-json\/wp\/v2\/tags?post=172868"}],"curies":[{"name":"wp","href":"https:\/\/api.w.org\/{rel}","templated":true}]}}