{"id":17287,"date":"2025-04-11T12:35:08","date_gmt":"2025-04-11T12:35:08","guid":{"rendered":"https:\/\/www.europesays.com\/fr\/17287\/"},"modified":"2025-04-11T12:35:08","modified_gmt":"2025-04-11T12:35:08","slug":"trump-sest-envole-pour-la-russie-pour-rencontrer-poutine-au-milieu-des-tensions-entre-les-etats-unis-et-liran-et-la-chine","status":"publish","type":"post","link":"https:\/\/www.europesays.com\/fr\/17287\/","title":{"rendered":"Trump s&rsquo;est envol\u00e9 pour la Russie pour rencontrer Poutine au milieu des tensions entre les \u00c9tats-Unis et l&rsquo;Iran et la Chine"},"content":{"rendered":"<p class=\"p1\">AKARTA &#8211; L\u2019envoy\u00e9 sp\u00e9cial du pr\u00e9sident am\u00e9ricain Donald Trump, Steve Witkoff, s\u2019est envol\u00e9 pour la Russie vendredi. Witkoff devrait tenir des pourparlers avec le pr\u00e9sident Vladimir Poutine, alors que les tensions am\u00e9ricaines avec leurs proches alli\u00e9s Moscou, l\u2019Iran et la Chine augmentent.<\/p>\n<p class=\"p2\">r\u00e9nal. L\u2019agence de presse Izvestia a publi\u00e9 une vid\u00e9o de Witkoff quittant un h\u00f4tel dans sa deuxi\u00e8me ville russe, Saint-P\u00e9tersbourg, accompagn\u00e9e de Kirill Dmitriev, un envoy\u00e9 d\u2019investissement de Poutine.<\/p>\n<p class=\"p1\">Ruthad Al Jazeera a refus\u00e9 de confirmer si M. Witkoff s\u2019entretiendrait avec Poutine, mais Axios a d\u00e9clar\u00e9 que M. Witkoff et Poutine se rencontreraient.<\/p>\n<p class=\"p1\">Witkoff est apparu comme une figure cl\u00e9 dans la r\u00e9tablissement des relations entre Moscou et Washington au milieu des pourparlers de la Russie sur le potentiel d\u2019investissements conjoints dans l\u2019Arctique et les min\u00e9raux des terres rares de la Russie alors que les deux pays continuent \u00e0 chercher au sujet d\u2019un possible accord de paix en Ukraine.<\/p>\n<p class=\"p2\">Poutine s\u2019est \u00e9galement rendu \u00e0 Saint-P\u00e9tersbourg vendredi pour tenir ce que le Kremlin a appel\u00e9 une r\u00e9union externe importante sur le d\u00e9veloppement de la marine russe, qui est en mouvement pour la modernisation et l\u2019expansion massives.<\/p>\n<p class=\"p3\">si Poutine rencontre Witkoff, lors de sa troisi\u00e8me r\u00e9union de cette ann\u00e9e, cela se produirait \u00e0 un moment o\u00f9 les tensions am\u00e9ricaines avec l\u2019Iran et la Chine &#8211; deux pays qui ont des relations \u00e9troites avec la Russie &#8211; sont tr\u00e8s tendues en raison du programme nucl\u00e9aire de T\u00e9h\u00e9ran et de la guerre commerciale croissante avec P\u00e9kin.<\/p>\n<p class=\"p3\">Witkoff doit se rendre \u00e0 Oman samedi pour pour des pourparlers avec l\u2019Iran sur son programme nucl\u00e9aire apr\u00e8s que Trump a menac\u00e9 T\u00e9h\u00e9ran d\u2019action militaire s\u2019il n\u2019approuve pas l\u2019accord. Moscou a propos\u00e9 \u00e0 plusieurs reprises son aide dans les efforts d\u2019atteindre un r\u00e8glement diplomatique.<\/p>\n<p class=\"p3\">\u00e9ris : les responsables am\u00e9ricains et russes ont tenu jeudi \u00e0 Istanbul pour avoir fait des progr\u00e8s vers la normalisation du travail de leurs missions diplomatiques alors qu\u2019ils commencent \u00e0 reconstruire leurs propres relations bilat\u00e9rales.<\/p>\n<p class=\"p4\">an, le dialogue entre les \u00c9tats-Unis et les Russes visant \u00e0 approuver un cessez-le-feu avant d\u2019un \u00e9ventuel accord de paix pour mettre fin \u00e0 la guerre en Ukraine semble s\u2019\u00eatre arr\u00eat\u00e9 par un d\u00e9saccord autour des exigences d\u2019un cessez-le-feu complet.<\/p>\n<p class=\"p3\">Trump, qui montre des signes de perte de patience, s\u2019est parl\u00e9 de l\u2019imposition de sanctions secondaires aux pays qui ach\u00e8tent du p\u00e9trole russe s\u2019il estime que Moscou retarde l\u2019accord ukrainien.<\/p>\n<p class=\"p3\">Ruth Poutine a rencontr\u00e9 en f\u00e9vrier avec un envoy\u00e9 am\u00e9ricain en volant \u00e0 la maison avec Marc Fidel, un professeur am\u00e9ricain que Washington a d\u00e9sign\u00e9 comme une personne inappropri\u00e9e d\u00e9tenue par la Russie.<\/p>\n<p class=\"p3\">r\u00e9nage russo-am\u00e9ricain Ksenia Karelina, condamn\u00e9e \u00e0 12 ans de prison en Russie, a \u00e9t\u00e9 \u00e9chang\u00e9e jeudi avec Arthur P\u00e9trov, accus\u00e9 par les \u00c9tats-Unis d\u2019\u00e9tablir un r\u00e9seau mondial de trafic de drogue pour diffuser \u00e0 l\u2019arm\u00e9e russe des produits \u00e9lectroniques sensibles \u00e0 l\u2019alcool.<\/p>\n<p class=\"p4\">am\u00e9ricain \u00e9num\u00e8re plusieurs Am\u00e9ricains &#8211; certains de leurs deux ressortissants &#8211; qui sont en prison en Russie, dont Stephen Hubbard, un professeur officiellement d\u00e9clar\u00e9 par Washington comme une personne d\u00e9tenue.<\/p>\n<p>The English, Chinese, Japanese, Arabic, and French versions are automatically generated by the AI. So there may still be inaccuracies in translating, please always see Indonesian as our main language.<br \/>\n                                    (system supported by DigitalSiber.id)<\/p>\n","protected":false},"excerpt":{"rendered":"AKARTA &#8211; L\u2019envoy\u00e9 sp\u00e9cial du pr\u00e9sident am\u00e9ricain Donald Trump, Steve Witkoff, s\u2019est envol\u00e9 pour la Russie vendredi. Witkoff&hellip;\n","protected":false},"author":2,"featured_media":17288,"comment_status":"","ping_status":"","sticky":false,"template":"","format":"standard","meta":{"footnotes":""},"categories":[1591],"tags":[11,6991,6992,6988,1887,12,1885,1886,132,6990,6989],"class_list":{"0":"post-17287","1":"post","2":"type-post","3":"status-publish","4":"format-standard","5":"has-post-thumbnail","7":"category-russie","8":"tag-actualites","9":"tag-alors-que-les-tensions-americaines-avec-leurs-allies-proches-de-moscou","10":"tag-de-liran-et-de-la-chine-augmentent","11":"tag-du-president-americain-donald-trump","12":"tag-federation-de-russie","13":"tag-news","14":"tag-russia","15":"tag-russian-federation","16":"tag-russie","17":"tag-sest-envole-pour-la-russie-vendredi-witkoff-devrait-avoir-des-pourparlers-avec-le-president-vladimir-poutine","18":"tag-steve-witkoff"},"share_on_mastodon":{"url":"https:\/\/pubeurope.com\/@fr\/114319361561756607","error":""},"_links":{"self":[{"href":"https:\/\/www.europesays.com\/fr\/wp-json\/wp\/v2\/posts\/17287","targetHints":{"allow":["GET"]}}],"collection":[{"href":"https:\/\/www.europesays.com\/fr\/wp-json\/wp\/v2\/posts"}],"about":[{"href":"https:\/\/www.europesays.com\/fr\/wp-json\/wp\/v2\/types\/post"}],"author":[{"embeddable":true,"href":"https:\/\/www.europesays.com\/fr\/wp-json\/wp\/v2\/users\/2"}],"replies":[{"embeddable":true,"href":"https:\/\/www.europesays.com\/fr\/wp-json\/wp\/v2\/comments?post=17287"}],"version-history":[{"count":0,"href":"https:\/\/www.europesays.com\/fr\/wp-json\/wp\/v2\/posts\/17287\/revisions"}],"wp:featuredmedia":[{"embeddable":true,"href":"https:\/\/www.europesays.com\/fr\/wp-json\/wp\/v2\/media\/17288"}],"wp:attachment":[{"href":"https:\/\/www.europesays.com\/fr\/wp-json\/wp\/v2\/media?parent=17287"}],"wp:term":[{"taxonomy":"category","embeddable":true,"href":"https:\/\/www.europesays.com\/fr\/wp-json\/wp\/v2\/categories?post=17287"},{"taxonomy":"post_tag","embeddable":true,"href":"https:\/\/www.europesays.com\/fr\/wp-json\/wp\/v2\/tags?post=17287"}],"curies":[{"name":"wp","href":"https:\/\/api.w.org\/{rel}","templated":true}]}}