{"id":172885,"date":"2025-06-13T08:16:10","date_gmt":"2025-06-13T08:16:10","guid":{"rendered":"https:\/\/www.europesays.com\/fr\/172885\/"},"modified":"2025-06-13T08:16:10","modified_gmt":"2025-06-13T08:16:10","slug":"rafales-grele-de-violents-orages-vont-frapper-la-seine-maritime-le-departement-en-vigilance-orange","status":"publish","type":"post","link":"https:\/\/www.europesays.com\/fr\/172885\/","title":{"rendered":"Rafales, gr\u00eale&#8230; De violents orages vont frapper la Seine-Maritime, le d\u00e9partement en vigilance orange"},"content":{"rendered":"<p>            Par<br \/>\n        <strong><br \/>\n            <a href=\"https:\/\/actu.fr\/auteur\/adrien-filoche\" title=\"Consulter tous les articles de Adrien Filoche\" target=\"_blank\" rel=\"noopener\">Adrien Filoche<\/a><br \/>\n        <\/strong><\/p>\n<p>        Publi\u00e9 le<\/p>\n<p>            13 juin 2025 \u00e0 6h51        <\/p>\n<p>Un <strong>\u00e9pisode orageux<\/strong> soutenu va toucher la <a href=\"https:\/\/actu.fr\/normandie\/seine-maritime_76\" target=\"_blank\" rel=\"noopener\">Seine-Maritime<\/a> ce vendredi 13\u00a0juin 2025. <a href=\"https:\/\/actu.fr\/tag\/meteo-france\" target=\"_blank\" rel=\"noopener\">M\u00e9t\u00e9o France<\/a> a plac\u00e9 le d\u00e9partement en<strong> vigilance orange<\/strong> dans son bulletin de suivi publi\u00e9 dans la matin\u00e9e \u00e0 6h02.<\/p>\n<p>Rafales jusqu\u2019\u00e0 120\u00a0km\/h, gr\u00eale, etc.<\/p>\n<p class=\" wall-content\">En d\u00e9but de journ\u00e9e, les orages frapperont les Pays de la Loire et la Bretagne, avant de circuler jusqu\u2019en Normandie \u00e0 partir de l\u2019apr\u00e8s-midi. L\u2019ensemble de la Normandie est d\u2019ailleurs sous le coup de cette vigilance orange. En Seine-Maritime, le plus fort de l\u2019\u00e9v\u00e8nement est pour le moment pr\u00e9vu dans la soir\u00e9e, apr\u00e8s 18 heures.<\/p>\n<p class=\" wall-content\">Au cours de cet \u00e9v\u00e8nement, M\u00e9t\u00e9o France pr\u00e9voit\u2009:<\/p>\n<ul class=\" wall-content\">\n<li>de <strong>puissantes rafales pouvant atteindre les 100\u00a0km\/h<\/strong>, jusqu\u2019\u00e0 120\u00a0km\/h localement\u2009;<\/li>\n<li>des <strong>cumuls de pluie importants<\/strong>, entre 20 et 30\u00a0mm en peu de temps et atteindre localement les 40 \u00e0 50\u00a0mm\u2009;<\/li>\n<li><strong>de la gr\u00eale <\/strong>de taille moyenne \u00e0 localement grosse\u2009;<\/li>\n<li>une <strong>activit\u00e9 \u00e9lectrique importante.<\/strong><\/li>\n<\/ul>\n<p class=\" wall-content\">\n<p class=\" wall-content\">De son c\u00f4t\u00e9, la pr\u00e9fecture de la Seine-Maritime recommande de \u00ab\u2009prendre les pr\u00e9cautions d\u2019usage pour mettre \u00e0 l\u2019abri les objets sensibles au vent\u2009\u00bb, \u00ab\u2009d\u2019\u00e9viter les promenades en for\u00eats et les sorties en montagne\u2009\u00bb, de \u00ab\u2009signaler sans attendre les d\u00e9parts de feux dont vous pourriez \u00eatre t\u00e9moins\u2009\u00bb, et en cas de pluies intenses, \u00ab\u2009de ne descendre en aucun cas dans les sous-sols\u2009\u00bb.<\/p>\n<p>Suivez l\u2019actualit\u00e9 de <a href=\"https:\/\/www.whatsapp.com\/channel\/0029VaKfnf99hXF2ddApFB1D\" target=\"_blank\" rel=\"noopener\">Rouen<\/a> et du\u00a0<a href=\"https:\/\/www.whatsapp.com\/channel\/0029VaFqJYE8aKvLBwVrEe0o\" target=\"_blank\" rel=\"noopener\">Havre<\/a> sur nos cha\u00eenes WhatsApp et sur <a href=\"https:\/\/www.tiktok.com\/@76actu.fr?lang=fr\" target=\"_blank\" rel=\"noopener\">notre compte TikTok<\/a>Vid\u00e9os : en ce moment sur Actu<\/p>\n<p class=\" wall-content\">Suivez toute l\u2019actualit\u00e9 de vos villes et m\u00e9dias favoris en vous inscrivant \u00e0 <a href=\"https:\/\/moncompte.actu.fr\" title=\"D\u00e9couvez Mon Actu\" rel=\"nofollow noopener\" data-trk=\"{&quot;cta&quot;:{&quot;action&quot;:&quot;https:\\\/\\\/moncompte.actu.fr&quot;,&quot;category&quot;:&quot;mon compte&quot;,&quot;from&quot;:&quot;article footer&quot;,&quot;name&quot;:&quot;Mon actu&quot;,&quot;type&quot;:&quot;cta&quot;}}\" target=\"_blank\">Mon Actu<\/a>.<\/p>\n<p>                    <script async src=\"\/\/www.tiktok.com\/embed.js\"><\/script><\/p>\n","protected":false},"excerpt":{"rendered":"Par Adrien Filoche Publi\u00e9 le 13 juin 2025 \u00e0 6h51 Un \u00e9pisode orageux soutenu va toucher la Seine-Maritime&hellip;\n","protected":false},"author":2,"featured_media":172886,"comment_status":"","ping_status":"","sticky":false,"template":"","format":"standard","meta":{"footnotes":""},"categories":[9587],"tags":[1111,11,1777,674,1011,27,2487,2357,12,5161,4594,25,9590],"class_list":{"0":"post-172885","1":"post","2":"type-post","3":"status-publish","4":"format-standard","5":"has-post-thumbnail","7":"category-rouen","8":"tag-actu","9":"tag-actualites","10":"tag-eu","11":"tag-europe","12":"tag-fr","13":"tag-france","14":"tag-meteo","15":"tag-meteo-france","16":"tag-news","17":"tag-normandie","18":"tag-orages","19":"tag-republique-francaise","20":"tag-rouen"},"share_on_mastodon":{"url":"https:\/\/pubeurope.com\/@fr\/114675068940889795","error":""},"_links":{"self":[{"href":"https:\/\/www.europesays.com\/fr\/wp-json\/wp\/v2\/posts\/172885","targetHints":{"allow":["GET"]}}],"collection":[{"href":"https:\/\/www.europesays.com\/fr\/wp-json\/wp\/v2\/posts"}],"about":[{"href":"https:\/\/www.europesays.com\/fr\/wp-json\/wp\/v2\/types\/post"}],"author":[{"embeddable":true,"href":"https:\/\/www.europesays.com\/fr\/wp-json\/wp\/v2\/users\/2"}],"replies":[{"embeddable":true,"href":"https:\/\/www.europesays.com\/fr\/wp-json\/wp\/v2\/comments?post=172885"}],"version-history":[{"count":0,"href":"https:\/\/www.europesays.com\/fr\/wp-json\/wp\/v2\/posts\/172885\/revisions"}],"wp:featuredmedia":[{"embeddable":true,"href":"https:\/\/www.europesays.com\/fr\/wp-json\/wp\/v2\/media\/172886"}],"wp:attachment":[{"href":"https:\/\/www.europesays.com\/fr\/wp-json\/wp\/v2\/media?parent=172885"}],"wp:term":[{"taxonomy":"category","embeddable":true,"href":"https:\/\/www.europesays.com\/fr\/wp-json\/wp\/v2\/categories?post=172885"},{"taxonomy":"post_tag","embeddable":true,"href":"https:\/\/www.europesays.com\/fr\/wp-json\/wp\/v2\/tags?post=172885"}],"curies":[{"name":"wp","href":"https:\/\/api.w.org\/{rel}","templated":true}]}}