{"id":172887,"date":"2025-06-13T08:17:09","date_gmt":"2025-06-13T08:17:09","guid":{"rendered":"https:\/\/www.europesays.com\/fr\/172887\/"},"modified":"2025-06-13T08:17:09","modified_gmt":"2025-06-13T08:17:09","slug":"un-employe-fait-un-malaise-a-cause-de-lodeur","status":"publish","type":"post","link":"https:\/\/www.europesays.com\/fr\/172887\/","title":{"rendered":"un employ\u00e9 fait un malaise \u00e0 cause de l&rsquo;odeur"},"content":{"rendered":"<p>            Par<br \/>\n        <strong><br \/>\n            <a href=\"https:\/\/actu.fr\/auteur\/thomas-rideau\" title=\"Consulter tous les articles de Thomas Rideau\" rel=\"nofollow noopener\" target=\"_blank\">Thomas Rideau<\/a><br \/>\n        <\/strong><\/p>\n<p>        Publi\u00e9 le<\/p>\n<p>            13 juin 2025 \u00e0 9h42        <\/p>\n<p>Dr\u00f4le d\u2019odeur du c\u00f4t\u00e9 du <strong>centre de tri Chronopost<\/strong> de <a href=\"https:\/\/actu.fr\/normandie\/petit-couronne_76497\" rel=\"nofollow noopener\" target=\"_blank\">Petit-Couronne (Seine-Maritime)<\/a>, pr\u00e8s de Rouen. Un employ\u00e9 a \u00e9t\u00e9<strong> victime d\u2019un malaise<\/strong>\u2026 Apr\u00e8s avoir manipul\u00e9 un colis. Les faits ont eu lieu ce jeudi 12\u00a0juin 2025, peu apr\u00e8s 15h.<\/p>\n<p>Les pompiers \u00e9vacuent le b\u00e2timent<\/p>\n<p class=\" wall-content\">D\u2019apr\u00e8s nos informations, le colis en question d\u00e9gageait une mauvaise odeur qui est \u00e0 l\u2019origine du malaise de l\u2019employ\u00e9. Le reste des travailleurs ont d\u2019ailleurs \u00e9t\u00e9 \u00e9vacu\u00e9s le temps de l\u2019intervention des <a href=\"https:\/\/actu.fr\/tag\/pompiers\" rel=\"nofollow noopener\" target=\"_blank\">pompiers<\/a>.<\/p>\n<p class=\" wall-content\">\u00ab\u2009Un colis contenant des \u00e9chantillons de <strong>fermentation de cidre<\/strong>, destin\u00e9 \u00e0 des analyses, a pr\u00e9sent\u00e9 une fuite lors de son traitement sur l\u2019agence Chronopost de Petit-Couronne\u2009\u00bb, r\u00e9sume dans un communiqu\u00e9 le groupe La Poste.<\/p>\n<blockquote class=\"ac-article-quote wall-content\">\n<p>D\u00e8s la d\u00e9tection du probl\u00e8me, les \u00e9quipes du site ont imm\u00e9diatement isol\u00e9 le colis pour proc\u00e9der \u00e0 son reconditionnement. Un collaborateur a ressenti un l\u00e9ger malaise en raison de l\u2019odeur d\u00e9gag\u00e9e par le bidon d\u00e9fectueux<\/p>\n<p>    <strong>La Poste<\/strong>\n            <\/p><\/blockquote>\n<p class=\" wall-content\">Apr\u00e8s l\u2019intervention des services comp\u00e9tents et la mise en s\u00e9curit\u00e9 des lieux, l\u2019activit\u00e9 du site a pu reprendre dans l\u2019apr\u00e8s-midi, pr\u00e9cisent les responsables.<\/p>\n<p>Suivez l\u2019actualit\u00e9 de Rouen <a href=\"https:\/\/www.whatsapp.com\/channel\/0029VaKfnf99hXF2ddApFB1D\" rel=\"nofollow noopener\" target=\"_blank\">sur notre cha\u00eene WhatsApp<\/a> et <a href=\"https:\/\/www.tiktok.com\/@76actu.fr?lang=fr\" rel=\"nofollow noopener\" target=\"_blank\">sur notre compte TikTok<\/a>Vid\u00e9os : en ce moment sur Actu<\/p>\n<p class=\" wall-content\">Suivez toute l\u2019actualit\u00e9 de vos villes et m\u00e9dias favoris en vous inscrivant \u00e0 <a href=\"https:\/\/moncompte.actu.fr\" title=\"D\u00e9couvez Mon Actu\" rel=\"nofollow noopener\" data-trk=\"{&quot;cta&quot;:{&quot;action&quot;:&quot;https:\\\/\\\/moncompte.actu.fr&quot;,&quot;category&quot;:&quot;mon compte&quot;,&quot;from&quot;:&quot;article footer&quot;,&quot;name&quot;:&quot;Mon actu&quot;,&quot;type&quot;:&quot;cta&quot;}}\" target=\"_blank\">Mon Actu<\/a>.<\/p>\n<p>                    <script async src=\"\/\/www.tiktok.com\/embed.js\"><\/script><\/p>\n","protected":false},"excerpt":{"rendered":"Par Thomas Rideau Publi\u00e9 le 13 juin 2025 \u00e0 9h42 Dr\u00f4le d\u2019odeur du c\u00f4t\u00e9 du centre de tri&hellip;\n","protected":false},"author":2,"featured_media":172888,"comment_status":"","ping_status":"","sticky":false,"template":"","format":"standard","meta":{"footnotes":""},"categories":[9587],"tags":[1111,11,1777,674,118,1011,27,1757,12,5161,1311,25,9590],"class_list":{"0":"post-172887","1":"post","2":"type-post","3":"status-publish","4":"format-standard","5":"has-post-thumbnail","7":"category-rouen","8":"tag-actu","9":"tag-actualites","10":"tag-eu","11":"tag-europe","12":"tag-faits-divers","13":"tag-fr","14":"tag-france","15":"tag-insolite","16":"tag-news","17":"tag-normandie","18":"tag-pompiers","19":"tag-republique-francaise","20":"tag-rouen"},"share_on_mastodon":{"url":"https:\/\/pubeurope.com\/@fr\/114675072593155468","error":""},"_links":{"self":[{"href":"https:\/\/www.europesays.com\/fr\/wp-json\/wp\/v2\/posts\/172887","targetHints":{"allow":["GET"]}}],"collection":[{"href":"https:\/\/www.europesays.com\/fr\/wp-json\/wp\/v2\/posts"}],"about":[{"href":"https:\/\/www.europesays.com\/fr\/wp-json\/wp\/v2\/types\/post"}],"author":[{"embeddable":true,"href":"https:\/\/www.europesays.com\/fr\/wp-json\/wp\/v2\/users\/2"}],"replies":[{"embeddable":true,"href":"https:\/\/www.europesays.com\/fr\/wp-json\/wp\/v2\/comments?post=172887"}],"version-history":[{"count":0,"href":"https:\/\/www.europesays.com\/fr\/wp-json\/wp\/v2\/posts\/172887\/revisions"}],"wp:featuredmedia":[{"embeddable":true,"href":"https:\/\/www.europesays.com\/fr\/wp-json\/wp\/v2\/media\/172888"}],"wp:attachment":[{"href":"https:\/\/www.europesays.com\/fr\/wp-json\/wp\/v2\/media?parent=172887"}],"wp:term":[{"taxonomy":"category","embeddable":true,"href":"https:\/\/www.europesays.com\/fr\/wp-json\/wp\/v2\/categories?post=172887"},{"taxonomy":"post_tag","embeddable":true,"href":"https:\/\/www.europesays.com\/fr\/wp-json\/wp\/v2\/tags?post=172887"}],"curies":[{"name":"wp","href":"https:\/\/api.w.org\/{rel}","templated":true}]}}