{"id":172889,"date":"2025-06-13T08:18:09","date_gmt":"2025-06-13T08:18:09","guid":{"rendered":"https:\/\/www.europesays.com\/fr\/172889\/"},"modified":"2025-06-13T08:18:09","modified_gmt":"2025-06-13T08:18:09","slug":"le-procureur-de-la-republique-fait-appel-de-la-condamnation-dimad-tintin","status":"publish","type":"post","link":"https:\/\/www.europesays.com\/fr\/172889\/","title":{"rendered":"le procureur de la R\u00e9publique fait appel de la condamnation d\u2019Imad Tintin"},"content":{"rendered":"<p itemprop=\"description\"><strong>La peine d\u00e9risoire de l\u2019influenceur Imad Tintin n\u2019est pas pass\u00e9e inaper\u00e7ue du c\u00f4t\u00e9 du parquet de Grenoble.<\/strong><\/p>\n<p>Ce mardi 10 juin, l\u2019influenceur alg\u00e9rien Imad Tintin a \u00e9t\u00e9 jug\u00e9 et condamn\u00e9 par le tribunal correctionnel de Grenoble \u00e0 une amende de 450 euros pour \u00ab\u00a0menaces de violence\u00a0\u00bb. Et ce, alors qu\u2019il comparaissait dans un premier temps pour \u00ab\u00a0provocation directe \u00e0 un acte de terrorisme\u00a0\u00bb, suite \u00e0 une vid\u00e9o post\u00e9e sur TikTok dans laquelle il appelait \u00e0\u00a0\u00ab\u00a0br\u00fbler vif, tuer et violer sur le sol fran\u00e7ais\u00a0\u00bb.<\/p>\n<p>Il risquait alors jusqu\u2019\u00e0 sept ans d\u2019emprisonnement. Une autre traduction avait totalement chang\u00e9 le sens des propos de celui qui r\u00e9side aujourd\u2019hui \u00e0 \u00c9chirolles. \u00ab\u00a0Nous les Alg\u00e9riens, nous les gens du sang, nous avons grandi dans le sang (\u2026) on va vous mettre le feu\u00a0\u00bb, aurait-il finalement l\u00e2ch\u00e9 dans cette vid\u00e9o.<\/p>\n<p>Le 23 mai dernier, le procureur de la R\u00e9publique de Grenoble avait demand\u00e9 \u00e0 requalifier les faits en \u00ab\u00a0menace de commettre un crime ou un d\u00e9lit contre les personnes\u00a0\u00bb, pouvant entra\u00eener une peine de six mois d\u2019emprisonnement et 7500 euros d\u2019amende. Mais les juges du tribunal correctionnel en ont d\u00e9cid\u00e9 autrement, en requalifiant une nouvelle fois les faits en \u00ab\u00a0menaces de commettre des violences\u00a0\u00bb.<\/p>\n<p>Insatisfait de la peine attribu\u00e9e \u00e0 l\u2019influenceur, le parquet a d\u00e9clar\u00e9, ce jeudi, faire appel de la condamnation.<\/p>\n","protected":false},"excerpt":{"rendered":"La peine d\u00e9risoire de l\u2019influenceur Imad Tintin n\u2019est pas pass\u00e9e inaper\u00e7ue du c\u00f4t\u00e9 du parquet de Grenoble. Ce&hellip;\n","protected":false},"author":2,"featured_media":172890,"comment_status":"","ping_status":"","sticky":false,"template":"","format":"standard","meta":{"footnotes":""},"categories":[9566],"tags":[1111,11,2813,2190,2430,1109,251,1112,2811,1777,674,118,1011,27,2731,1922,1110,1114,2428,2810,12,241,316,25,2812,517,800],"class_list":{"0":"post-172889","1":"post","2":"type-post","3":"status-publish","4":"format-standard","5":"has-post-thumbnail","7":"category-grenoble","8":"tag-actu","9":"tag-actualites","10":"tag-article","11":"tag-asvel","12":"tag-auvergne-rhone-alpes","13":"tag-breves","14":"tag-culture","15":"tag-depeches","16":"tag-economique","17":"tag-eu","18":"tag-europe","19":"tag-faits-divers","20":"tag-fr","21":"tag-france","22":"tag-grenoble","23":"tag-info","24":"tag-informations","25":"tag-infos","26":"tag-lyon","27":"tag-lyonmag","28":"tag-news","29":"tag-ol","30":"tag-politique","31":"tag-republique-francaise","32":"tag-sociale","33":"tag-sport","34":"tag-transports"},"share_on_mastodon":{"url":"https:\/\/pubeurope.com\/@fr\/114675076593937437","error":""},"_links":{"self":[{"href":"https:\/\/www.europesays.com\/fr\/wp-json\/wp\/v2\/posts\/172889","targetHints":{"allow":["GET"]}}],"collection":[{"href":"https:\/\/www.europesays.com\/fr\/wp-json\/wp\/v2\/posts"}],"about":[{"href":"https:\/\/www.europesays.com\/fr\/wp-json\/wp\/v2\/types\/post"}],"author":[{"embeddable":true,"href":"https:\/\/www.europesays.com\/fr\/wp-json\/wp\/v2\/users\/2"}],"replies":[{"embeddable":true,"href":"https:\/\/www.europesays.com\/fr\/wp-json\/wp\/v2\/comments?post=172889"}],"version-history":[{"count":0,"href":"https:\/\/www.europesays.com\/fr\/wp-json\/wp\/v2\/posts\/172889\/revisions"}],"wp:featuredmedia":[{"embeddable":true,"href":"https:\/\/www.europesays.com\/fr\/wp-json\/wp\/v2\/media\/172890"}],"wp:attachment":[{"href":"https:\/\/www.europesays.com\/fr\/wp-json\/wp\/v2\/media?parent=172889"}],"wp:term":[{"taxonomy":"category","embeddable":true,"href":"https:\/\/www.europesays.com\/fr\/wp-json\/wp\/v2\/categories?post=172889"},{"taxonomy":"post_tag","embeddable":true,"href":"https:\/\/www.europesays.com\/fr\/wp-json\/wp\/v2\/tags?post=172889"}],"curies":[{"name":"wp","href":"https:\/\/api.w.org\/{rel}","templated":true}]}}