{"id":172891,"date":"2025-06-13T08:19:08","date_gmt":"2025-06-13T08:19:08","guid":{"rendered":"https:\/\/www.europesays.com\/fr\/172891\/"},"modified":"2025-06-13T08:19:08","modified_gmt":"2025-06-13T08:19:08","slug":"le-pilote-retrouve-mort-une-enquete-ouverte","status":"publish","type":"post","link":"https:\/\/www.europesays.com\/fr\/172891\/","title":{"rendered":"le pilote retrouv\u00e9 mort, une enqu\u00eate ouverte"},"content":{"rendered":"<p>            Par<br \/>\n        <strong><br \/>\n            <a href=\"https:\/\/actu.fr\/auteur\/redaction-grenoble\" title=\"Consulter tous les articles de R\u00e9daction Grenoble\" rel=\"nofollow noopener\" target=\"_blank\">R\u00e9daction Grenoble<\/a><br \/>\n        <\/strong><\/p>\n<p>        Publi\u00e9 le<\/p>\n<p>            13 juin 2025 \u00e0 9h59        <\/p>\n<p>Un pilote a \u00e9t\u00e9 <strong>retrouv\u00e9 mort<\/strong> ce jeudi 12\u00a0juin pr\u00e8s de <a href=\"https:\/\/actu.fr\/grenoble\/\" rel=\"nofollow noopener\" target=\"_blank\">Grenoble<\/a> apr\u00e8s le <a href=\"https:\/\/actu.fr\/auvergne-rhone-alpes\/le-versoud_38538\/pres-de-grenoble-un-pilote-d-avion-porte-disparu-d-importants-moyens-de-recherche-deployes_62762429.html\" rel=\"nofollow noopener\" target=\"_blank\">crash de son petit avion de tourisme<\/a>, dont les causes ne sont pas encore connues, a annonc\u00e9 la pr\u00e9fecture de l\u2019<a href=\"https:\/\/actu.fr\/auvergne-rhone-alpes\/isere_38\" rel=\"nofollow noopener\" target=\"_blank\">Is\u00e8re<\/a>.<\/p>\n<p class=\" wall-content\">L\u2019appareil, dont il \u00e9tait le seul occupant, avait d\u00e9coll\u00e9 mercredi apr\u00e8s-midi de la base du Versoud, au nord-est de Grenoble, s\u2019est \u00e9cras\u00e9 au sol pr\u00e8s du village de Vif, au sud du chef-lieu de l\u2019Is\u00e8re.<\/p>\n<p>Une enqu\u00eate ouverte<\/p>\n<p class=\" wall-content\">En l\u2019absence du retour de l\u2019avion, pr\u00e9vu le soir m\u00eame, une alerte avait \u00e9t\u00e9 d\u00e9clench\u00e9e jeudi matin, donnant lieu \u00e0 des op\u00e9rations de recherches.<\/p>\n<p class=\" wall-content\">Jeudi, \u00ab\u00a0\u00e0 12h45, les d\u00e9bris de l\u2019a\u00e9ronef ont \u00e9t\u00e9 localis\u00e9s\u00a0\u00bb dans le secteur du village de Vif, ainsi qu\u2019un corps dont l\u2019identit\u00e9\u00a0\u00bb n\u2019est pas encore \u00e9tablie, a expliqu\u00e9 la pr\u00e9fecture dans un communiqu\u00e9. Il s\u2019agissait d\u2019un \u00ab\u00a0petit avion de tourisme\u00a0\u00bb, a-t-elle pr\u00e9cis\u00e9 \u00e0 l\u2019AFP.<\/p>\n<p class=\" wall-content\">Une <strong>enqu\u00eate est ouverte<\/strong> pour d\u00e9terminer les causes du crash, assure la pr\u00e9fecture.<\/p>\n<p>Vid\u00e9os : en ce moment sur Actu<\/p>\n<p class=\" wall-content\"><strong>Avec AFP<\/strong><\/p>\n<p class=\" wall-content\">Suivez toute l\u2019actualit\u00e9 de vos villes et m\u00e9dias favoris en vous inscrivant \u00e0 <a href=\"https:\/\/moncompte.actu.fr\" title=\"D\u00e9couvez Mon Actu\" rel=\"nofollow noopener\" data-trk=\"{&quot;cta&quot;:{&quot;action&quot;:&quot;https:\\\/\\\/moncompte.actu.fr&quot;,&quot;category&quot;:&quot;mon compte&quot;,&quot;from&quot;:&quot;article footer&quot;,&quot;name&quot;:&quot;Mon actu&quot;,&quot;type&quot;:&quot;cta&quot;}}\" target=\"_blank\">Mon Actu<\/a>.<\/p>\n","protected":false},"excerpt":{"rendered":"Par R\u00e9daction Grenoble Publi\u00e9 le 13 juin 2025 \u00e0 9h59 Un pilote a \u00e9t\u00e9 retrouv\u00e9 mort ce jeudi&hellip;\n","protected":false},"author":2,"featured_media":172892,"comment_status":"","ping_status":"","sticky":false,"template":"","format":"standard","meta":{"footnotes":""},"categories":[9566],"tags":[1111,11,2430,3676,1777,674,118,1011,27,3381,2731,12,1311,25],"class_list":{"0":"post-172891","1":"post","2":"type-post","3":"status-publish","4":"format-standard","5":"has-post-thumbnail","7":"category-grenoble","8":"tag-actu","9":"tag-actualites","10":"tag-auvergne-rhone-alpes","11":"tag-disparition-inquietante","12":"tag-eu","13":"tag-europe","14":"tag-faits-divers","15":"tag-fr","16":"tag-france","17":"tag-gendarmerie","18":"tag-grenoble","19":"tag-news","20":"tag-pompiers","21":"tag-republique-francaise"},"share_on_mastodon":{"url":"https:\/\/pubeurope.com\/@fr\/114675080443013792","error":""},"_links":{"self":[{"href":"https:\/\/www.europesays.com\/fr\/wp-json\/wp\/v2\/posts\/172891","targetHints":{"allow":["GET"]}}],"collection":[{"href":"https:\/\/www.europesays.com\/fr\/wp-json\/wp\/v2\/posts"}],"about":[{"href":"https:\/\/www.europesays.com\/fr\/wp-json\/wp\/v2\/types\/post"}],"author":[{"embeddable":true,"href":"https:\/\/www.europesays.com\/fr\/wp-json\/wp\/v2\/users\/2"}],"replies":[{"embeddable":true,"href":"https:\/\/www.europesays.com\/fr\/wp-json\/wp\/v2\/comments?post=172891"}],"version-history":[{"count":0,"href":"https:\/\/www.europesays.com\/fr\/wp-json\/wp\/v2\/posts\/172891\/revisions"}],"wp:featuredmedia":[{"embeddable":true,"href":"https:\/\/www.europesays.com\/fr\/wp-json\/wp\/v2\/media\/172892"}],"wp:attachment":[{"href":"https:\/\/www.europesays.com\/fr\/wp-json\/wp\/v2\/media?parent=172891"}],"wp:term":[{"taxonomy":"category","embeddable":true,"href":"https:\/\/www.europesays.com\/fr\/wp-json\/wp\/v2\/categories?post=172891"},{"taxonomy":"post_tag","embeddable":true,"href":"https:\/\/www.europesays.com\/fr\/wp-json\/wp\/v2\/tags?post=172891"}],"curies":[{"name":"wp","href":"https:\/\/api.w.org\/{rel}","templated":true}]}}