{"id":172893,"date":"2025-06-13T08:20:12","date_gmt":"2025-06-13T08:20:12","guid":{"rendered":"https:\/\/www.europesays.com\/fr\/172893\/"},"modified":"2025-06-13T08:20:12","modified_gmt":"2025-06-13T08:20:12","slug":"nouveau-a-rennes-kerlive-limmobilier-simplifie-pour-les-particuliers-et-professionnels","status":"publish","type":"post","link":"https:\/\/www.europesays.com\/fr\/172893\/","title":{"rendered":"Nouveau \u00e0 Rennes : Kerlive, l\u2019immobilier simplifi\u00e9 pour les particuliers et professionnels"},"content":{"rendered":"<p>Alice Richard Carri\u00e9 vient d\u2019ouvrir un nouveau concept d&rsquo;agence immobili\u00e8re sur Rennes : Kerlive. Transaction, vente en bloc, investissement\u2026 Elle propose un accompagnement de A \u00e0 Z, simplifie les d\u00e9marches et met toutes ses ann\u00e9es d\u2019expertise au service de chaque recherche ou vente de bien.<\/p>\n<p>Kerlive est une <strong>soci\u00e9t\u00e9 ind\u00e9pendante sp\u00e9cialis\u00e9e en immobilier r\u00e9sidentiel<\/strong>, dont la mission est de <strong>simplifier vos d\u00e9marches immobili\u00e8res<\/strong> ! Pour cela, Alice Richard Carri\u00e9 propose des <strong>conseils sur mesure et transparents<\/strong>, et offre un <strong>accompagnement complet<\/strong> \u00e0 chaque \u00e9tape.\u00a0<\/p>\n<p>La sp\u00e9cialiste accompagne les <strong>particuliers du d\u00e9but de la recherche<\/strong> d\u2019un bien \u00e0 <strong>l\u2019installation<\/strong> dans le bien trouv\u00e9, jusqu\u2019aux <strong>travaux <\/strong>si besoin. Elle accompagne \u00e9galement les <strong>professionnels <\/strong>et <strong>investisseurs <\/strong>dans leurs <strong>recherches <\/strong>et se positionne sur de la <strong>vente en bloc de biens<\/strong>.\u00a0<\/p>\n<p><img loading=\"lazy\" decoding=\"async\" style=\"display: block; margin-left: auto; margin-right: auto;\" src=\"https:\/\/www.europesays.com\/fr\/wp-content\/uploads\/2025\/06\/P35283633D6848489G.jpg\" alt=\"\" width=\"640\" height=\"214\"\/><\/p>\n<p>Que vous soyez \u00e0 la recherche d\u2019un nouveau chez vous ou d\u2019une opportunit\u00e9 pour un investissement locatif, Kerlive est votre <strong>partenaire de confiance<\/strong> pour concr\u00e9tiser vos projets immobiliers en toute s\u00e9r\u00e9nit\u00e9.\u00a0<\/p>\n<p>Infos pratiques<\/p>\n<p>\u00a0<\/p>\n","protected":false},"excerpt":{"rendered":"Alice Richard Carri\u00e9 vient d\u2019ouvrir un nouveau concept d&rsquo;agence immobili\u00e8re sur Rennes : Kerlive. Transaction, vente en bloc,&hellip;\n","protected":false},"author":2,"featured_media":172894,"comment_status":"","ping_status":"","sticky":false,"template":"","format":"standard","meta":{"footnotes":""},"categories":[2821],"tags":[1111,11,829,1777,674,1011,27,1116,30793,12,4565,30795,2427,584,25,30794],"class_list":{"0":"post-172893","1":"post","2":"type-post","3":"status-publish","4":"format-standard","5":"has-post-thumbnail","7":"category-rennes","8":"tag-actu","9":"tag-actualites","10":"tag-bretagne","11":"tag-eu","12":"tag-europe","13":"tag-fr","14":"tag-france","15":"tag-immobilier","16":"tag-kerlive","17":"tag-news","18":"tag-nouveau","19":"tag-particuliers","20":"tag-professionnels","21":"tag-rennes","22":"tag-republique-francaise","23":"tag-simplifie"},"share_on_mastodon":{"url":"https:\/\/pubeurope.com\/@fr\/114675084534791124","error":""},"_links":{"self":[{"href":"https:\/\/www.europesays.com\/fr\/wp-json\/wp\/v2\/posts\/172893","targetHints":{"allow":["GET"]}}],"collection":[{"href":"https:\/\/www.europesays.com\/fr\/wp-json\/wp\/v2\/posts"}],"about":[{"href":"https:\/\/www.europesays.com\/fr\/wp-json\/wp\/v2\/types\/post"}],"author":[{"embeddable":true,"href":"https:\/\/www.europesays.com\/fr\/wp-json\/wp\/v2\/users\/2"}],"replies":[{"embeddable":true,"href":"https:\/\/www.europesays.com\/fr\/wp-json\/wp\/v2\/comments?post=172893"}],"version-history":[{"count":0,"href":"https:\/\/www.europesays.com\/fr\/wp-json\/wp\/v2\/posts\/172893\/revisions"}],"wp:featuredmedia":[{"embeddable":true,"href":"https:\/\/www.europesays.com\/fr\/wp-json\/wp\/v2\/media\/172894"}],"wp:attachment":[{"href":"https:\/\/www.europesays.com\/fr\/wp-json\/wp\/v2\/media?parent=172893"}],"wp:term":[{"taxonomy":"category","embeddable":true,"href":"https:\/\/www.europesays.com\/fr\/wp-json\/wp\/v2\/categories?post=172893"},{"taxonomy":"post_tag","embeddable":true,"href":"https:\/\/www.europesays.com\/fr\/wp-json\/wp\/v2\/tags?post=172893"}],"curies":[{"name":"wp","href":"https:\/\/api.w.org\/{rel}","templated":true}]}}