{"id":172895,"date":"2025-06-13T08:21:09","date_gmt":"2025-06-13T08:21:09","guid":{"rendered":"https:\/\/www.europesays.com\/fr\/172895\/"},"modified":"2025-06-13T08:21:09","modified_gmt":"2025-06-13T08:21:09","slug":"linflation-en-mai-confirmee-a-07-par-linsee","status":"publish","type":"post","link":"https:\/\/www.europesays.com\/fr\/172895\/","title":{"rendered":"L\u2019inflation en mai confirm\u00e9e \u00e0 0,7\u00a0% par l\u2019Insee"},"content":{"rendered":"<p>Les prix \u00e0 la consommation ont augment\u00e9 de 0,7\u00a0% sur un an en France au mois de mai a, indiqu\u00e9 ce vendredi 13\u00a0juin 2025 l\u2019Insee, dans son estimation d\u00e9finitive. Dans son estimation pr\u00e9liminaire, l\u2019institut de statistiques avait \u00e9voqu\u00e9 une inflation de <a href=\"https:\/\/rennes.maville.com\/actu\/actudet_-l-inflation-estimee-a-0-7-sur-un-an-en-france-au-mois-de-mai-indique-l-insee-_54135-6826916_actu.Htm\" target=\"_self\" rel=\"noopener\">0,7\u00a0%<\/a>.<\/p>\n<p>Baisse du prix des services<\/p>\n<p>Ce niveau d\u2019inflation est inf\u00e9rieur \u00e0 celui enregistr\u00e9 en avril (+\u00a00,8\u00a0%).\u00a0Cette baisse s\u2019explique par le ralentissement de la hausse des prix des services, qui est notamment d\u00fb \u00e0 une diminution des prix des transports et \u00e0 une baisse plus marqu\u00e9e de ceux des communications, ainsi que par l\u2019accentuation de la baisse des prix de l\u2019\u00e9nergie (-8\u00a0% sur un an en mai).<\/p>\n<p>En revanche, annonce l\u2019Insee, <strong>\u00ab\u00a0les prix de l\u2019alimentation acc\u00e9l\u00e8rent tr\u00e8s l\u00e9g\u00e8rement (+\u00a01,3\u00a0% apr\u00e8s +\u00a01,2\u00a0%), et ceux des produits manufactur\u00e9s \u00e9voluent au m\u00eame rythme qu\u2019en avril (-0,2 %), comme ceux du tabac (+\u00a04,1\u00a0%)<\/strong>\u00a0\u00bb.<\/p>\n<p>\u00a0<\/p>\n","protected":false},"excerpt":{"rendered":"Les prix \u00e0 la consommation ont augment\u00e9 de 0,7\u00a0% sur un an en France au mois de mai&hellip;\n","protected":false},"author":2,"featured_media":172896,"comment_status":"","ping_status":"","sticky":false,"template":"","format":"standard","meta":{"footnotes":""},"categories":[2821],"tags":[3691,1111,11,829,30796,1777,674,1011,27,9345,2066,2565,12,584,25],"class_list":{"0":"post-172895","1":"post","2":"type-post","3":"status-publish","4":"format-standard","5":"has-post-thumbnail","7":"category-rennes","8":"tag-3691","9":"tag-actu","10":"tag-actualites","11":"tag-bretagne","12":"tag-confirmee","13":"tag-eu","14":"tag-europe","15":"tag-fr","16":"tag-france","17":"tag-inflation","18":"tag-insee","19":"tag-mai","20":"tag-news","21":"tag-rennes","22":"tag-republique-francaise"},"share_on_mastodon":{"url":"https:\/\/pubeurope.com\/@fr\/114675088336309607","error":""},"_links":{"self":[{"href":"https:\/\/www.europesays.com\/fr\/wp-json\/wp\/v2\/posts\/172895","targetHints":{"allow":["GET"]}}],"collection":[{"href":"https:\/\/www.europesays.com\/fr\/wp-json\/wp\/v2\/posts"}],"about":[{"href":"https:\/\/www.europesays.com\/fr\/wp-json\/wp\/v2\/types\/post"}],"author":[{"embeddable":true,"href":"https:\/\/www.europesays.com\/fr\/wp-json\/wp\/v2\/users\/2"}],"replies":[{"embeddable":true,"href":"https:\/\/www.europesays.com\/fr\/wp-json\/wp\/v2\/comments?post=172895"}],"version-history":[{"count":0,"href":"https:\/\/www.europesays.com\/fr\/wp-json\/wp\/v2\/posts\/172895\/revisions"}],"wp:featuredmedia":[{"embeddable":true,"href":"https:\/\/www.europesays.com\/fr\/wp-json\/wp\/v2\/media\/172896"}],"wp:attachment":[{"href":"https:\/\/www.europesays.com\/fr\/wp-json\/wp\/v2\/media?parent=172895"}],"wp:term":[{"taxonomy":"category","embeddable":true,"href":"https:\/\/www.europesays.com\/fr\/wp-json\/wp\/v2\/categories?post=172895"},{"taxonomy":"post_tag","embeddable":true,"href":"https:\/\/www.europesays.com\/fr\/wp-json\/wp\/v2\/tags?post=172895"}],"curies":[{"name":"wp","href":"https:\/\/api.w.org\/{rel}","templated":true}]}}