{"id":172897,"date":"2025-06-13T08:22:09","date_gmt":"2025-06-13T08:22:09","guid":{"rendered":"https:\/\/www.europesays.com\/fr\/172897\/"},"modified":"2025-06-13T08:22:09","modified_gmt":"2025-06-13T08:22:09","slug":"toute-lactu-top-music-grand-casting-top-music-de-la-foire-europeenne","status":"publish","type":"post","link":"https:\/\/www.europesays.com\/fr\/172897\/","title":{"rendered":"Toute l&rsquo;actu Top Music &#8211; Grand casting Top Music de la Foire Europ\u00e9enne"},"content":{"rendered":"\n<p style=\"font-weight: 400;\"><strong>Grand casting Top Music de la Foire Europ\u00e9enne !<\/strong><\/p>\n<p style=\"font-weight: 400;\">Tent\u00e9 d\u2019\u00eatre s\u00e9lectionn\u00e9(e) au casting Top Music qui aura lieu le mercredi 10 septembre de 15h \u00e0 18h \u00e0 la Foire Europ\u00e9enne de Strasbourg avec la pr\u00e9sence de Bruno Berberes, directeur artistique et de casting The Voice \/ The Voice Kids et com\u00e9dies musicales, de Christel Kern, directrice artistique de la Voie des Talents et de la Foire Europ\u00e9enne (et de Morgane Kientzi, responsable casting Top Music)<\/p>\n<p style=\"font-weight: 400;\">[casting ouvert aux enfants]<\/p>\n<p style=\"font-weight: 400;\">Vous avez une voix hors du commun\u00a0? Vous trouvez la voix d\u2019un de vos proches magnifique\u00a0?<\/p>\n<p style=\"font-weight: 400;\">Inscrivez-vous au Grand Casting Top Music de la Foire Europ\u00e9enne en envoyant 2 titres avec votre voix (chant\u00e9e) \u00e0 <a href=\"https:\/\/www.topmusic.fr\/mailto:thevoice@topmusic.fr\" data-outlook-id=\"a77878e7-3470-4fa6-86b2-0a9e24e6520a\" rel=\"nofollow noopener\" target=\"_blank\">thevoice@topmusic.fr<\/a>.\u00a0(Pas de lien wetransfer ou de lien \u00e0 dur\u00e9e limit\u00e9e) Vous avez jusqu&rsquo;au 8 ao\u00fbt pour d\u00e9poser votre candidature.<\/p>\n","protected":false},"excerpt":{"rendered":"Grand casting Top Music de la Foire Europ\u00e9enne ! Tent\u00e9 d\u2019\u00eatre s\u00e9lectionn\u00e9(e) au casting Top Music qui aura&hellip;\n","protected":false},"author":2,"featured_media":172898,"comment_status":"","ping_status":"","sticky":false,"template":"","format":"standard","meta":{"footnotes":""},"categories":[2820],"tags":[1111,11,30798,30797,30803,30799,1777,674,30802,1011,27,775,30801,12,30800,25,640,3074],"class_list":{"0":"post-172897","1":"post","2":"type-post","3":"status-publish","4":"format-standard","5":"has-post-thumbnail","7":"category-strasbourg","8":"tag-actu","9":"tag-actualites","10":"tag-bruno-berberes","11":"tag-casting-chant","12":"tag-cours-de-chant","13":"tag-devenir-chanteur","14":"tag-eu","15":"tag-europe","16":"tag-foire-europeenne-de-strasbourg","17":"tag-fr","18":"tag-france","19":"tag-grand-est","20":"tag-inscription-the-voice","21":"tag-news","22":"tag-participer-emission-the-voice","23":"tag-republique-francaise","24":"tag-strasbourg","25":"tag-the-voice"},"share_on_mastodon":{"url":"https:\/\/pubeurope.com\/@fr\/114675092310593963","error":""},"_links":{"self":[{"href":"https:\/\/www.europesays.com\/fr\/wp-json\/wp\/v2\/posts\/172897","targetHints":{"allow":["GET"]}}],"collection":[{"href":"https:\/\/www.europesays.com\/fr\/wp-json\/wp\/v2\/posts"}],"about":[{"href":"https:\/\/www.europesays.com\/fr\/wp-json\/wp\/v2\/types\/post"}],"author":[{"embeddable":true,"href":"https:\/\/www.europesays.com\/fr\/wp-json\/wp\/v2\/users\/2"}],"replies":[{"embeddable":true,"href":"https:\/\/www.europesays.com\/fr\/wp-json\/wp\/v2\/comments?post=172897"}],"version-history":[{"count":0,"href":"https:\/\/www.europesays.com\/fr\/wp-json\/wp\/v2\/posts\/172897\/revisions"}],"wp:featuredmedia":[{"embeddable":true,"href":"https:\/\/www.europesays.com\/fr\/wp-json\/wp\/v2\/media\/172898"}],"wp:attachment":[{"href":"https:\/\/www.europesays.com\/fr\/wp-json\/wp\/v2\/media?parent=172897"}],"wp:term":[{"taxonomy":"category","embeddable":true,"href":"https:\/\/www.europesays.com\/fr\/wp-json\/wp\/v2\/categories?post=172897"},{"taxonomy":"post_tag","embeddable":true,"href":"https:\/\/www.europesays.com\/fr\/wp-json\/wp\/v2\/tags?post=172897"}],"curies":[{"name":"wp","href":"https:\/\/api.w.org\/{rel}","templated":true}]}}