{"id":172901,"date":"2025-06-13T08:24:15","date_gmt":"2025-06-13T08:24:15","guid":{"rendered":"https:\/\/www.europesays.com\/fr\/172901\/"},"modified":"2025-06-13T08:24:15","modified_gmt":"2025-06-13T08:24:15","slug":"dans-le-carnet-de-nice-rendezvous-2025-semaine-24-fete-des-peres","status":"publish","type":"post","link":"https:\/\/www.europesays.com\/fr\/172901\/","title":{"rendered":"Dans le Carnet de Nice RendezVous 2025 Semaine 24 &#8211; F\u00eate des P\u00e8res"},"content":{"rendered":"<p>Pour la F\u00eate des p\u00e8res, barbecue ou pan-bagnat ? Les tomates rougissent dans les jardins, le temps de la salade ni\u00e7oise est de retour !<\/p>\n<p>\u00a0<strong>EXPOSITIONS<br \/>Projection Documentaire Chu Teh-Chun R\u00e9alis\u00e9 par Christophe Fonseca<br \/>Samedi 14 juin 2025 \u00e0 20h30<br \/>Mus\u00e9e des Arts Asiatiques<br \/>405 promenade des Anglais &#8211; 06200 Nice<\/strong><br \/>T\u00e9l\u00e9phone 04 89 04 55 20<br \/>Dur\u00e9e : 1h | Tout public<br \/>Entr\u00e9e libre et gratuite dans la limite des places disponibles | 80 personnes<br \/>R\u00e9servation en ligne obligatoire : <a href=\"https:\/\/maa.departement06.fr\/agenda\/projection-du-documentaire-chu-teh-chun\" target=\"_blank\" rel=\"noopener\">https:\/\/maa.departement06.fr\/agenda\/projection-du-documentaire-chu-teh-chun<\/a><br \/>Bien que distincts dans leur parcours artistique, Chu Teh-Chun et Sanyu se caract\u00e9risent tous deux par une recherche d\u2019\u00e9quilibre entre leur h\u00e9ritage culturel chinois et les influences occidentales. <br \/>C\u2019est pourquoi, \u00e0 l\u2019occasion des derniers jours de l\u2019exposition Sanyu, la ligne \u00e0 l\u2019\u0153uvre, le mus\u00e9e des arts asiatiques vous propose de d\u00e9couvrir l\u2019univers de Chu Teh-Chun au travers de ce documentaire.<br \/>\u00a9 Les Films de l\u2019Odyss\u00e9e \u2013 Fondation Chu Teh-Chun<\/p>\n<p><strong>Exposition Raoul Dufy et la Mode<br \/>Du 18 juillet au 16 novembre 2025<br \/>La Banque, Mus\u00e9e des Cultures et du Paysage d&rsquo;Hy\u00e8res<br \/>14 avenue Joseph Clotis &#8211; 83400 Hy\u00e8res<\/strong><br \/>Apr\u00e8s le succ\u00e8s des expositions Joan Mir\u00f3 et Andy Warhol, le Mus\u00e9e des Cultures et du Paysage d\u2019Hy\u00e8res (La Banque) s\u2019appr\u00eate \u00e0 accueillir un \u00e9v\u00e9nement exceptionnel qui c\u00e9l\u00e9brera l\u2019union de l\u2019art et de la mode. Du 18 juillet au 16 novembre 2025, l\u2019exposition \u00ab Raoul Dufy et la Mode \u00bb transportera les visiteurs dans l\u2019univers chatoyant et novateur de cet artiste majeur du XXe si\u00e8cle. Cette exposition est r\u00e9alis\u00e9e en co-commissariat avec la Maison Brochier Soieries et Bianchini-F\u00e9rier, qui ont jou\u00e9 un r\u00f4le essentiel dans la diffusion des cr\u00e9ations de Dufy. Elle r\u00e9unira plus de 25 robes, sign\u00e9es Paul Poiret et d\u2019autres grands noms de la haute couture, ainsi que des costumes de sc\u00e8ne.<br \/>Raoul Dufy, Fleurs, Sans date, Mus\u00e9e Soieries Brochier, Lyon \u00a9 Mus\u00e9e Soieries Brochier, Lyon \/ Y.D.<\/p>\n<p><strong>TH\u00c9\u00c2TRE<br \/>Kaamelott par la troupe Les Terribles<br \/>Dimanche 22 juin 2025 \u00e0 19 h<br \/>Petit th\u00e9\u00e2tre de Valbonne<br \/>29, Place des Arcades, 06560 Valbonne<\/strong><br \/>T\u00e9l\u00e9phone : 07.60.27.07.07 &#8211; E-mail : Cette adresse e-mail est prot\u00e9g\u00e9e contre les robots spammeurs. Vous devez activer le JavaScript pour la visualiser.<br \/>Tarif unique 16 \u20ac pour une cinquantaine de si\u00e8ges.<br \/>Mise en sc\u00e8ne : Numa Sadoul.<br \/>Avec : Les Terribles : Milan Abbas : Arthur \/ Lancelot &#8211; Swan Andrianarivelo : Perceval \/ S\u00e9li &#8211; Jules Audion : L\u00e9odagan \/ Kadoc \/ Tavernier &#8211; Thibaut Carli : Karadoc \/ Merlin \/ Gauvain \/ Ferghus &#8211; Flore Devolder : Gueni\u00e8vre \/ Blaise \/ Yvain \/ Tavernier. Costumes : Op\u00e9ra de Nice.<br \/>La troupe se produira \u00e9galement les samedi 4 et samedi 18 octobre 2025.<\/p>\n<p>\u00a0<\/p>\n<p><strong>CONCERTS<br \/>Jazz Up avec La Compagnie So What<br \/>Samedi 14 juin 2025 \u00e0 20h30 <br \/>Salle polyvalente d&rsquo;Opio &#8211; Route de Nice<\/strong><br \/>Information : <a href=\"https:\/\/jazzup06.org\" target=\"_blank\" rel=\"noopener\">https:\/\/jazzup06.org<\/a> &#8211; Renseignements : 07 67 55 42 34<br \/>Ouverture des portes : 19h30 &#8211; Concert: 20h30 &#8211; Snack et bar sur place<br \/>La Compagnie So What pratique depuis vingt-huit ans dans son club de La Gaude une musique de Jazz gaie, d\u2019\u00e9coute et de respect entre musiciens, imagin\u00e9e pour le public et la sc\u00e8ne. En Quartet, elle vient nous proposer sur la sc\u00e8ne de Jazz UP un mariage entre l\u2019\u0153il et l\u2019oreille, en r\u00e9sonance avec sa r\u00e9gion. Des compositions et des standards revisit\u00e9s, de l\u2019Ethiojazz au Jazz des ann\u00e9es 70. Le plaisir de se retrouver autour d\u2019un m\u00eame langage, celui d\u2019une musique d\u2019aujourd\u2019hui, vivante, libre, festive, cr\u00e9ative.<br \/>Line-up : Alex Benvenuto (clarinette basse) &#8211; Laurent Lapchin (bugle, trompette) &#8211; Jean-Marc Laugier (contrebasse) &#8211; Jos\u00e9 S\u00e9rafino (guitare)<\/p>\n<p><strong>Thursday Live Session avec Xavier Polycarpe <br \/>Jeudi 19 juin 2025<br \/>Grimaldi Forum Monaco<\/strong><br \/>Entr\u00e9e gratuite : R\u00e9servez votre table au +377 9999 3000 &#8211; \u00c0 Partir De 18h30 Ap\u00e9romix &#8211; 20h30 : Live &#8211; Parking sur place, tarif nuit \u00e0 partir de 19h00, 0,70\u20ac\/heure<br \/>Xavier Polycarpe est un m\u00e9lange des genres in\u00e9dits et audacieux ! Apr\u00e8s s\u2019\u00eatre fait conna\u00eetre avec le groupe Gush, enflamm\u00e9 les sc\u00e8nes avec Macadam Crocodile et marqu\u00e9 les esprits dans The Voice 2023, Xavier Polycarpe, artiste talentueux, vient briller en solo avec son univers unique m\u00ealant pop, rock et \u00e9lectro. Il a \u00e0 c\u0153ur de faire vivre sur sc\u00e8ne l\u2019\u00e9nergie solaire et fi\u00e9vreuse qui l\u2019anime avec un son bien \u00e0 lui, organique, vivant, brut et m\u00e9lodique.<\/p>\n<p><strong>IAM aux Nuis du Sud<br \/>Samedi 12 juillet 2025<br \/>Place du Grand Jardin &#8211; Vence<\/strong><br \/>Tarif : 39\u20ac &#8211; Billets sur www.nuitsdusud.com<br \/>Ouverture des portes 19h00<br \/>Le groupe IAM, originaire de Marseille, montera sur la sc\u00e8ne du festival des Nuits du Sud \u00e0 Vence pour le concert iconique de l&rsquo;\u00e9t\u00e9. Ils sont l\u2019\u00e2me du rap fran\u00e7ais depuis 35 ans. <br \/>De \u00ab\u00a0L\u2019\u00e9cole du micro d\u2019argent\u00a0\u00bb \u00e0 \u00ab\u00a0Je danse le mia\u00a0\u00bb, en passant par les derniers sons, qui sera l\u00e0 pour chanter \u00e0 tue t\u00eate et vivre toute l\u2019intensit\u00e9 d\u2019un groupe l\u00e9gendaire du rap fran\u00e7ais ?<br \/>Suite \u00e0 l&rsquo;annulation de Def Mama Def, le festival a le plaisir d\u2019accueillir GKBL, r\u00e9v\u00e9l\u00e9 en tant que Talents Nuits du Sud. GKBL, Germaine Kobo &amp; Bella Lawson, fusionne guitares trafiqu\u00e9es, machines, voix puissantes et rythmes \u00e9lectro dans un afro-futurisme audacieux et visc\u00e9ral. Ancr\u00e9es \u00e0 Marseille, h\u00e9riti\u00e8res de cultures africaines multiples, elles cr\u00e9ent une musique libre, engag\u00e9e et dansante, entre transe, pop, techno et traditions revisit\u00e9s.<\/p>\n<p><strong>SPECTACLES<br \/>Anth\u00e9a, Abonnements toujours ouverts<br \/>53 dates suppl\u00e9mentaires<\/strong><br \/><a href=\"https:\/\/anthea-antibes.notre-billetterie.fr\/formulaire?dial=saison_2025-26.html&amp;via=emailing-250606_182710\" target=\"_blank\" rel=\"noopener\">https:\/\/anthea-antibes.notre-billetterie.fr\/formulaire?dial=saison_2025-26.html&amp;via=emailing-250606_182710<\/a><br \/>Depuis l\u2019ouverture des abonnements le samedi 17 mai, vous \u00eates d\u00e9j\u00e0 plus de 15.000 abonn\u00e9s \u00e0 avoir rejoint la nouvelle saison 2025-26 d\u2019anth\u00e9a. Face \u00e0 cet engouement, le th\u00e9\u00e2tre a renforc\u00e9 sa programmation en ajoutant 53 dates suppl\u00e9mentaires, soit une saison record totalisant 272 repr\u00e9sentations de 80 spectacles ! <br \/>45.000 places sont encore disponibles pour compl\u00e9ter votre abonnement !<br \/>Ne manquez pas cette occasion de d\u00e9couvrir ou de retrouver sur sc\u00e8ne de grands artistes comme : Bernard Campan, Isabelle Carr\u00e9, Clovis Cornillac, Circus Baobab, Waly Dia, St\u00e9phane de Groodt, Thomas Dutronc, \u00c9ric Elmosnino, Alexandre Kominek, Marine Leonardi, Andr\u00e9 Marcon, Yannick Noah, Sheila, Sylvie Testud, Charlie Winston&#8230;<\/p>\n<p><strong>Festival Uzine \u00e0 Gag Clowns &amp; Art burlesque<br \/>Vendredi 13 juin 2025 de 18h \u00e0 minuit<br \/>18h Place Marinni et parc de l&rsquo;olivaie<br \/>Beaulieu-sur-mer<\/strong><br \/>Buvette &amp; petite restauration sur place<br \/>Renseignements : Cette adresse e-mail est prot\u00e9g\u00e9e contre les robots spammeurs. Vous devez activer le JavaScript pour la visualiser. &#8211; a\/c 19h Jardin de l&rsquo;Olivaie<br \/>Entr\u00e9e libre (mais il y aura toujours la possibilit\u00e9 de faire des dons pendant la soir\u00e9e pour les structures de clowns en milieu hospitalier). <br \/>&#8211; Mazorettes : Cie De L\u2019Embrayage \u00e0 paillettes x Tulipe et Cie Avec Nathalie Mass\u00e9glia<br \/>&#8211; Histoires de Vie(S) \u2013 Les Contes :: Cie Bouta\u00efni x Cie L\u2019Embrayage \u00e0 paillettes<br \/>&#8211; Contre Poids : Cie C\u2019est La Goutte D\u2019Eau Avec Mandine Guillaume et Eric Ladelfa<br \/>&#8211; Chocapov : Cie Les Steppettes Avec Hugues Klingelschmitt et Marina Matic<br \/>&#8211; L\u2019Humour, Ce n&rsquo;est pas (forc\u00e9ment) Dr\u00f4le : Cie de L\u2019Embrayage \u00e0 paillettes Avec Thomas Oudin<br \/>&#8211; La Surprise<\/p>\n<p><strong><strong\/>Villa Jamel Comedy Club<br \/>Adel Fugazi \/ Basile \/ Ilyes Djadel Ilyes Mela \/ Julien Santini \/ Mah\u00e9 Meryem Benoua \/ Nash<br \/>Du 22 au 26 Juillet 2025 <br \/>Jardins de Villa Rothschild \/M\u00e9diath\u00e8que Noailles, <br \/>1 Avenue Jean de Noailles &#8211; 06400 Cannes<\/strong><br \/>Billetterie: <a href=\"https:\/\/my.weezevent.com\/villa-jamel-comedy-club-2025\" target=\"_blank\" rel=\"noopener\">https:\/\/my.weezevent.com\/villa-jamel-comedy-club-2025<\/a><br \/>Tarifs pour 1 s\u00e9ance (hors frais de locations): Adulte normal: 35\u20ac &#8211; late: 40\u20ac \/ Enfant -16 ans: 20\u20ac &#8211; D\u00e9conseill\u00e9 aux moins de 12 ans. Food et boissons sur place.<br \/>La programmation de la 6\u00e8me \u00e9dition de la Villa Jamel Comedy Club est enfin d\u00e9voil\u00e9e: 8 artistes de la troupe se produiront pour 5 soir\u00e9es exceptionnelles \u00e0 Cannes.<br \/>La Villa Jamel Comedy Club est le rendez-vous de l\u2019\u00e9t\u00e9 ! La Troupe revi s\u2019installer \u00e0 la Villa Rothschild de Cannes en juillet 2025 pour la 5\u00e8me ann\u00e9e cons\u00e9cutive \u00e0 guichets ferm\u00e9s avec plus de 4500 billets vendus. Plus qu\u2019un spectacle, vivez l\u2019humour autrement ! Un concept exclusif \u00e0 retrouver en plein air dans le jardin de la Villa Rothschild, transform\u00e9 en th\u00e9\u00e2tre \u00e0 ciel ouvert pour l\u2019occasion.<\/p>\n<p><strong>LOISIRS<br \/>Les Nuits des For\u00eats sont de retour<br \/>Jusqu&rsquo;au 22 Juin 2025<br \/>Programmation en Provence-Alpes-C\u00f4te d\u2019Azur<\/strong><br \/><a href=\"https:\/\/nuitsdesforets.com\/\" target=\"_blank\" rel=\"noopener\">https:\/\/nuitsdesforets.com\/<\/a><br \/>Domaine ee L\u2019Escaillon, Thorenc (06) | 11 Juin<br \/>Une Campagne en Provence, Bras (83) | 18 Juin<br \/>Le Parc du Ch\u00e2teau Eductour, Meyrargues (13) | 12 Et 20 Juin<br \/>Domaine de Laval, Varages (83) | 13 Juin<br \/>Parc de Ch\u00e2teauvert (83) | 14 Juin<br \/>Carmaure, Gonfaron (83) | 14 Juin<br \/>Domaine de La Portani\u00e8re, Collobri\u00e8res (83) | 16 Juin<br \/>Le Mont Faron, Toulon (83) | 18 Juin<br \/>Sentier du Barjean, Bormes Les Mimosas (83) | 18 Juin<br \/>Domaine de Baudouvin, La Valette-du-var (83) | 19 Juin<br \/>Parc des C\u00e8dres, Flassans-sur-issole (83) | 20 Juin<br \/>Domaine de Valdonne, Peypin (13) | 20 Juin<br \/>Domaine de La Blaque, Varages (83) | 20 Juin<br \/>Domaine de Boiscieux, Gr\u00e9oli\u00e8res (06) | 22 Juin<\/p>\n<p>Copyright \u00a92025 NRV Nice Rendezvous. Tous droits r\u00e9serv\u00e9s. <br \/>@ actualites_nrv #Nice06<\/p>\n<p><img loading=\"lazy\" decoding=\"async\" style=\"margin-right: 20px; margin-bottom: 2px; float: left;\" alt=\"logo-nicerendezvous\" src=\"https:\/\/www.europesays.com\/fr\/wp-content\/uploads\/2025\/04\/logo-nrdv.jpg\" height=\"40\" width=\"40\"\/>Toutes les actualit\u00e9s les plus r\u00e9centes de <strong>NRV<\/strong>, <strong>NiceRendezVous<\/strong>, le site de rencontre avec les \u00e9v\u00e9nements, la culture et l&rsquo;histoire de <strong>Nice, de la C\u00f4te d&rsquo;Azur et de la Principaut\u00e9 de Monaco<\/strong>, sont pr\u00e9sent\u00e9es<a target=\"_blank\" title=\"Les actus r\u00e9centes de Nice-RendezVous sur Google actualit\u00e9s\" href=\"http:\/\/news.google.fr\/news\/search?pz=1&amp;cf=i&amp;ned=fr&amp;hl=fr&amp;q=site%3Anicerendezvous.com&amp;scoring=n&amp;ict=ln\" rel=\"noopener\"> ici par <strong>Google actualit\u00e9<\/strong><\/a><\/p>\n<p id=\"slidetag\">\u00a0<\/p>\n","protected":false},"excerpt":{"rendered":"Pour la F\u00eate des p\u00e8res, barbecue ou pan-bagnat ? Les tomates rougissent dans les jardins, le temps de&hellip;\n","protected":false},"author":2,"featured_media":9501,"comment_status":"","ping_status":"","sticky":false,"template":"","format":"standard","meta":{"footnotes":""},"categories":[2819],"tags":[17,1111,11,4763,4764,1777,674,1011,27,12,2401,882,4765,25,30804],"class_list":{"0":"post-172901","1":"post","2":"type-post","3":"status-publish","4":"format-standard","5":"has-post-thumbnail","7":"category-nice","8":"tag-17","9":"tag-actu","10":"tag-actualites","11":"tag-agenda","12":"tag-carnet","13":"tag-eu","14":"tag-europe","15":"tag-fr","16":"tag-france","17":"tag-news","18":"tag-nice","19":"tag-provence-alpes-cote-dazur","20":"tag-rendezvous","21":"tag-republique-francaise","22":"tag-semaine-24"},"share_on_mastodon":{"url":"https:\/\/pubeurope.com\/@fr\/114675100146595787","error":""},"_links":{"self":[{"href":"https:\/\/www.europesays.com\/fr\/wp-json\/wp\/v2\/posts\/172901","targetHints":{"allow":["GET"]}}],"collection":[{"href":"https:\/\/www.europesays.com\/fr\/wp-json\/wp\/v2\/posts"}],"about":[{"href":"https:\/\/www.europesays.com\/fr\/wp-json\/wp\/v2\/types\/post"}],"author":[{"embeddable":true,"href":"https:\/\/www.europesays.com\/fr\/wp-json\/wp\/v2\/users\/2"}],"replies":[{"embeddable":true,"href":"https:\/\/www.europesays.com\/fr\/wp-json\/wp\/v2\/comments?post=172901"}],"version-history":[{"count":0,"href":"https:\/\/www.europesays.com\/fr\/wp-json\/wp\/v2\/posts\/172901\/revisions"}],"wp:featuredmedia":[{"embeddable":true,"href":"https:\/\/www.europesays.com\/fr\/wp-json\/wp\/v2\/media\/9501"}],"wp:attachment":[{"href":"https:\/\/www.europesays.com\/fr\/wp-json\/wp\/v2\/media?parent=172901"}],"wp:term":[{"taxonomy":"category","embeddable":true,"href":"https:\/\/www.europesays.com\/fr\/wp-json\/wp\/v2\/categories?post=172901"},{"taxonomy":"post_tag","embeddable":true,"href":"https:\/\/www.europesays.com\/fr\/wp-json\/wp\/v2\/tags?post=172901"}],"curies":[{"name":"wp","href":"https:\/\/api.w.org\/{rel}","templated":true}]}}