{"id":172904,"date":"2025-06-13T08:26:11","date_gmt":"2025-06-13T08:26:11","guid":{"rendered":"https:\/\/www.europesays.com\/fr\/172904\/"},"modified":"2025-06-13T08:26:11","modified_gmt":"2025-06-13T08:26:11","slug":"une-course-de-mobylettes-dejantee-est-organisee-dans-cette-commune-de-loire-atlantique","status":"publish","type":"post","link":"https:\/\/www.europesays.com\/fr\/172904\/","title":{"rendered":"Une course de mobylettes d\u00e9jant\u00e9e est organis\u00e9e dans cette commune de Loire-Atlantique"},"content":{"rendered":"<p>Le comit\u00e9 des f\u00eates de <a href=\"https:\/\/nantes.maville.com\/pays-de-la-loire\/loire-atlantique\/conquereuil\/\" target=\"_blank\" rel=\"noopener\">Conquereuil<\/a> ne manque pas d\u2019id\u00e9es. L\u2019association a organis\u00e9, dimanche 8\u00a0juin, les 6\u00a0heures Mob\/Solex. Une course de mobylettes plut\u00f4t d\u00e9jant\u00e9e et emprunte d\u2019humour et de convivialit\u00e9.<\/p>\n<p>\u00c0 lire aussi\u00a0: <a href=\"https:\/\/nantes.maville.com\/actu\/actudet_-une-trentaine-de-caisses-a-savon-sur-la-ligne-de-depart-au-sud-de-nantes-_54028-6843511_actu.Htm\" target=\"_blank\" rel=\"noopener\">Une trentaine de caisses \u00e0 savon sur la ligne de d\u00e9part au sud de Nantes<\/a><\/p>\n<p>Une premi\u00e8re \u00e9dition qui s\u2019av\u00e8re \u00eatre un succ\u00e8s<br \/>\u00a0<\/p>\n<p>\u00ab\u00a0En cette p\u00e9riode morose, que c\u2019est bon de ne pas se prendre au s\u00e9rieux et pour cela, nous pouvons compter sur le comit\u00e9 des f\u00eates de Conquereuil visiblement bien inspir\u00e9. Avec une f\u00eate in\u00e9dite m\u00ealant les meules de toutes les couleurs et de bons vieux Solex\u00a0\u00bb , assure Didier.<\/p>\n<p>Les 23\u00a0participants ont pu se balader sur un circuit de 3,5km, et ce, sous un soleil radieux. Cette premi\u00e8re \u00e9dition a \u00e9t\u00e9 couronn\u00e9e de succ\u00e8s gr\u00e2ce \u00e0 la mobilisation d\u2019une cinquantaine de b\u00e9n\u00e9voles.<\/p>\n<p>Pour conclure en musique, les organisateurs ont fait appel \u00e0 Xavier Devais qui a enflamm\u00e9 le public avec ses compositions mais aussi des reprises de tubes.<\/p>\n<p>\u00a0<\/p>\n","protected":false},"excerpt":{"rendered":"Le comit\u00e9 des f\u00eates de Conquereuil ne manque pas d\u2019id\u00e9es. L\u2019association a organis\u00e9, dimanche 8\u00a0juin, les 6\u00a0heures Mob\/Solex.&hellip;\n","protected":false},"author":2,"featured_media":172905,"comment_status":"","ping_status":"","sticky":false,"template":"","format":"standard","meta":{"footnotes":""},"categories":[2818],"tags":[1111,11,7052,6466,30806,1777,674,1011,27,3047,30805,766,12,11367,2636,25],"class_list":{"0":"post-172904","1":"post","2":"type-post","3":"status-publish","4":"format-standard","5":"has-post-thumbnail","7":"category-nantes","8":"tag-actu","9":"tag-actualites","10":"tag-commune","11":"tag-course","12":"tag-dejantee","13":"tag-eu","14":"tag-europe","15":"tag-fr","16":"tag-france","17":"tag-loire-atlantique","18":"tag-mobylettes","19":"tag-nantes","20":"tag-news","21":"tag-organisee","22":"tag-pays-de-la-loire","23":"tag-republique-francaise"},"share_on_mastodon":{"url":"https:\/\/pubeurope.com\/@fr\/114675108009189229","error":""},"_links":{"self":[{"href":"https:\/\/www.europesays.com\/fr\/wp-json\/wp\/v2\/posts\/172904","targetHints":{"allow":["GET"]}}],"collection":[{"href":"https:\/\/www.europesays.com\/fr\/wp-json\/wp\/v2\/posts"}],"about":[{"href":"https:\/\/www.europesays.com\/fr\/wp-json\/wp\/v2\/types\/post"}],"author":[{"embeddable":true,"href":"https:\/\/www.europesays.com\/fr\/wp-json\/wp\/v2\/users\/2"}],"replies":[{"embeddable":true,"href":"https:\/\/www.europesays.com\/fr\/wp-json\/wp\/v2\/comments?post=172904"}],"version-history":[{"count":0,"href":"https:\/\/www.europesays.com\/fr\/wp-json\/wp\/v2\/posts\/172904\/revisions"}],"wp:featuredmedia":[{"embeddable":true,"href":"https:\/\/www.europesays.com\/fr\/wp-json\/wp\/v2\/media\/172905"}],"wp:attachment":[{"href":"https:\/\/www.europesays.com\/fr\/wp-json\/wp\/v2\/media?parent=172904"}],"wp:term":[{"taxonomy":"category","embeddable":true,"href":"https:\/\/www.europesays.com\/fr\/wp-json\/wp\/v2\/categories?post=172904"},{"taxonomy":"post_tag","embeddable":true,"href":"https:\/\/www.europesays.com\/fr\/wp-json\/wp\/v2\/tags?post=172904"}],"curies":[{"name":"wp","href":"https:\/\/api.w.org\/{rel}","templated":true}]}}