{"id":172906,"date":"2025-06-13T08:27:15","date_gmt":"2025-06-13T08:27:15","guid":{"rendered":"https:\/\/www.europesays.com\/fr\/172906\/"},"modified":"2025-06-13T08:27:15","modified_gmt":"2025-06-13T08:27:15","slug":"14-juin-a-nantes-marche-des-fiertes-a-nantes-pour-legalite-des-droits-fsu-loire-atlantique","status":"publish","type":"post","link":"https:\/\/www.europesays.com\/fr\/172906\/","title":{"rendered":"14 juin \u00e0 Nantes : Marche des fiert\u00e9s \u00e0 Nantes pour l\u2019\u00e9galit\u00e9 des droits &#8211; FSU Loire-Atlantique"},"content":{"rendered":"<p>La FSU44 \u00e0 la Marche des Fiert\u00e9s de Nantes<\/p>\n<p><strong>Pour l\u2019\u00e9galit\u00e9 r\u00e9elle des droits LGBTQIA+ \u2013 dans la vie, au travail, \u00e0 l\u2019\u00e9cole<\/strong><\/p>\n<p>Comme chaque ann\u00e9e, la FSU\u202f44 invite tou\u00b7te\u00b7s ses militant\u00b7e\u00b7s, personnels de la Fonction publique, enseignant\u00b7e\u00b7s et sympathisant\u00b7e\u00b7s \u00e0 rejoindre la Marche des Fiert\u00e9s \u00e0 Nantes \u2013 moment \u00e0 la fois <strong>festif, revendicatif et politique<\/strong><\/p>\n<p>Pourquoi marcher en 2025 ?<\/p>\n<ul>\n<li>Pour contrer la <strong>mont\u00e9e de l\u2019extr\u00eame droite<\/strong> et les discours r\u00e9actionnaires, dont l\u2019impact est perceptible aujourd\u2019hui encore, m\u00eame en Loire\u2011Atlantique.<\/li>\n<li>Pour alerter face aux reculs dont sont victimes les personnes trans, intersexes et toutes les composantes de la communaut\u00e9 LGBTQIA+, y compris dans l\u2019accompagnement m\u00e9dical, les droits civils et familiaux.<\/li>\n<\/ul>\n<p>Des enjeux toujours urgents<\/p>\n<ul>\n<li>L\u2019ouverture de l\u2019AMP \u00e0 toutes en 2021 est une avanc\u00e9e, mais elle reste insuffisamment appliqu\u00e9e : <strong>filiation, parentalit\u00e9, mutuelle, cong\u00e9s parentaux<\/strong> sont encore in\u00e9galement reconnus pour les personnes LGBTQIA+.<\/li>\n<li>Ces in\u00e9galit\u00e9s persistantes alimentent des situations de harc\u00e8lement, de discriminations et de freins dans les parcours professionnels.<\/li>\n<li>En milieu scolaire, les actes LGBTphobes persistent, avec des effets d\u00e9l\u00e9t\u00e8res sur la sant\u00e9 mentale et la scolarit\u00e9 des \u00e9l\u00e8ves LGBTQIA+\u202f<\/li>\n<\/ul>\n<p>Une mobilisation FSU structur\u00e9e et exigeante<\/p>\n<ul>\n<li>La FSU est pleinement inscrite dans les initiatives inter\u2011syndicales (Inter\u2011LGBT, collectifs\u2026). Elle rappelle que <strong>les marches des fiert\u00e9s sont des espaces de lutte collective<\/strong>, non de simples festivit\u00e9s<\/li>\n<li>Elle intervient dans la Fonction publique via des collectifs internes, des outils, des formations.<\/li>\n<\/ul>\n<p>\u00a0Rendez-vous \u00e0 Nantes le samedi 14 juin 2025<\/p>\n<ul>\n<li>Venez nombreux\u00b7ses sous nos couleurs, avec drapeaux, pancartes et convictions.<\/li>\n<li>Engagez-vous dans la riposte collective : <strong>face aux discriminations, construisons le rapport de force.<\/strong><\/li>\n<\/ul>\n<p>Le village associatif sera accessible \u00e0 partir de 11h et la marche d\u00e9butera \u00e0 14h<\/p>\n<p><img class=\"lazyload\" fetchpriority=\"high\" decoding=\"async\" src=\"data:image\/svg+xml,%3Csvg%20xmlns%3D%27http%3A%2F%2Fwww.w3.org%2F2000%2Fsvg%27%20width%3D%27531%27%20height%3D%27754%27%20viewBox%3D%270%200%20531%20754%27%3E%3Crect%20width%3D%27531%27%20height%3D%27754%27%20fill-opacity%3D%220%22%2F%3E%3C%2Fsvg%3E\" data-orig-src=\"https:\/\/www.europesays.com\/fr\/wp-content\/uploads\/2025\/06\/nosig_pride25_portrait-7853f.jpg\" alt=\"\" width=\"531\" height=\"754\"\/><\/p>\n","protected":false},"excerpt":{"rendered":"La FSU44 \u00e0 la Marche des Fiert\u00e9s de Nantes Pour l\u2019\u00e9galit\u00e9 r\u00e9elle des droits LGBTQIA+ \u2013 dans la&hellip;\n","protected":false},"author":2,"featured_media":172907,"comment_status":"","ping_status":"","sticky":false,"template":"","format":"standard","meta":{"footnotes":""},"categories":[2818],"tags":[1111,11,1777,674,1011,27,2088,24310,766,12,2636,25],"class_list":{"0":"post-172906","1":"post","2":"type-post","3":"status-publish","4":"format-standard","5":"has-post-thumbnail","7":"category-nantes","8":"tag-actu","9":"tag-actualites","10":"tag-eu","11":"tag-europe","12":"tag-fr","13":"tag-france","14":"tag-manifestation","15":"tag-marche-des-fiertes","16":"tag-nantes","17":"tag-news","18":"tag-pays-de-la-loire","19":"tag-republique-francaise"},"share_on_mastodon":{"url":"https:\/\/pubeurope.com\/@fr\/114675112468337765","error":""},"_links":{"self":[{"href":"https:\/\/www.europesays.com\/fr\/wp-json\/wp\/v2\/posts\/172906","targetHints":{"allow":["GET"]}}],"collection":[{"href":"https:\/\/www.europesays.com\/fr\/wp-json\/wp\/v2\/posts"}],"about":[{"href":"https:\/\/www.europesays.com\/fr\/wp-json\/wp\/v2\/types\/post"}],"author":[{"embeddable":true,"href":"https:\/\/www.europesays.com\/fr\/wp-json\/wp\/v2\/users\/2"}],"replies":[{"embeddable":true,"href":"https:\/\/www.europesays.com\/fr\/wp-json\/wp\/v2\/comments?post=172906"}],"version-history":[{"count":0,"href":"https:\/\/www.europesays.com\/fr\/wp-json\/wp\/v2\/posts\/172906\/revisions"}],"wp:featuredmedia":[{"embeddable":true,"href":"https:\/\/www.europesays.com\/fr\/wp-json\/wp\/v2\/media\/172907"}],"wp:attachment":[{"href":"https:\/\/www.europesays.com\/fr\/wp-json\/wp\/v2\/media?parent=172906"}],"wp:term":[{"taxonomy":"category","embeddable":true,"href":"https:\/\/www.europesays.com\/fr\/wp-json\/wp\/v2\/categories?post=172906"},{"taxonomy":"post_tag","embeddable":true,"href":"https:\/\/www.europesays.com\/fr\/wp-json\/wp\/v2\/tags?post=172906"}],"curies":[{"name":"wp","href":"https:\/\/api.w.org\/{rel}","templated":true}]}}