{"id":172912,"date":"2025-06-13T08:30:11","date_gmt":"2025-06-13T08:30:11","guid":{"rendered":"https:\/\/www.europesays.com\/fr\/172912\/"},"modified":"2025-06-13T08:30:11","modified_gmt":"2025-06-13T08:30:11","slug":"alerte-orange-aux-orages-sur-toulouse-et-la-haute-garonne","status":"publish","type":"post","link":"https:\/\/www.europesays.com\/fr\/172912\/","title":{"rendered":"alerte orange aux orages sur Toulouse et la Haute-Garonne"},"content":{"rendered":"<p>            Par<br \/>\n        <strong><br \/>\n            <a href=\"https:\/\/actu.fr\/auteur\/lea-afonso\" title=\"Consulter tous les articles de L\u00e9a Afonso\" target=\"_blank\" rel=\"noopener\">L\u00e9a Afonso<\/a><br \/>\n        <\/strong><\/p>\n<p>        Publi\u00e9 le<\/p>\n<p>            13 juin 2025 \u00e0 8h19<br \/>\n        ; mis \u00e0 jour le 13 juin 2025 \u00e0 9h31    <\/p>\n<p>Alors que le soleil et la chaleur planaient sur <a href=\"https:\/\/actu.fr\/toulouse\/\" target=\"_blank\" rel=\"noopener\">Toulouse<\/a> et le d\u00e9partement ces derniers jours, le temps va rapidement se g\u00e2ter ce vendredi 13 juin 2025 dans l\u2019apr\u00e8s-midi. La <strong>Haute-Garonne<\/strong> est pass\u00e9e en <strong>vigilance orange vis-\u00e0-vis des orages<\/strong>. Un violent ph\u00e9nom\u00e8ne de <strong>gr\u00eale<\/strong> et <strong>rafales de vent<\/strong> est m\u00eame annonc\u00e9 par M\u00e9t\u00e9o France. Le point.<\/p>\n<p>Une vigilance orange<\/p>\n<p class=\" wall-content\">Pics de chaleur sont bien souvent li\u00e9s aux orages \u00e0 Toulouse et en Haute-Garonne, et ce vendredi ne va pas d\u00e9roger \u00e0 la r\u00e8gle. Le <strong>d\u00e9partement<\/strong> est plac\u00e9 en<strong> vigilance orange aux orages<\/strong> ce jour \u2014 c\u2019est aussi le cas pour le Gers et les Hautes-Pyr\u00e9n\u00e9es \u2014.<\/p>\n<p class=\" wall-content\">\u00ab\u00a0\u00c0 la suite d\u2019une journ\u00e9e tr\u00e8s chaude, de violents orages remontent d\u2019Espagne en d\u00e9but de soir\u00e9e et concernent l\u2019ex-r\u00e9gion Midi-Pyr\u00e9n\u00e9es\u00a0\u00bb, explique M\u00e9t\u00e9o France. Le temps devrait donc se couvrir<strong> d\u00e8s la fin d\u2019apr\u00e8s-midi \u00e0 18h<\/strong>.<\/p>\n<blockquote class=\"ac-article-quote wall-content\">\n<p>Des pluies intenses, de la gr\u00eale (localement sup\u00e9rieure \u00e0 2 cm) et des rafales pouvant d\u00e9passer les 100 km\/h sont aussi attendus.\u00a0<\/p>\n<p>    <strong>M\u00e9t\u00e9o France<\/strong>\n            <\/p><\/blockquote>\n<p class=\" wall-content\"><img decoding=\"async\" loading=\"lazy\" src=\"https:\/\/www.europesays.com\/fr\/wp-content\/uploads\/2025\/06\/capture-decran-2025-06-13-082808-960x317.png\" alt=\"La Haute-Garonne est plac\u00e9e en vigilance orange pour les orages ce vendredi 13 juin \" width=\"960\" height=\"317\"\/><\/p>\n<p class=\" wall-content\">La Haute-Garonne est plac\u00e9e en vigilance orange pour les orages ce vendredi 13\u00a0juin (\u00a9Capture d\u2019\u00e9cran M\u00e9t\u00e9o France)<\/p>\n<p>Vid\u00e9os : en ce moment sur Actu<\/p>\n<p class=\" wall-content\">Cette <strong>vigilance<\/strong> devrait \u00eatre <strong>lev\u00e9e d\u00e8s la fin de journ\u00e9e<\/strong>. La Haute-Garonne repasse en vigilance jaune dans la nuit et ce sera le retour au calme pour le week-end.<\/p>\n<p class=\" wall-content\">\n<p>Un temps maussade<br \/>\n    <img   decoding=\"async\" loading=\"lazy\" src=\"https:\/\/www.europesays.com\/fr\/wp-content\/uploads\/2025\/06\/capture-decran-2025-06-13-081948-960x640.png\" alt=\"La Haute-Garonne sous les orages \" width=\"960\" height=\"640\"\/><br \/>\n    La Haute-Garonne sous les orages (\u00a9Capture d\u2019\u00e9cran m\u00e9t\u00e9o France)<\/p>\n<p class=\" wall-content\">Effectivement, d\u2019apr\u00e8s les pr\u00e9visions de m\u00e9t\u00e9o France, il fera<strong> chaud, mais sous la pluie<\/strong>. Mis \u00e0 part l\u2019extr\u00eame Est du d\u00e9partement, aucune ville ne fera exception.<\/p>\n<p class=\" wall-content\">Suivez toute l\u2019actualit\u00e9 de vos villes et m\u00e9dias favoris en vous inscrivant \u00e0 <a href=\"https:\/\/moncompte.actu.fr\" title=\"D\u00e9couvez Mon Actu\" rel=\"nofollow noopener\" data-trk=\"{&quot;cta&quot;:{&quot;action&quot;:&quot;https:\\\/\\\/moncompte.actu.fr&quot;,&quot;category&quot;:&quot;mon compte&quot;,&quot;from&quot;:&quot;article footer&quot;,&quot;name&quot;:&quot;Mon actu&quot;,&quot;type&quot;:&quot;cta&quot;}}\" target=\"_blank\">Mon Actu<\/a>.<\/p>\n","protected":false},"excerpt":{"rendered":"Par L\u00e9a Afonso Publi\u00e9 le 13 juin 2025 \u00e0 8h19 ; mis \u00e0 jour le 13 juin 2025&hellip;\n","protected":false},"author":2,"featured_media":172913,"comment_status":"","ping_status":"","sticky":false,"template":"","format":"standard","meta":{"footnotes":""},"categories":[2816],"tags":[1111,11,1777,674,1011,27,2487,2357,12,2680,4594,25,2312],"class_list":{"0":"post-172912","1":"post","2":"type-post","3":"status-publish","4":"format-standard","5":"has-post-thumbnail","7":"category-toulouse","8":"tag-actu","9":"tag-actualites","10":"tag-eu","11":"tag-europe","12":"tag-fr","13":"tag-france","14":"tag-meteo","15":"tag-meteo-france","16":"tag-news","17":"tag-occitanie","18":"tag-orages","19":"tag-republique-francaise","20":"tag-toulouse"},"share_on_mastodon":{"url":"https:\/\/pubeurope.com\/@fr\/114675124137596905","error":""},"_links":{"self":[{"href":"https:\/\/www.europesays.com\/fr\/wp-json\/wp\/v2\/posts\/172912","targetHints":{"allow":["GET"]}}],"collection":[{"href":"https:\/\/www.europesays.com\/fr\/wp-json\/wp\/v2\/posts"}],"about":[{"href":"https:\/\/www.europesays.com\/fr\/wp-json\/wp\/v2\/types\/post"}],"author":[{"embeddable":true,"href":"https:\/\/www.europesays.com\/fr\/wp-json\/wp\/v2\/users\/2"}],"replies":[{"embeddable":true,"href":"https:\/\/www.europesays.com\/fr\/wp-json\/wp\/v2\/comments?post=172912"}],"version-history":[{"count":0,"href":"https:\/\/www.europesays.com\/fr\/wp-json\/wp\/v2\/posts\/172912\/revisions"}],"wp:featuredmedia":[{"embeddable":true,"href":"https:\/\/www.europesays.com\/fr\/wp-json\/wp\/v2\/media\/172913"}],"wp:attachment":[{"href":"https:\/\/www.europesays.com\/fr\/wp-json\/wp\/v2\/media?parent=172912"}],"wp:term":[{"taxonomy":"category","embeddable":true,"href":"https:\/\/www.europesays.com\/fr\/wp-json\/wp\/v2\/categories?post=172912"},{"taxonomy":"post_tag","embeddable":true,"href":"https:\/\/www.europesays.com\/fr\/wp-json\/wp\/v2\/tags?post=172912"}],"curies":[{"name":"wp","href":"https:\/\/api.w.org\/{rel}","templated":true}]}}