{"id":172921,"date":"2025-06-13T08:36:10","date_gmt":"2025-06-13T08:36:10","guid":{"rendered":"https:\/\/www.europesays.com\/fr\/172921\/"},"modified":"2025-06-13T08:36:10","modified_gmt":"2025-06-13T08:36:10","slug":"cette-lyonnaise-a-tout-quitte-pour-ouvrir-sa-propre-mercerie","status":"publish","type":"post","link":"https:\/\/www.europesays.com\/fr\/172921\/","title":{"rendered":"Cette Lyonnaise a tout quitt\u00e9 pour ouvrir sa propre mercerie"},"content":{"rendered":"<p itemprop=\"description\"><strong>L\u2019ouverture est pr\u00e9vue dans quelques jours.<\/strong><\/p>\n<p>Une \u00ab\u00a0passion secr\u00e8te\u00a0\u00bb devenue un projet sur le point de voir le jour. Apr\u00e8s avoir pendant huit ans dans le marketing digital, <strong>Aliz\u00e9e Dao<\/strong> a d\u00e9cid\u00e9 de se reconvertir. Cette Lyonnaise de 31 ans ouvrira dans quelques jours sa mercerie dans le 9e arrondissement \u00e0 c\u00f4t\u00e9 du m\u00e9tro Valmy, plus exactement 8 rue du March\u00e9.\u00a0<\/p>\n<p>\u00ab\u00a0On va retrouver tout ce qui a attrait aux arts du fil : des laines pour le tricot et le crochet, des accessoires de couture, des aiguilles, des \u00e9pingles\u2026 \u00a0Il y aura aussi tout ce qui va \u00eatre fournitures pour la broderie. En fait, je vais tout vendre sauf du tissu !\u00a0\u00bb, explique Aliz\u00e9e Dao qui veut mettre en avant au sein de cette boutique baptis\u00e9e Paillettes Et Froufrous son \u00ab\u00a0univers tr\u00e8s color\u00e9, fun et un peu d\u00e9cal\u00e9\u00a0\u00bb.<\/p>\n<p>Un espace pour de futurs ateliers d\u2019initiation et de perfectionnement au tricot ou \u00e0 la broderie sans oublier de la peinture sur textile est \u00e9galement pr\u00e9vu. \u00ab\u00a0J\u2019ai pas mal d\u2019id\u00e9es et \u00e7a va \u00eatre chouette\u00a0\u00bb, assure dans un sourire la jeune trentenaire pour qui la transmission a jou\u00e9 un r\u00f4le particulier dans la r\u00e9alisation de son projet. \u00ab\u00a0J\u2019ai commenc\u00e9 le tricot avec ma grand-m\u00e8re. J\u2019ai fait de la broderie avec ma m\u00e8re. Et moi aujourd\u2019hui, depuis quelques ann\u00e9es, je partage cette passion avec des gens que je rencontre. J\u2019aime beaucoup les \u00e9changes autour de cette activit\u00e9. Il y a une bonne ambiance. On oublie un peu tous les probl\u00e8mes quand on fait ces activit\u00e9s\u00a0\u00bb, pr\u00e9cise-t-elle.<\/p>\n<p>Une ouverture \u00ab\u00a0en douceur\u00a0\u00bb est annonc\u00e9e pour le samedi 21 juin, date de la F\u00eate de la musique mais \u00e9galement d\u2019une op\u00e9ration \u00ab\u00a0La Voie est libre\u00a0\u00bb o\u00f9 de nombreuses rues seront pi\u00e9tonnes pour l\u2019occasion. \u00ab\u00a0Il y aura pas mal d\u2019animations et de monde dans le quartier\u00a0\u00bb, se r\u00e9jouit Aliz\u00e9e Dao.\u00a0<\/p>\n<p><strong>A.D.<\/strong><\/p>\n<blockquote class=\"instagram-media\" style=\"background: #FFF; border: 0; border-radius: 3px; box-shadow: 0 0 1px 0 rgba(0,0,0,0.5),0 1px 10px 0 rgba(0,0,0,0.15); margin: 1px; max-width: 540px; min-width: 326px; padding: 0; width: calc(100% - 2px);\" data-instgrm-captioned=\"\" data-instgrm-permalink=\"https:\/\/www.instagram.com\/p\/DGBVKxGACR8\/?utm_source=ig_embed&amp;utm_campaign=loading\" data-instgrm-version=\"14\"><p>&#13;<br \/>\n&#13;\n<\/p><\/blockquote>\n<p>\t\t  <script async src=\"\/\/www.instagram.com\/embed.js\"><\/script><\/p>\n","protected":false},"excerpt":{"rendered":"L\u2019ouverture est pr\u00e9vue dans quelques jours. Une \u00ab\u00a0passion secr\u00e8te\u00a0\u00bb devenue un projet sur le point de voir le&hellip;\n","protected":false},"author":2,"featured_media":172922,"comment_status":"","ping_status":"","sticky":false,"template":"","format":"standard","meta":{"footnotes":""},"categories":[1889],"tags":[1111,11,2813,2190,2430,1109,251,1112,2811,1777,674,118,1294,4651,1011,27,1922,1110,1114,2428,4903,4902,12,241,316,25,2812,517,800],"class_list":{"0":"post-172921","1":"post","2":"type-post","3":"status-publish","4":"format-standard","5":"has-post-thumbnail","7":"category-lyon","8":"tag-actu","9":"tag-actualites","10":"tag-article","11":"tag-asvel","12":"tag-auvergne-rhone-alpes","13":"tag-breves","14":"tag-culture","15":"tag-depeches","16":"tag-economique","17":"tag-eu","18":"tag-europe","19":"tag-faits-divers","20":"tag-femme","21":"tag-femmes","22":"tag-fr","23":"tag-france","24":"tag-info","25":"tag-informations","26":"tag-infos","27":"tag-lyon","28":"tag-lyonfemme","29":"tag-lyonfemmes","30":"tag-news","31":"tag-ol","32":"tag-politique","33":"tag-republique-francaise","34":"tag-sociale","35":"tag-sport","36":"tag-transports"},"share_on_mastodon":{"url":"https:\/\/pubeurope.com\/@fr\/114675147348935234","error":""},"_links":{"self":[{"href":"https:\/\/www.europesays.com\/fr\/wp-json\/wp\/v2\/posts\/172921","targetHints":{"allow":["GET"]}}],"collection":[{"href":"https:\/\/www.europesays.com\/fr\/wp-json\/wp\/v2\/posts"}],"about":[{"href":"https:\/\/www.europesays.com\/fr\/wp-json\/wp\/v2\/types\/post"}],"author":[{"embeddable":true,"href":"https:\/\/www.europesays.com\/fr\/wp-json\/wp\/v2\/users\/2"}],"replies":[{"embeddable":true,"href":"https:\/\/www.europesays.com\/fr\/wp-json\/wp\/v2\/comments?post=172921"}],"version-history":[{"count":0,"href":"https:\/\/www.europesays.com\/fr\/wp-json\/wp\/v2\/posts\/172921\/revisions"}],"wp:featuredmedia":[{"embeddable":true,"href":"https:\/\/www.europesays.com\/fr\/wp-json\/wp\/v2\/media\/172922"}],"wp:attachment":[{"href":"https:\/\/www.europesays.com\/fr\/wp-json\/wp\/v2\/media?parent=172921"}],"wp:term":[{"taxonomy":"category","embeddable":true,"href":"https:\/\/www.europesays.com\/fr\/wp-json\/wp\/v2\/categories?post=172921"},{"taxonomy":"post_tag","embeddable":true,"href":"https:\/\/www.europesays.com\/fr\/wp-json\/wp\/v2\/tags?post=172921"}],"curies":[{"name":"wp","href":"https:\/\/api.w.org\/{rel}","templated":true}]}}