{"id":172923,"date":"2025-06-13T08:37:10","date_gmt":"2025-06-13T08:37:10","guid":{"rendered":"https:\/\/www.europesays.com\/fr\/172923\/"},"modified":"2025-06-13T08:37:10","modified_gmt":"2025-06-13T08:37:10","slug":"des-feministes-revendiquent-lattaque-dune-maison-medicale-catholique-accusee-de-refuser-de-prescrire-des-contraceptifs","status":"publish","type":"post","link":"https:\/\/www.europesays.com\/fr\/172923\/","title":{"rendered":"des f\u00e9ministes revendiquent l&rsquo;attaque d&rsquo;une maison m\u00e9dicale catholique accus\u00e9e de refuser de prescrire des contraceptifs"},"content":{"rendered":"<p itemprop=\"description\"><strong>Dans la nuit de mercredi \u00e0 jeudi, la fa\u00e7ade de La Pr\u00e9sence a \u00e9t\u00e9 prise pour cible rue Verlet Hanus dans le 3e arrondissement de Lyon.<\/strong><\/p>\n<p>Selon <a href=\"https:\/\/www.rue89lyon.fr\/2025\/04\/02\/lyon-3e-maison-medicale-refuse-prescrire-contraception\/\" target=\"_blank\" rel=\"noopener\">Rue89Lyon<\/a>, les m\u00e9decins de cette maison m\u00e9dicale catholique refusent de prescrire des contraceptifs. Une pratique autoris\u00e9e par la loi mais de plus en plus mal vue, notamment par ces activistes f\u00e9ministes qui ont jet\u00e9 de la peinture rouge et proc\u00e9d\u00e9 \u00e0 des collages.<\/p>\n<p>A l&rsquo;initiative de Collages F\u00e9ministes Lyon, NousToutes Rh\u00f4ne et Lesbiennes contre le Patriarcat, cette action visait \u00e0 d\u00e9noncer ce refus de prescrire des moyens de contraception.<\/p>\n<p>\u00ab\u00a0Derri\u00e8re cette morale religieuse se cache une instrumentalisation de la clause de conscience, initialement con\u00e7ue pour l\u2019IVG, la st\u00e9rilisation et la recherche sur les embryons. Or, l\u2019acc\u00e8s \u00e0 la contraception est un droit depuis la loi Neuwirth de 1967. Pourtant, cette maison m\u00e9dicale contourne ce droit fondamental sous couvert de convictions religieuses, avec la b\u00e9n\u00e9diction de la loi\u00a0\u00bb, s&#8217;emportent les f\u00e9ministes dans leur communiqu\u00e9 de revendication de l&rsquo;action.<\/p>\n<p><img loading=\"lazy\" decoding=\"async\" style=\"display: block; margin-left: auto; margin-right: auto;\" src=\"https:\/\/www.europesays.com\/fr\/wp-content\/uploads\/2025\/06\/image-1-86217.jpg\" alt=\"\" width=\"600\" height=\"450\"\/><\/p>\n<p>\u00ab\u00a0Nous exigeons que de telles pratiques ne soient pas pass\u00e9es sous silence afin d&rsquo;\u00e9viter tout pros\u00e9lytisme et permettre aux patients, souvent jeunes ou pr\u00e9caires, d&rsquo;effectuer un choix \u00e9clair\u00e9. En effet, il est imp\u00e9ratif que les femmes et minorit\u00e9s de genre disposent pleinement de la libert\u00e9 de prendre des d\u00e9cisions \u00e9clair\u00e9es et autonomes concernant leur corps, leurs soins m\u00e9dicaux, leur sant\u00e9 reproductive ou d\u2019autres aspects de leur autonomie, en \u00e9tant parfaitement inform\u00e9s et soutenus dans leurs d\u00e9marches, sans aucune entrave ni jugement\u00a0\u00bb, poursuivent-elles, promettant que la lutte ne s&rsquo;arr\u00eatera pas tant \u00ab\u00a0que des cliniques et organismes continueront d&rsquo;exercer des choix sur des corps qui ne leur appartiennent pas\u00a0\u00bb.<\/p>\n","protected":false},"excerpt":{"rendered":"Dans la nuit de mercredi \u00e0 jeudi, la fa\u00e7ade de La Pr\u00e9sence a \u00e9t\u00e9 prise pour cible rue&hellip;\n","protected":false},"author":2,"featured_media":172924,"comment_status":"","ping_status":"","sticky":false,"template":"","format":"standard","meta":{"footnotes":""},"categories":[1889],"tags":[1111,11,2813,2190,2430,1109,251,1112,2811,1777,674,118,1011,27,1922,1110,1114,2428,2810,12,241,316,25,2812,517,800],"class_list":{"0":"post-172923","1":"post","2":"type-post","3":"status-publish","4":"format-standard","5":"has-post-thumbnail","7":"category-lyon","8":"tag-actu","9":"tag-actualites","10":"tag-article","11":"tag-asvel","12":"tag-auvergne-rhone-alpes","13":"tag-breves","14":"tag-culture","15":"tag-depeches","16":"tag-economique","17":"tag-eu","18":"tag-europe","19":"tag-faits-divers","20":"tag-fr","21":"tag-france","22":"tag-info","23":"tag-informations","24":"tag-infos","25":"tag-lyon","26":"tag-lyonmag","27":"tag-news","28":"tag-ol","29":"tag-politique","30":"tag-republique-francaise","31":"tag-sociale","32":"tag-sport","33":"tag-transports"},"share_on_mastodon":{"url":"https:\/\/pubeurope.com\/@fr\/114675151253727843","error":""},"_links":{"self":[{"href":"https:\/\/www.europesays.com\/fr\/wp-json\/wp\/v2\/posts\/172923","targetHints":{"allow":["GET"]}}],"collection":[{"href":"https:\/\/www.europesays.com\/fr\/wp-json\/wp\/v2\/posts"}],"about":[{"href":"https:\/\/www.europesays.com\/fr\/wp-json\/wp\/v2\/types\/post"}],"author":[{"embeddable":true,"href":"https:\/\/www.europesays.com\/fr\/wp-json\/wp\/v2\/users\/2"}],"replies":[{"embeddable":true,"href":"https:\/\/www.europesays.com\/fr\/wp-json\/wp\/v2\/comments?post=172923"}],"version-history":[{"count":0,"href":"https:\/\/www.europesays.com\/fr\/wp-json\/wp\/v2\/posts\/172923\/revisions"}],"wp:featuredmedia":[{"embeddable":true,"href":"https:\/\/www.europesays.com\/fr\/wp-json\/wp\/v2\/media\/172924"}],"wp:attachment":[{"href":"https:\/\/www.europesays.com\/fr\/wp-json\/wp\/v2\/media?parent=172923"}],"wp:term":[{"taxonomy":"category","embeddable":true,"href":"https:\/\/www.europesays.com\/fr\/wp-json\/wp\/v2\/categories?post=172923"},{"taxonomy":"post_tag","embeddable":true,"href":"https:\/\/www.europesays.com\/fr\/wp-json\/wp\/v2\/tags?post=172923"}],"curies":[{"name":"wp","href":"https:\/\/api.w.org\/{rel}","templated":true}]}}