{"id":172933,"date":"2025-06-13T08:42:10","date_gmt":"2025-06-13T08:42:10","guid":{"rendered":"https:\/\/www.europesays.com\/fr\/172933\/"},"modified":"2025-06-13T08:42:10","modified_gmt":"2025-06-13T08:42:10","slug":"petits-prix-frequence-tout-ce-quil-faut-savoir-sur-la-nouvelle-ligne-paris","status":"publish","type":"post","link":"https:\/\/www.europesays.com\/fr\/172933\/","title":{"rendered":"Petits prix, fr\u00e9quence&#8230; Tout ce qu&rsquo;il faut savoir sur la nouvelle ligne Paris"},"content":{"rendered":"<p>            Par<br \/>\n        <strong><br \/>\n            <a href=\"https:\/\/actu.fr\/auteur\/redaction-paris\" title=\"Consulter tous les articles de R\u00e9daction Paris\" target=\"_blank\" rel=\"noopener\">R\u00e9daction Paris<\/a><br \/>\n        <\/strong><\/p>\n<p>        Publi\u00e9 le<\/p>\n<p>            13 juin 2025 \u00e0 9h52        <\/p>\n<p>Les premiers voyageurs de <a href=\"https:\/\/actu.fr\/ile-de-france\/paris_75056\/paris-marseille-en-train-trenitalia-lance-une-liaison-directe-avec-quatre-tgv-par-jour-a-partir-de-mi-juin_62144683.html\" target=\"_blank\" rel=\"noopener\">la nouvelle ligne Paris \u2013 Marseille<\/a> de <a href=\"https:\/\/actu.fr\/tag\/trenitalia\" target=\"_blank\" rel=\"noopener\">Trenitalia<\/a> embarqueront ce dimanche 15\u00a0juin 2025. Principal concurrent de <a href=\"https:\/\/actu.fr\/tag\/sncf\" target=\"_blank\" rel=\"noopener\">SNCF<\/a> Voyageurs depuis la lib\u00e9ralisation des lignes \u00e0 grande vitesse en France fin 2020, la compagnie ferroviaire italienne <strong>poursuit son implantation dans l\u2019Hexagone<\/strong> o\u00f9 ses ambitions sont grandes.<\/p>\n<p>Lier Paris au sud de la France<\/p>\n<p class=\" wall-content\">Apr\u00e8s le lancement fin 2021 de la liaison entre Paris, Lyon, Turin et Milan, c\u2019est le <strong>deuxi\u00e8me service hexagonal<\/strong> lanc\u00e9 par la compagnie italienne.<\/p>\n<p class=\" wall-content\">Cette fois, <strong>quatre allers-retours<\/strong> entre la capitale et Marseille, avec des arr\u00eats \u00e0 Lyon-Saint-Exup\u00e9ry, Avignon-TGV et Aix-en-Provence-TGV seront propos\u00e9s tous les jours. \u00ab\u2009Pour notre positionnement strat\u00e9gique, l\u2019axe sud de la France est tr\u00e8s important\u2009\u00bb, a expliqu\u00e9 le P.-D.G. de Trenitalia France, Marco Caposciutti, lors d\u2019une conf\u00e9rence de presse d\u00e9but juin.<\/p>\n<p class=\" wall-content\">\u00ab\u2009Dans notre strat\u00e9gie, il y a la connexion entre Paris et le sud de la France, entre <strong>Paris et l\u2019Italie<\/strong> avec Paris-Lyon-Milan et, dans le futur aussi, la liaison Milan-G\u00eanes-Nice-Marseille pour la cl\u00f4ture du triangle Paris-Milan-Marseille\u2009\u00bb, a expos\u00e9 le chef d\u2019entreprise.<\/p>\n<p>Pas de Paris \u2013 Marseille au-dessus de 100\u00a0euros<\/p>\n<p class=\" wall-content\">L\u2019objectif est clair\u2009: remplir les trains \u00e0 <strong>50\u2009% \u2013 60\u2009%<\/strong> entre Paris et Marseille, soit un million de voyageurs, la premi\u00e8re ann\u00e9e.\u00a0En plus de cette ouverture, Trenitalia a pr\u00e9vu d\u2019ajouter d\u00e8s dimanche un sixi\u00e8me aller-retour quotidien entre Paris et Lyon.\u00a0Les trains Frecciarossa, reconnaissables \u00e0 leur livr\u00e9e rouge, assurent enfin un service deux fois par jour entre Paris et Milan.<\/p>\n<p>Vid\u00e9os : en ce moment sur Actu<\/p>\n<p class=\" wall-content\">Les billets pour le Paris-Marseille ont \u00e9t\u00e9 <a href=\"https:\/\/actu.fr\/ile-de-france\/paris_75056\/trenitalia-ouvre-la-billetterie-de-ses-tgv-paris-marseille-ce-mardi-les-premiers-trajets-a-moins-de-30-euros_62355724.html\" target=\"_blank\" rel=\"noopener\">mis en vente \u00e0 partir de 27\u00a0euros<\/a>, l\u00e9g\u00e8rement au-dessus du prix d\u2019appel propos\u00e9 par SNCF Voyageurs en TGV Inoui (25\u00a0euros), mais les prix divergent\u2009: un Paris-Marseille le vendredi 25\u00a0juillet co\u00fbte minimum 61,90\u00a0euros (la plupart des billets d\u00e9passant les 100\u00a0euros) sur un TGV Ouigo, contre <strong>49\u00a0euros<\/strong> chez Trenitalia (et aucun train \u00e0 plus de 100\u00a0euros).<\/p>\n<p>Plusieurs concurrents dans les starting-blocks<\/p>\n<p class=\" wall-content\">Avec Ouigo, SNCF Voyageurs propose des Paris-Marseille d\u00e8s 16\u00a0euros. Trenitalia, comme tous les nouveaux exploitants lan\u00e7ant un service en France, b\u00e9n\u00e9ficie pour les trois premi\u00e8res ann\u00e9es de <strong>ristournes sur les p\u00e9ages ferroviaires<\/strong>, propos\u00e9es par le gestionnaire SNCF R\u00e9seau.<\/p>\n<p class=\" wall-content\">\u00c0 part Trenitalia, <strong>l\u2019espagnole Renfe<\/strong> est l\u2019autre grande compagnie europ\u00e9enne \u00e0 avoir tent\u00e9 de conqu\u00e9rir le march\u00e9 fran\u00e7ais gr\u00e2ce \u00e0 deux lignes ouvertes en 2023\u2009: Madrid-Marseille et Barcelone-Lyon.<\/p>\n<p class=\" wall-content\">La compagnie espagnole a cependant d\u00fb se r\u00e9soudre \u00e0 mettre en pause ses projets de d\u00e9veloppement en France en raison de <strong>probl\u00e8mes d\u2019homologation<\/strong> de ses trains. La desserte de Paris, un temps envisag\u00e9e, n\u2019est plus au programme.<\/p>\n<p class=\" wall-content\">Une myriade d\u2019autres acteurs priv\u00e9s ont l\u2019intention de se lancer d\u2019ici la fin des ann\u00e9es 2020 comme <strong>Proxima, Kevin Speed ou Le Train<\/strong>, dont les projets sont plus ou moins avanc\u00e9s.<\/p>\n<p class=\" wall-content\">Trenitalia a \u00e9galement fait part de son souhait de <strong>se lancer d\u2019ici 2029<\/strong> sur un axe tr\u00e8s fr\u00e9quent\u00e9, <a href=\"https:\/\/actu.fr\/ile-de-france\/paris_75056\/trenitalia-veut-concurrencer-eurostar-et-lancer-une-ligne-a-grande-vitesse-entre-paris-et-londres_62481811.html\" target=\"_blank\" rel=\"noopener\">le Paris-Londres<\/a>, tout comme le britannique Virgin.<\/p>\n<p class=\" wall-content\">Avec AFP.<\/p>\n<p class=\" wall-content\">Suivez toute l\u2019actualit\u00e9 de vos villes et m\u00e9dias favoris en vous inscrivant \u00e0 <a href=\"https:\/\/moncompte.actu.fr\" title=\"D\u00e9couvez Mon Actu\" rel=\"nofollow noopener\" data-trk=\"{&quot;cta&quot;:{&quot;action&quot;:&quot;https:\\\/\\\/moncompte.actu.fr&quot;,&quot;category&quot;:&quot;mon compte&quot;,&quot;from&quot;:&quot;article footer&quot;,&quot;name&quot;:&quot;Mon actu&quot;,&quot;type&quot;:&quot;cta&quot;}}\" target=\"_blank\">Mon Actu<\/a>.<\/p>\n","protected":false},"excerpt":{"rendered":"Par R\u00e9daction Paris Publi\u00e9 le 13 juin 2025 \u00e0 9h52 Les premiers voyageurs de la nouvelle ligne Paris&hellip;\n","protected":false},"author":2,"featured_media":172934,"comment_status":"","ping_status":"","sticky":false,"template":"","format":"standard","meta":{"footnotes":""},"categories":[1888],"tags":[11,1777,674,1011,27,3338,12,626,25,104,7582],"class_list":{"0":"post-172933","1":"post","2":"type-post","3":"status-publish","4":"format-standard","5":"has-post-thumbnail","7":"category-paris","8":"tag-actualites","9":"tag-eu","10":"tag-europe","11":"tag-fr","12":"tag-france","13":"tag-gare-de-lyon","14":"tag-news","15":"tag-paris","16":"tag-republique-francaise","17":"tag-societe","18":"tag-trenitalia"},"share_on_mastodon":{"url":"https:\/\/pubeurope.com\/@fr\/114675170941224262","error":""},"_links":{"self":[{"href":"https:\/\/www.europesays.com\/fr\/wp-json\/wp\/v2\/posts\/172933","targetHints":{"allow":["GET"]}}],"collection":[{"href":"https:\/\/www.europesays.com\/fr\/wp-json\/wp\/v2\/posts"}],"about":[{"href":"https:\/\/www.europesays.com\/fr\/wp-json\/wp\/v2\/types\/post"}],"author":[{"embeddable":true,"href":"https:\/\/www.europesays.com\/fr\/wp-json\/wp\/v2\/users\/2"}],"replies":[{"embeddable":true,"href":"https:\/\/www.europesays.com\/fr\/wp-json\/wp\/v2\/comments?post=172933"}],"version-history":[{"count":0,"href":"https:\/\/www.europesays.com\/fr\/wp-json\/wp\/v2\/posts\/172933\/revisions"}],"wp:featuredmedia":[{"embeddable":true,"href":"https:\/\/www.europesays.com\/fr\/wp-json\/wp\/v2\/media\/172934"}],"wp:attachment":[{"href":"https:\/\/www.europesays.com\/fr\/wp-json\/wp\/v2\/media?parent=172933"}],"wp:term":[{"taxonomy":"category","embeddable":true,"href":"https:\/\/www.europesays.com\/fr\/wp-json\/wp\/v2\/categories?post=172933"},{"taxonomy":"post_tag","embeddable":true,"href":"https:\/\/www.europesays.com\/fr\/wp-json\/wp\/v2\/tags?post=172933"}],"curies":[{"name":"wp","href":"https:\/\/api.w.org\/{rel}","templated":true}]}}