{"id":172938,"date":"2025-06-13T08:45:12","date_gmt":"2025-06-13T08:45:12","guid":{"rendered":"https:\/\/www.europesays.com\/fr\/172938\/"},"modified":"2025-06-13T08:45:12","modified_gmt":"2025-06-13T08:45:12","slug":"en-direct-ukraine-berlin-annonce-une-nouvelle-aide-militaire-mais-pas-de-missiles-taurus","status":"publish","type":"post","link":"https:\/\/www.europesays.com\/fr\/172938\/","title":{"rendered":"EN DIRECT &#8211; Ukraine : Berlin annonce une nouvelle aide militaire, mais pas de missiles Taurus"},"content":{"rendered":"<ul class=\"jsx-862013697 ArticleChapo__List\">\n<li class=\"jsx-862013697 ArticleChapo__List_Item flex\">En visite \u00e0 Kiev, le ministre allemand de la D\u00e9fense a annonc\u00e9 le prochain d\u00e9blocage d&rsquo;une enveloppe d&rsquo;aide militaire suppl\u00e9mentaire de 1,9 milliard d&rsquo;euros pour soutenir l&rsquo;Ukraine.<\/li>\n<li class=\"jsx-862013697 ArticleChapo__List_Item flex\">Cependant, il n&rsquo;envisage pas la livraison de missiles \u00e0 longue port\u00e9e Taurus, contrairement \u00e0 ce que r\u00e9clame l&rsquo;Ukraine depuis des mois.<\/li>\n<li class=\"jsx-862013697 ArticleChapo__List_Item flex\">Suivez les derni\u00e8res informations.<\/li>\n<\/ul>\n<p><a href=\"https:\/\/www.tf1info.fr\/actualite\/invasion-de-l-ukraine-par-la-russie-une-guerre-qui-dure-12951\/\" rel=\"noopener\" class=\"jsx-484472199 Link jsx-1428418400 jsx-554215408\" target=\"_blank\"><\/p>\n<p style=\"font-weight:400\" class=\"jsx-1837267516\">Suivez la couverture compl\u00e8te<\/p>\n<p style=\"font-weight:800\" class=\"jsx-1837267516\">Ukraine : 4\u1d49 ann\u00e9e de guerre<\/p>\n<p><\/a>Minute par minute07:19KIEV VEUT METTRE FIN A LA GUERRE \u00ab\u00a0CETTE ANN\u00c9E\u00a0\u00bb<\/p>\n<p>L&rsquo;Ukraine a l&rsquo;intention de mettre fin \u00e0 la guerre avec Moscou \u00ab\u00a0cette ann\u00e9e\u00a0\u00bb, mais l&rsquo;Occident doit renforcer sa \u00ab\u00a0pression \u00e9conomique\u00a0\u00bb et \u00ab\u00a0militaire\u00a0\u00bb sur la Russie, car \u00ab\u00a0la diplomatie d&rsquo;apaisement\u00a0\u00bb ne marche pas avec le Kremlin, a d\u00e9clar\u00e9 jeudi \u00e0 Rome le chef de la diplomatie ukrainienne Andri\u00ef Sybiga lors d&rsquo;une r\u00e9union. \u00ab\u00a0L&rsquo;heure est venue de recourir \u00e0 la diplomatie de la pression\u00a0\u00bb, a-t-il lanc\u00e9, en assurant que \u00ab\u00a0seule la pression peut contraindre la Russie \u00e0 rechercher la paix : pression \u00e9conomique, militaire et politique\u00a0\u00bb.\u00a0<\/p>\n<p>07:15NOUVELLE AIDE MILITAIRE DE BERLIN MAIS&#8230;<\/p>\n<p>Le ministre allemand de la D\u00e9fense, Boris Pistorius, en visite \u00e0 Kiev, a annonc\u00e9 jeudi le prochain d\u00e9blocage d&rsquo;une enveloppe d&rsquo;aide militaire suppl\u00e9mentaire de 1,9 milliard d&rsquo;euros pour soutenir l&rsquo;Ukraine. \u00ab\u00a0Nous planifions (de verser) 1,9 milliard d&rsquo;euros suppl\u00e9mentaires\u00a0\u00bb, a-t-il dit lors d&rsquo;une conf\u00e9rence de presse. \u00ab\u00a0Au total, l&rsquo;Allemagne soutiendra cette ann\u00e9e l&rsquo;Ukraine \u00e0 hauteur d&rsquo;environ 9 milliards d&rsquo;euros.\u00a0\u00bb<\/p>\n<p>La nouvelle enveloppe de l&rsquo;Allemagne, deuxi\u00e8me fournisseur d&rsquo;aide, doit encore \u00eatre valid\u00e9e par le Bundestag, a pr\u00e9cis\u00e9 le ministre allemand de la D\u00e9fense qui s&rsquo;exprimait aux c\u00f4t\u00e9s de Volodymyr Zelensky. \u00ab\u00a0L&rsquo;Allemagne est pr\u00eate \u00e0 prendre en charge, ou \u00e0 participer au financement, des syst\u00e8mes de tir \u00e0 longue port\u00e9e qui sont produits en Ukraine\u00a0\u00bb, selon les termes d&rsquo;un accord avec Kiev d\u00e9j\u00e0 annonc\u00e9 mi-mai.<\/p>\n<p>En revanche, interrog\u00e9 pour savoir si l&rsquo;Allemagne comptait livrer des missiles Taurus \u00e0 l&rsquo;Ukraine, Boris Pistorius a r\u00e9pondu : \u00ab\u00a0Vous me demandez si nous l&rsquo;envisageons, ma r\u00e9ponse est non\u00a0\u00bb. Kiev r\u00e9clame depuis plus d&rsquo;un an la livraison par Berlin de ces missiles de croisi\u00e8re allemands d&rsquo;une port\u00e9e de plus de 500 km.\u00a0<\/p>\n<p>07:10TRUMP AUTANT \u00ab\u00a0D\u00c9\u00c7U\u00a0\u00bb PAR MOSCOU QUE PAR KIEV<\/p>\n<p>Avant le G7 pr\u00e9vu au Canada de dimanche \u00e0 mardi, le pr\u00e9sident am\u00e9ricain, Donald Trump, a de nouveau renvoy\u00e9 jeudi l&rsquo;Ukraine et la Russie \u00e0 dos \u00e0 dos. Il s&rsquo;est dit autant \u00ab\u00a0d\u00e9\u00e7u\u00a0\u00bb par Moscou que par Kiev pendant un \u00e9change avec la presse \u00e0 la Maison Blanche. \u00ab\u00a0Je suis tr\u00e8s d\u00e9\u00e7u par la Russie mais je suis aussi d\u00e9\u00e7u par l&rsquo;Ukraine parce que je pense qu&rsquo;un accord aurait pu \u00eatre trouv\u00e9\u00a0\u00bb pour mettre fin au conflit.<\/p>\n<p>07:08ZELENSKY ESP\u00c8RE CONVAINCRE TRUMP<\/p>\n<p>Le pr\u00e9sident ukrainien, Volodymyr Zelensky, a dit jeudi esp\u00e9rer pouvoir convaincre Donald Trump, lors du G7 pr\u00e9vu au Canada de dimanche \u00e0 mardi, de sanctionner la Russie pour son refus d&rsquo;un cessez-le-feu. Il a indiqu\u00e9 souhait\u00e9 obtenir \u00ab\u00a0un accord\u00a0\u00bb du pr\u00e9sident am\u00e9ricain pour davantage de restrictions contre Moscou. Le chef d&rsquo;\u00c9tat ukrainien a dit vouloir promouvoir l&rsquo;id\u00e9e de \u00ab\u00a0sanctions fortes pour mettre fin ou r\u00e9duire le financement de cette guerre\u00a0\u00bb, et a appel\u00e9 au \u00ab\u00a0dialogue\u00a0\u00bb entre Ukrainiens, Europ\u00e9ens et Am\u00e9ricains pour \u00ab\u00a0trouver un terrain d&rsquo;entente\u00a0\u00bb sur \u00ab\u00a0la mise en \u0153uvre de sanctions s\u00e9v\u00e8res\u00a0\u00bb contre la Russie.\u00a0<\/p>\n<p>07:05BIENVENUE<\/p>\n<p>Bonjour \u00e0 toutes et tous. Bienvenue sur TF1info pour suivre les derni\u00e8res actualit\u00e9s autour de la guerre en Ukraine, d\u00e9but\u00e9e le 24 f\u00e9vrier 2022 apr\u00e8s l&rsquo;invasion russe ordonn\u00e9e par Vladimir Poutine.<\/p>\n<p data-module=\"article-paragraph\" class=\"jsx-3046738180 Paragraph\">Le ministre allemand de la D\u00e9fense, en visite \u00e0 Kiev, a annonc\u00e9 jeudi le prochain d\u00e9blocage d&rsquo;une enveloppe d&rsquo;aide militaire suppl\u00e9mentaire de 1,9 milliard d&rsquo;euros pour soutenir l&rsquo;Ukraine mais n&rsquo;envisage pas la livraison de missiles \u00e0 longue port\u00e9e Taurus. \u00ab\u00a0Nous planifions (de verser) 1,9 milliard d&rsquo;euros suppl\u00e9mentaires\u00a0\u00bb, a dit lors d&rsquo;une conf\u00e9rence de presse Boris Pistorius.<\/p>\n<p data-module=\"article-paragraph\" class=\"jsx-3046738180 Paragraph Paragraph__End\">\u00ab\u00a0Au total, l&rsquo;Allemagne soutiendra cette ann\u00e9e l&rsquo;Ukraine \u00e0 hauteur d&rsquo;environ 9 milliards d&rsquo;euros\u00a0\u00bb, a ajout\u00e9 le ministre, qui effectue sa premi\u00e8re visite en Ukraine sous le gouvernement du chancelier conservateur Friedrich Merz.<\/p>\n<p><a href=\"https:\/\/www.tf1info.fr\/international\/direct-guerre-ukraine-russie-moscou-annonce-la-tenue-ce-jeudi-d-un-echange-avec-kiev-de-prisonniers-de-guerre-gravement-blesses-zelensky-poutine-trump-les-dernieres-informations-aujourd-hui-mercredi-11-juin-2025-2376505.html\" rel=\"noopener\" class=\"jsx-3308031228 Link flex\" target=\"_blank\"><img decoding=\"async\" src=\"https:\/\/www.europesays.com\/fr\/wp-content\/uploads\/2025\/06\/donald-trump-maison-blanche-4-mai-2025-83dea2-0@1x.jpeg\" alt=\"Donald Trump de retour \u00e0 la Maison Blanche apr\u00e8s un week-end dans son golf de Mar-a-Lago le 4 mai 2025.\" loading=\"lazy\" importance=\"low\" fetchpriority=\"low\" class=\"\"\/><\/p>\n<p class=\"jsx-3657663356 ReadMoreArticle__Title\">Lire aussi<\/p>\n<p class=\"jsx-3657663356\">Ukraine : Trump dit \u00eatre \u00ab\u00a0d\u00e9\u00e7u\u00a0\u00bb par Moscou comme par Kiev<\/p>\n<p><\/a><\/p>\n<p data-module=\"article-paragraph\" class=\"jsx-3046738180 Paragraph\">La nouvelle enveloppe de l&rsquo;Allemagne, deuxi\u00e8me fournisseur d&rsquo;aide \u00e0 l&rsquo;Ukraine derri\u00e8re les \u00c9tats-Unis, doit encore \u00eatre valid\u00e9e par le Parlement, a pr\u00e9cis\u00e9 Boris Pistorius qui s&rsquo;exprimait aux c\u00f4t\u00e9s du pr\u00e9sident ukrainien Volodymyr Zelensky. \u00ab\u00a0L&rsquo;Allemagne est pr\u00eate \u00e0 prendre en charge, ou \u00e0 participer au financement, des syst\u00e8mes de tir \u00e0 longue port\u00e9e qui sont produits en Ukraine\u00a0\u00bb, selon les termes d&rsquo;un accord avec Kiev d\u00e9j\u00e0 annonc\u00e9 mi-mai, a pr\u00e9cis\u00e9 Boris Pistorius. Des fonds seront \u00e9galement mis \u00e0 disposition du gouvernement ukrainien pour qu&rsquo;il puisse \u00ab\u00a0acheter du mat\u00e9riel aupr\u00e8s de l&rsquo;industrie d&rsquo;armement ukrainienne, qui pourra ainsi mieux exploiter ses capacit\u00e9s\u00a0\u00bb, a-t-il ajout\u00e9.<\/p>\n<p data-module=\"article-paragraph\" class=\"jsx-3046738180 Paragraph Paragraph__End\">En revanche, interrog\u00e9 pour savoir si l&rsquo;Allemagne comptait livrer des missiles Taurus \u00e0 l&rsquo;Ukraine, Boris Pistorius a r\u00e9pondu : \u00ab\u00a0vous me demandez si nous l&rsquo;envisageons, ma r\u00e9ponse est non\u00a0\u00bb. Kiev r\u00e9clame, en vain, depuis plus d&rsquo;un an, la livraison par Berlin de ces missiles de croisi\u00e8re allemands d&rsquo;une port\u00e9e de plus de 500 km.\u00a0<\/p>\n<p data-module=\"article-paragraph\" class=\"jsx-3046738180 Paragraph\">Le chancelier social-d\u00e9mocrate Olaf Scholz s&rsquo;y est toujours refus\u00e9. Son successeur Friedrich Merz, en fonction depuis d\u00e9but mai, s&rsquo;\u00e9tait prononc\u00e9 pour la livraison de ces armes permettant d&rsquo;atteindre le territoire russe mais a finalement opt\u00e9 pour une aide \u00e0 \u00e0 la production en Ukraine de missiles longue port\u00e9e par l&rsquo;industrie d&rsquo;armement locale. Les premiers syst\u00e8mes de ce type seront pr\u00eats \u00ab\u00a0dans les prochains mois\u00a0\u00bb, a dit Boris Pistorius jeudi.<\/p>\n<p data-module=\"article-paragraph\" class=\"jsx-3046738180 Paragraph Paragraph__End\">Moscou avait averti par avance que des livraisons de missiles Taurus seraient consid\u00e9r\u00e9es comme une implication de Berlin dans la guerre.<\/p>\n<p>La r\u00e9daction de TF1info<\/p>\n","protected":false},"excerpt":{"rendered":"En visite \u00e0 Kiev, le ministre allemand de la D\u00e9fense a annonc\u00e9 le prochain d\u00e9blocage d&rsquo;une enveloppe d&rsquo;aide&hellip;\n","protected":false},"author":2,"featured_media":172939,"comment_status":"","ping_status":"","sticky":false,"template":"","format":"standard","meta":{"footnotes":""},"categories":[1590],"tags":[1111,11,1921,73,1777,674,28083,1922,1916,12,132,220,1917,133,1920,135,134],"class_list":{"0":"post-172938","1":"post","2":"type-post","3":"status-publish","4":"format-standard","5":"has-post-thumbnail","7":"category-ukraine","8":"tag-actu","9":"tag-actualites","10":"tag-article-video","11":"tag-etats-unis","12":"tag-eu","13":"tag-europe","14":"tag-guerre-en-ukraine-une-treve-sera-t-elle-possible","15":"tag-info","16":"tag-moscou","17":"tag-news","18":"tag-russie","19":"tag-ukraine","20":"tag-ukraine-4-annee-de-guerre","21":"tag-video","22":"tag-video-international","23":"tag-vladimir-poutine","24":"tag-volodymyr-zelensky"},"share_on_mastodon":{"url":"https:\/\/pubeurope.com\/@fr\/114675182711566449","error":""},"_links":{"self":[{"href":"https:\/\/www.europesays.com\/fr\/wp-json\/wp\/v2\/posts\/172938","targetHints":{"allow":["GET"]}}],"collection":[{"href":"https:\/\/www.europesays.com\/fr\/wp-json\/wp\/v2\/posts"}],"about":[{"href":"https:\/\/www.europesays.com\/fr\/wp-json\/wp\/v2\/types\/post"}],"author":[{"embeddable":true,"href":"https:\/\/www.europesays.com\/fr\/wp-json\/wp\/v2\/users\/2"}],"replies":[{"embeddable":true,"href":"https:\/\/www.europesays.com\/fr\/wp-json\/wp\/v2\/comments?post=172938"}],"version-history":[{"count":0,"href":"https:\/\/www.europesays.com\/fr\/wp-json\/wp\/v2\/posts\/172938\/revisions"}],"wp:featuredmedia":[{"embeddable":true,"href":"https:\/\/www.europesays.com\/fr\/wp-json\/wp\/v2\/media\/172939"}],"wp:attachment":[{"href":"https:\/\/www.europesays.com\/fr\/wp-json\/wp\/v2\/media?parent=172938"}],"wp:term":[{"taxonomy":"category","embeddable":true,"href":"https:\/\/www.europesays.com\/fr\/wp-json\/wp\/v2\/categories?post=172938"},{"taxonomy":"post_tag","embeddable":true,"href":"https:\/\/www.europesays.com\/fr\/wp-json\/wp\/v2\/tags?post=172938"}],"curies":[{"name":"wp","href":"https:\/\/api.w.org\/{rel}","templated":true}]}}