{"id":172947,"date":"2025-06-13T08:50:14","date_gmt":"2025-06-13T08:50:14","guid":{"rendered":"https:\/\/www.europesays.com\/fr\/172947\/"},"modified":"2025-06-13T08:50:14","modified_gmt":"2025-06-13T08:50:14","slug":"un-accord-historique-sur-gibraltar","status":"publish","type":"post","link":"https:\/\/www.europesays.com\/fr\/172947\/","title":{"rendered":"Un accord \u00ab\u2009historique\u2009\u00bb sur Gibraltar"},"content":{"rendered":"\n<p><strong>Le Royaume-Uni et l\u2019UE ont conclu un accord\u00a0\u00ab\u2009historique\u2009\u00bb\u00a0sur l\u2019avenir de Gibraltar, mettant un terme \u00e0 plusieurs ann\u00e9es de n\u00e9gociations difficiles men\u00e9es apr\u00e8s le Brexit concernant le statut de ce territoire britannique d\u2019outre-mer.<\/strong><\/p>\n<p>L\u2019accord, qui doit encore \u00eatre ratifi\u00e9, pr\u00e9voit la mise en place d\u2019un double contr\u00f4le des passeports Schengen et britanniques au port et \u00e0 l\u2019a\u00e9roport de Gibraltar, ainsi que la suppression des contr\u00f4les d\u2019identit\u00e9 et des cartes de r\u00e9sident pour les 15\u2009000 personnes qui traversent quotidiennement la fronti\u00e8re entre Gibraltar et l\u2019<a href=\"https:\/\/lesfrancais.press\/?s=espagne\" target=\"_blank\" rel=\"noreferrer noopener\">Espagne<\/a>.<\/p>\n<p>L\u2019accord supprimera \u00e9galement les contr\u00f4les sur les marchandises et renforcera la coop\u00e9ration entre l\u2019UE et le Royaume-Uni dans d\u2019autres domaines, notamment les aides d\u2019\u00c9tat, la fiscalit\u00e9 et l\u2019application de la loi.<\/p>\n<p><img loading=\"lazy\" data-recalc-dims=\"1\" decoding=\"async\" width=\"664\" height=\"443\" data-attachment-id=\"109996\" data-permalink=\"https:\/\/lesfrancais.press\/un-accord-historique-sur-gibraltar\/67bbda2_ftp-import-images-1-vfswm5y1c4rf-5163252-01-06\/\" data-orig-file=\"https:\/\/i0.wp.com\/lesfrancais.press\/wp-content\/uploads\/67bbda2_ftp-import-images-1-vfswm5y1c4rf-5163252-01-06.jpeg?fit=664%2C443&amp;quality=89&amp;ssl=1\" data-orig-size=\"664,443\" data-comments-opened=\"1\" data-image-meta=\"{\" aperture=\"\" data-image-title=\"67bbda2_ftp-import-images-1-vfswm5y1c4rf-5163252-01-06\" data-image-description=\"&lt;p&gt;Fronti\u00e8re entre Gibraltar et l\u2019Union europ\u00e9enne&lt;\/p&gt;&#10;\" data-image-caption=\"&lt;p&gt;Fronti\u00e8re entre Gibraltar et l\u2019Union europ\u00e9enne&lt;\/p&gt;&#10;\" data-medium-file=\"https:\/\/i0.wp.com\/lesfrancais.press\/wp-content\/uploads\/67bbda2_ftp-import-images-1-vfswm5y1c4rf-5163252-01-06.jpeg?fit=300%2C200&amp;quality=89&amp;ssl=1\" data-large-file=\"https:\/\/i0.wp.com\/lesfrancais.press\/wp-content\/uploads\/67bbda2_ftp-import-images-1-vfswm5y1c4rf-5163252-01-06.jpeg?fit=443%2C443&amp;quality=89&amp;ssl=1\" src=\"data:image\/png;base64,iVBORw0KGgoAAAANSUhEUgAAApgAAAG7CAYAAABn4eXMAAAACXBIWXMAAA7EAAAOxAGVKw4bAAAEi0lEQVR42u3BMQEAAADCoPVPbQdvoAAAAAAAAAAAAAAAAAAAAAAAAAAAAAAAAAAAAAAAAAAAAAAAAAAAAAAAAAAAAAAAAAAAAAAAAAAAAAAAAAAAAAAAAAAAAAAAAAAAAAAAAAAAAAAAAAAAAAAAAAAAAAAAAAAAAAAAAAAAAAAAAAAAAAAAAAAAAAAAAAAAAAAAAAAAAAAAAAAAAAAAAAAAAAAAAAAAAAAAAAAAAAAAAAAAAAAAAAAAAAAAAAAAAAAAAAAAAAAAAAAAAAAAAAAAAAAAAAAAAAAAAAAAAAAAAAAAAAAAAAAAAAAAAAAAAAAAAAAAAAAAAAAAAAAAAAAAAAAAAAAAAAAAAAAAAAAAAAAAAAAAAAAAAAAAAAAAAAAAAAAAAAAAAAAAAAAAAAAAAAAAAAAAAAAAAAAAAAAAAAAAAAAAAAAAAAAAAAAAAAAAAAAAAAAAAAAAAAAAAAAAAAAAAAAAAAAAAAAAAAAAAAAAAAAAAAAAAAAAAAAAAAAAAAAAAAAAAAAAAAAAAAAAAAAAAAAAAAAAAAAAAAAAAAAAAAAAAAAAAAAAAAAAAAAAAAAAAAAAAAAAAAAAAAAAAAAAAAAAAAAAAAAAAAAAAAAAAAAAAAAAAAAAAAAAAAAAAAAAAAAAAAAAAAAAAAAAAAAAAAAAAAAAAAAAAAAAAAAAAAAAAAAAAAAAAAAAAAAAAAAAAAAAAAAAAAAAAAAAAAAAAAAAAAAAAAAAAAAAAAAAAAAAAAAAAAAAAAAAAAAAAAAAAAAAAAAAAAAAAAAAAAAAAAAAAAAAAAAAAAAAAAAAAAAAAAAAAAAAAAAAAAAAAAAAAAAAAAAAAAAAAAAAAAAAAAAAAAAAAAAAAAAAAAAAAAAAAAAAAAAAAAAAAAAAAAAAAAAAAAAAAAAAAAAAAAAAAAAAAAAAAAAAAAAAAAAAAAAAAAAAAAAAAAAAAAAAAAAAAAAAAAAAAAAAAAAAAAAAAAAAAAAAAAAAAAAAAAAAAAAAAAAAAAAAAAAAAAAAAAAAAAAAAAAAAAAAAAAAAAAAAAAAAAAAAAAAAAAAAAAAAAAAAAAAAAAAAAAAAAAAAAAAAAAAAAAAAAAAAAAAAAAAAAAAAAAAAAAAAAAAAAAAAAAAAAAAAAAAAAAAAAAAAAAAAAAAAAAAAAAAAAAAAAAAAAAAAAAAAAAAAAAAAAAAAAAAAAAAAAAAAAAAAAAAAAAAAAAAAAAAAAAAAAAAAAAAAAAAAAAAAAAAAAAAAAAAAAAAAAAAAAAAAAAAAAAAAAAAAAAAAAAAAAAAAAAAAAAAAAAAAAAAAAAAAAAAAAAAAAAAAAAAAAAAAAAAAAAAAAAAAAAAAAAAAAAAAAAAAAAAAAAAAAAAAAAAAAAAAAAAAAAAAAAAAAAAAAAAAAAAAAAAAAAAAAAAAAAAAAAAAAAAAAAAAAAAAAAAAAAAAAAAAAAAAAAAAAAAAAAAAAAAAAAAAAAAAAAAAAAAAAAAAAAAAAAAAAAAAAAAAAAAAAAAAAAAAAAAAAAAAAAAAAAAAAAAAAAAAOAy9toAAUuA6xkAAAAASUVORK5CYII=\" alt=\"Fronti\u00e8re entre Gibraltar et l'Union europ\u00e9enne\" class=\"wp-image-109996 lzl\" style=\"width:840px;height:auto\" data-lzl- data-lzl- data-lzl-src=\"https:\/\/www.europesays.com\/fr\/wp-content\/uploads\/2025\/06\/67bbda2_ftp-import-images-1-vfswm5y1c4rf-5163252-01-06.jpeg\"\/>Fronti\u00e8re entre Gibraltar et l\u2019Union europ\u00e9enneLe Rocher restera britannique <\/p>\n<p>Gibraltar, surnomm\u00e9 \u00ab le Rocher \u00bb et dont le statut de territoire britannique est contest\u00e9 depuis longtemps par l\u2019Espagne, continuera de faire partie du Royaume-Uni en vertu de cet accord.<\/p>\n<p>Le commissaire europ\u00e9en au commerce, Maro\u0161 \u0160ef\u010dovi\u010d, a salu\u00e9 un\u00a0\u00ab\u2009accord historique\u2009\u00bb, ajoutant qu\u2019il\u00a0\u00ab\u2009renforce un nouveau chapitre de nos relations\u2009\u00bb\u00a0apr\u00e8s le d\u00e9part officiel du Royaume-Uni de l\u2019UE en 2020.<\/p>\n<p>Le ministre britannique des Affaires \u00e9trang\u00e8res, David Lammy, a d\u00e9clar\u00e9 que le gouvernement travailliste\u00a0\u00ab\u2009avait h\u00e9rit\u00e9 [de l\u2019administration conservatrice pr\u00e9c\u00e9dente] d\u2019une situation\u2009qui mettait en p\u00e9ril l\u2019\u00e9conomie et le mode de vie de Gibraltar\u2009\u00bb.<\/p>\n<blockquote class=\"wp-block-quote is-layout-flow wp-block-quote-is-layout-flow\">\n<p>\u00ab\u2009La perc\u00e9e d\u2019aujourd\u2019hui apporte une solution pratique apr\u00e8s des ann\u00e9es d\u2019incertitude\u2009\u00bb<\/p>\n<p> Le ministre britannique des Affaires \u00e9trang\u00e8res, David Lammy,<\/p><\/blockquote>\n<p>Les n\u00e9gociations sur le statut de Gibraltar \u00e9taient dans l\u2019impasse depuis plusieurs ann\u00e9es. L\u2019avenir du territoire n\u2019avait pas \u00e9t\u00e9 r\u00e9gl\u00e9 dans\u00a0<a href=\"https:\/\/www.euractiv.com\/section\/politics\/news\/eu-countries-endorse-brexit-trade-deal\/\" target=\"_blank\" rel=\"noreferrer noopener\">l\u2019accord de libre-\u00e9change conclu en 2020<\/a>\u00a0entre l\u2019UE et le Royaume-Uni, qui avait suivi\u00a0<a href=\"https:\/\/www.euractiv.fr\/section\/politics\/news\/cameron-evoque-un-referendum-en-2016\/\" target=\"_blank\" rel=\"noreferrer noopener\">le r\u00e9f\u00e9rendum sur le Brexit<\/a>\u00a0en 2016.<\/p>\n<p>Quelque 34\u2009000\u00a0personnes vivent actuellement \u00e0 Gibraltar, un territoire de 6,7\u00a0km carr\u00e9s situ\u00e9 \u00e0 la pointe sud de l\u2019Espagne, c\u00e9d\u00e9 \u00e0 la Grande-Bretagne par Madrid en 1713 dans le cadre du trait\u00e9 d\u2019Utrecht.<\/p>\n<p>Avec le protocole sur l\u2019Irlande du Nord convenu par Londres et Bruxelles en 2023, Gibraltar \u00e9tait le dernier territoire britannique sans un accord clarifiant sa future relation avec l\u2019UE, note l\u2019AFP.<\/p>\n<p>  J\u2019aime \u00e7a\u00a0:<\/p>\n<p>J\u2019aime chargement\u2026<\/p>\n<p><a class=\"sd-link-color\"\/> <\/p>\n<p> Articles similaires <\/p>\n<p> <a href=\"#respond\" class=\"post-respond-button btn btn-primary\">Laisser un commentaire<\/a> <\/p>\n","protected":false},"excerpt":{"rendered":"Le Royaume-Uni et l\u2019UE ont conclu un accord\u00a0\u00ab\u2009historique\u2009\u00bb\u00a0sur l\u2019avenir de Gibraltar, mettant un terme \u00e0 plusieurs ann\u00e9es de&hellip;\n","protected":false},"author":2,"featured_media":172948,"comment_status":"","ping_status":"","sticky":false,"template":"","format":"standard","meta":{"footnotes":""},"categories":[1586],"tags":[11,1777,674,1779,1011,27,20019,12,25,1778,364],"class_list":{"0":"post-172947","1":"post","2":"type-post","3":"status-publish","4":"format-standard","5":"has-post-thumbnail","7":"category-europe","8":"tag-actualites","9":"tag-eu","10":"tag-europe","11":"tag-european-union","12":"tag-fr","13":"tag-france","14":"tag-lactu-des-expats","15":"tag-news","16":"tag-republique-francaise","17":"tag-ue","18":"tag-union-europeenne"},"share_on_mastodon":{"url":"https:\/\/pubeurope.com\/@fr\/114675202530287290","error":""},"_links":{"self":[{"href":"https:\/\/www.europesays.com\/fr\/wp-json\/wp\/v2\/posts\/172947","targetHints":{"allow":["GET"]}}],"collection":[{"href":"https:\/\/www.europesays.com\/fr\/wp-json\/wp\/v2\/posts"}],"about":[{"href":"https:\/\/www.europesays.com\/fr\/wp-json\/wp\/v2\/types\/post"}],"author":[{"embeddable":true,"href":"https:\/\/www.europesays.com\/fr\/wp-json\/wp\/v2\/users\/2"}],"replies":[{"embeddable":true,"href":"https:\/\/www.europesays.com\/fr\/wp-json\/wp\/v2\/comments?post=172947"}],"version-history":[{"count":0,"href":"https:\/\/www.europesays.com\/fr\/wp-json\/wp\/v2\/posts\/172947\/revisions"}],"wp:featuredmedia":[{"embeddable":true,"href":"https:\/\/www.europesays.com\/fr\/wp-json\/wp\/v2\/media\/172948"}],"wp:attachment":[{"href":"https:\/\/www.europesays.com\/fr\/wp-json\/wp\/v2\/media?parent=172947"}],"wp:term":[{"taxonomy":"category","embeddable":true,"href":"https:\/\/www.europesays.com\/fr\/wp-json\/wp\/v2\/categories?post=172947"},{"taxonomy":"post_tag","embeddable":true,"href":"https:\/\/www.europesays.com\/fr\/wp-json\/wp\/v2\/tags?post=172947"}],"curies":[{"name":"wp","href":"https:\/\/api.w.org\/{rel}","templated":true}]}}