{"id":172957,"date":"2025-06-13T08:56:47","date_gmt":"2025-06-13T08:56:47","guid":{"rendered":"https:\/\/www.europesays.com\/fr\/172957\/"},"modified":"2025-06-13T08:56:47","modified_gmt":"2025-06-13T08:56:47","slug":"la-france-surclassee-par-la-chine-en-ligue-des-nations-lequipe","status":"publish","type":"post","link":"https:\/\/www.europesays.com\/fr\/172957\/","title":{"rendered":"La France surclass\u00e9e par la Chine en Ligue des nations &#8211; L&#039;\u00c9quipe"},"content":{"rendered":"<ol>\n<li><a href=\"https:\/\/news.google.com\/rss\/articles\/CBMirAFBVV95cUxPb041WW1VNFlpRjV5c0l4X0V5T0ZoUXh2dkQwN01DWldiOTc0T2l5T2lzZkk0T182cy1vY25rejdWaEo3Q3ZuNVROVFF2cmF2bXVjcHd6Um5DSEs0ZUZKakRxRmhQOXFnaklYQ2tTOEZoVExHUk1VMVlRZGtVbDhqNHVQUGpZOE9aMXFYQm9LeTNRc3RUTG1FSjZScmRPdEZ3bU1jdFFIVWNzY08t?oc=5\" target=\"_blank\" rel=\"nofollow noopener\">La France surclass\u00e9e par la Chine en Ligue des nations<\/a>&nbsp;&nbsp;L&rsquo;\u00c9quipe<\/li>\n<li><a href=\"https:\/\/news.google.com\/rss\/articles\/CBMizAFBVV95cUxPX3VUcE50aVVCQ2FGRE15UlViNmZIUHZaa1dudS1sNlMzTmxYQXEtTDJROVpCM1JIeS1jNUFTOTdvcWptNVBoOWRLZXZhVUJTZU9EM1gtamdkQUwzY0hEaGVZM2syZWhEbjFUcG1BWnZaQlFlZWNtYWhQWnJYbXhKaDA3N0dDNXRaa2d1bURJbnRsamp4Q2NNQzBMRDk3Mi0tVlNvOGlZb1FoUDBMYnlXa2kyYkoxTWNTRW8wZ08wS0xwQm5QRkdGd1VZejU?oc=5\" target=\"_blank\" rel=\"nofollow noopener\">Volley-ball. Apr\u00e8s la Chine, direction la Serbie pour la Mulhousienne Enora Danard-Selosse et les Bleues<\/a>&nbsp;&nbsp;L&rsquo;Alsace<\/li>\n<li><a href=\"https:\/\/news.google.com\/rss\/articles\/CBMiugFBVV95cUxNYnlMQXdsTjczQ1pRTXB5UDdTWXNDSEtpVjItWDRtRFRNZ1huLUxjc2tUVmxDbU44dnktSlpLS1pUNGVjR015eUZhLWd1RS1WMGY5RnY2R0VQYmhKMENXdkk5UzZXVm1obEZFc1hZMW02ZVJ1alZudDJWOHdjM1hrSEFRTnMxLVJPQ1dIeUxnOTdaQlVWazIwcUYyd0cwaWZ6ZlJnV1hXOVJfaVVOZHZLOGJVUTlmUklTYXc?oc=5\" target=\"_blank\" rel=\"nofollow noopener\">L&rsquo;\u00e9quipe de France domin\u00e9e par la Tha\u00eflande en Ligue des nations<\/a>&nbsp;&nbsp;L&rsquo;\u00c9quipe<\/li>\n<li><a href=\"https:\/\/news.google.com\/rss\/articles\/CBMizgFBVV95cUxPVzd2bHhfSTQ3akpieXptVkFFRkJNV0tNdmpTcDJWQ2ktNEx6M0VOYlhuY2dNbDI5VHRNT2hnU1NGaDJCZTNCMGQ3TlFKaGtUZmJTWXdMeE1fNXJBTmhCeUt0RkNHbkRXUmg5QlM5am1UdWphWnhkQlRpTnZlWEFIeTFUYUIwOVRvWmlWbkVKN01vdzZFLTJDZ05SbTlUMEZDbUc5U1llZmxCdUF6bGduZ0Rjc0preXpXcjczNm1Zd1BmZkJfeHBvUlZsd21jUdIBzAFBVV95cUxPSzVWX2JmRlRPbTRjOF95NG5aMXZZdmlCTHozeklkejdLTGJUdEZuaFJab3dnUjRDdDZRNmNfdHNfWVhxcE1yRDdVQTRmdGhpVFZ2R2JyckMxcHZEUUgtSk5MVUNYWlJJVFBlNDVkRDd1WGVfZDNfZ2dlcDF4UXdkRDNuUWFQUEJpSlYxOVplalpqdXpSaWYxcFFDbVRTdEx0bTJaNzMzTGdiSmRzVndDckVFc00yV3U4dWIyb1VMMzJ4WnI1Z0hFclpqbXk?oc=5\" target=\"_blank\" rel=\"nofollow noopener\">Ligue des nations (F) : Ndiaye et la France brillent devant Wembanyama<\/a>&nbsp;&nbsp;Orange Actualit\u00e9s | Sports<\/li>\n<li><a href=\"https:\/\/news.google.com\/rss\/articles\/CBMi-AFBVV95cUxNdXQzSWhQVFdYQWJmaGNZTGFYYVpKZk9weGtrNlRmV01VdHpVM2VjRVNFUU1paUpWU002RjRDMkhZN0J5T0tneDNKNHdIZTY1T1VFX2pXSGtnZTBJNXd3U3NCTVRYdmNsc2U3SVVCakdod09KLUFScW5PMnFhcFZ4YnpzVHFKQ2JfMjFPV19vbW51TWtIRjBFNnpRazN5YmRKQnBpS2tOZmd6NVJHZi0wd2tQbzJyazNIcWdRenhudG5xbnAwcWxRc1pDOHZ5M0RpQ0VKRmY5QS1uZWlKR2pKX3JMWFZwS1UzSDFEWUJJRldoNkpYTXI5VA?oc=5\" target=\"_blank\" rel=\"nofollow noopener\">Ligue des nations f\u00e9minine de volley. D\u00e9cevantes, les Bleues vaincues par la Tha\u00eflande, derni\u00e8re<\/a>&nbsp;&nbsp;Ouest-France<\/li>\n<\/ol>\n","protected":false},"excerpt":{"rendered":"La France surclass\u00e9e par la Chine en Ligue des nations&nbsp;&nbsp;L&rsquo;\u00c9quipe Volley-ball. Apr\u00e8s la Chine, direction la Serbie pour&hellip;\n","protected":false},"author":2,"featured_media":172958,"comment_status":"","ping_status":"","sticky":false,"template":"","format":"standard","meta":{"footnotes":""},"categories":[1417],"tags":[1011,27,60,1470,1469],"class_list":{"0":"post-172957","1":"post","2":"type-post","3":"status-publish","4":"format-standard","5":"has-post-thumbnail","7":"category-volley","8":"tag-fr","9":"tag-france","10":"tag-sports","11":"tag-volley","12":"tag-volleyball"},"share_on_mastodon":{"url":"https:\/\/pubeurope.com\/@fr\/114675229866300115","error":""},"_links":{"self":[{"href":"https:\/\/www.europesays.com\/fr\/wp-json\/wp\/v2\/posts\/172957","targetHints":{"allow":["GET"]}}],"collection":[{"href":"https:\/\/www.europesays.com\/fr\/wp-json\/wp\/v2\/posts"}],"about":[{"href":"https:\/\/www.europesays.com\/fr\/wp-json\/wp\/v2\/types\/post"}],"author":[{"embeddable":true,"href":"https:\/\/www.europesays.com\/fr\/wp-json\/wp\/v2\/users\/2"}],"replies":[{"embeddable":true,"href":"https:\/\/www.europesays.com\/fr\/wp-json\/wp\/v2\/comments?post=172957"}],"version-history":[{"count":0,"href":"https:\/\/www.europesays.com\/fr\/wp-json\/wp\/v2\/posts\/172957\/revisions"}],"wp:featuredmedia":[{"embeddable":true,"href":"https:\/\/www.europesays.com\/fr\/wp-json\/wp\/v2\/media\/172958"}],"wp:attachment":[{"href":"https:\/\/www.europesays.com\/fr\/wp-json\/wp\/v2\/media?parent=172957"}],"wp:term":[{"taxonomy":"category","embeddable":true,"href":"https:\/\/www.europesays.com\/fr\/wp-json\/wp\/v2\/categories?post=172957"},{"taxonomy":"post_tag","embeddable":true,"href":"https:\/\/www.europesays.com\/fr\/wp-json\/wp\/v2\/tags?post=172957"}],"curies":[{"name":"wp","href":"https:\/\/api.w.org\/{rel}","templated":true}]}}