{"id":172963,"date":"2025-06-13T09:00:11","date_gmt":"2025-06-13T09:00:11","guid":{"rendered":"https:\/\/www.europesays.com\/fr\/172963\/"},"modified":"2025-06-13T09:00:11","modified_gmt":"2025-06-13T09:00:11","slug":"morbidelli-aldeguer-le-duel-qui-a-electrise-aragon-de-ladrenaline-pure","status":"publish","type":"post","link":"https:\/\/www.europesays.com\/fr\/172963\/","title":{"rendered":"Morbidelli-Aldeguer, le duel qui a \u00e9lectris\u00e9 Arag\u00f3n\u00a0: \u00ab\u00a0De l&rsquo;adr\u00e9naline pure\u00a0!\u00a0\u00bb"},"content":{"rendered":"<p><a href=\"https:\/\/fr.motorsport.com\/driver\/franco-morbidelli\/109417\/\" target=\"_blank\" rel=\"noopener\">Franco Morbidelli<\/a> n&rsquo;est plus l&rsquo;ombre qu&rsquo;il a \u00e9t\u00e9 en piste ces derni\u00e8res saisons, lourdement impact\u00e9 par les difficult\u00e9s de Yamaha puis par deux grosses blessures, l&rsquo;une au genou et l&rsquo;autre \u00e0 la t\u00eate. Revenu en forme, l&rsquo;Italien profite de la confiance du groupe VR46 pour s&rsquo;offrir une cure de jouvence cette ann\u00e9e, seul pilote \u00e0 avoir conserv\u00e9 la Ducati GP24 pour continuer \u00e0 en exploiter des qualit\u00e9s unanimement reconnues.<\/p>\n<p>\u00c0 l&rsquo;exception d&rsquo;une petite baisse de r\u00e9gime entre Jerez et Le Mans, Morbidelli multiplie les grosses performances. On l&rsquo;a vu monter deux fois sur le podium, en plus d&rsquo;une troisi\u00e8me place en sprint, et on l&rsquo;a aussi vu manquer la r\u00e9compense de peu apr\u00e8s des batailles nourries.<\/p>\n<p>Ce fut le cas une nouvelle fois le week-end dernier \u00e0 Alca\u00f1iz. <a href=\"https:\/\/fr.motorsport.com\/motogp\/news\/morbidelli-reste-tres-accusateur-espargaro\/10729830\/\" target=\"_self\" rel=\"noopener\">Malgr\u00e9 une fracture au pied \u00e0 Silverstone<\/a>, le pilote VR46 a encore fait le show en luttant bec et ongles contre <a href=\"https:\/\/fr.motorsport.com\/driver\/fermin-aldeguer\/945314\/\" target=\"_blank\" rel=\"noopener\">Ferm\u00edn Aldeguer<\/a>, sur la m\u00eame moto que lui aux couleurs de Gresini.\u00a0Ils ont d&rsquo;abord crois\u00e9 le fer dans le sprint, o\u00f9 l&rsquo;avantage est revenu \u00e0 l&rsquo;Espagnol avec un pneu arri\u00e8re plus dur que celui de Morbidelli. Puis, ils se sont recrois\u00e9s dans la course longue et ils ont livr\u00e9\u00a0l\u00e0 un spectacle \u00e9blouissant.<\/p>\n<p>\u00ab\u00a0\u00c7a a \u00e9t\u00e9 une tr\u00e8s belle bagarre, apr\u00e8s une course rude, durant laquelle j&rsquo;ai eu beaucoup de mal\u00a0\u00bb, a expliqu\u00e9 Franco Morbidelli, qui n&rsquo;avait pas r\u00e9ussi \u00e0 suivre le groupe de t\u00eate au lancement du Grand Prix. \u00ab\u00a0C&rsquo;est comme si, ce week-end, on avait tr\u00e8s bien travaill\u00e9 pour le tour qualifs, mais pas suffisamment pour les deux courses parce que je n&rsquo;avais pas un tr\u00e8s bon potentiel ni au d\u00e9but du sprint, ni au d\u00e9but de la course longue. Je prenais trop de risques pour ne serait-ce que me rattraper d&rsquo;un d\u00e9part qui n&rsquo;a pas \u00e9t\u00e9 tr\u00e8s bon.\u00a0\u00bb<\/p>\n<p>\u00a0<\/p>\n<p>\u00ab\u00a0J&rsquo;ai essay\u00e9, mais j&rsquo;ai failli tomber trois fois\u00a0\u00bb, a r\u00e9v\u00e9l\u00e9 le pilote italien, n\u00e9anmoins satisfait de sa prestation g\u00e9n\u00e9rale malgr\u00e9 ces difficult\u00e9s. \u00ab\u00a0On s&rsquo;attendait tous \u00e0 quelque chose de mieux du sprint comme de la course de dimanche, mais je n&rsquo;ai pas r\u00e9ussi \u00e0 avoir une bonne vitesse dans la phase initiale.\u00a0\u00bb<\/p>\n<p>\u00ab\u00a0Je suis donc vraiment content d&rsquo;avoir r\u00e9ussi \u00e0 ramener la moto \u00e0 l&rsquo;arriv\u00e9e, et encore plus de l&rsquo;avoir fait en cinqui\u00e8me position parce que je me suis retrouv\u00e9 \u00e0 me battre contre Ferm\u00edn. \u00c7a a \u00e9t\u00e9 une belle bagarre, il avait un gros potentiel sur la fin et je suis content d&rsquo;avoir r\u00e9ussi \u00e0 prendre le dessus. Il \u00e9tait vraiment fort\u00a0!\u00a0\u00bb<\/p>\n<p>Une lutte o\u00f9 l&rsquo;on agit \u00ab\u00a0\u00e0 l&rsquo;instinct\u00a0\u00bb<\/p>\n<p>Ce duel spectaculaire entre les deux hommes a fini par attirer toute l&rsquo;attention sur la fin du Grand Prix, alors que <a href=\"https:\/\/fr.motorsport.com\/driver\/marc-marquez\/92646\/\" target=\"_blank\" rel=\"noopener\">Marc M\u00e1rquez<\/a> avait largement course gagn\u00e9e et que ses trois premiers poursuivants \u00e9taient inatteignables.<\/p>\n<p>Pour Ferm\u00edn Aldeguer, qui d\u00e9bute cette saison en MotoGP, c&rsquo;est encore une exp\u00e9rience de plus \u00e0 son compteur, aux c\u00f4t\u00e9s d&rsquo;un pilote qui a de la bouteille et ne m\u00e9nage pas ses adversaires. Tous deux ont multipli\u00e9 les d\u00e9passements, jouant litt\u00e9ralement des coudes, jusqu&rsquo;\u00e0 ce que Morbidelli prenne d\u00e9finitivement l&rsquo;ascendant dans le dernier tour.<\/p>\n<p>\u00ab\u00a0Je ne sais pas si \u00e7a a \u00e9t\u00e9 agressif ou pas,\u00a0c&rsquo;\u00e9tait juste une belle bagarre,\u00a0\u00bb a soulign\u00e9 celui-ci. Et ce contact \u00e0 plus de 200 km\/h\u00a0?\u00a0\u00ab\u00a0Je n&rsquo;avais que de l&rsquo;adr\u00e9naline pure dans la t\u00eate\u00a0!\u00a0Je pourrais vous en donner un shot\u00a0!\u00a0[&#8230;]\u00a0Je pense que ce sont des moments o\u00f9 l&rsquo;on agit vraiment \u00e0 l&rsquo;instinct.\u00a0\u00bb<\/p>\n<p>   <img decoding=\"async\" draggable=\"false\" src=\"https:\/\/www.europesays.com\/fr\/wp-content\/uploads\/2025\/06\/1749805211_695_franco-morbidelli-vr46-racing-.jpg\" alt=\"Franco Morbidelli a fini par remporter la cinqui\u00e8me place.\" width=\"1200\" height=\"800\" loading=\"lazy\"\/> <\/p>\n<p class=\"title\">Franco Morbidelli a fini par remporter la cinqui\u00e8me place.<\/p>\n<p class=\"photographer\">Photo de: Gold and Goose Photography \/ LAT Images \/ via Getty Images<\/p>\n<p>\u00ab\u00a0Morbidelli est un dur \u00e0 cuire\u00a0!\u00a0Il est tr\u00e8s exp\u00e9riment\u00e9. \u00c0 chaque fois que je le d\u00e9passais, il saisissait la moindre occasion pour me repasser devant. On s&rsquo;est touch\u00e9, on a perdu du temps\u00a0\u00bb, a expliqu\u00e9 Aldeguer, \u00e9voquant \u00e9galement un premier contact dans un d\u00e9but de course que tous deux ont v\u00e9cu assez difficilement.<\/p>\n<p>\u00ab\u00a0Je ne suis pas totalement satisfait. Si j&rsquo;avais remport\u00e9 cette bagarre et fini cinqui\u00e8me, je le serai sans doute plus. [&#8230;] Il a gagn\u00e9, mais je suis rookie, je dois m&rsquo;estimer satisfait\u00a0\u00bb, ajoutait le jeune pilote \u00e0 chaud. \u00ab\u00a0J&rsquo;en tire des le\u00e7ons tr\u00e8s utiles. En d\u00e9but de saison, je n&rsquo;arrivais pas \u00e0 d\u00e9passer, maintenant je me bats face \u00e0 l&rsquo;un des pilotes les plus exp\u00e9riment\u00e9s.\u00a0\u00bb<\/p>\n<p>Morbidelli n&rsquo;a en tout cas pas retenu ses compliments \u00e0 l&rsquo;\u00e9gard de son jeune rival\u00a0:\u00a0\u00ab\u00a0Il \u00e9tait vraiment fort. \u00c7a m&rsquo;a fait penser \u00e0 ma bagarre face \u00e0 Marc \u00e0 Silverstone, \u00e0 la diff\u00e9rence de la fin\u00a0:\u00a0Marc, je n&rsquo;ai pas r\u00e9ussi \u00e0 le battre, alors que cette fois, j&rsquo;y sui arriv\u00e9 avec Ferm\u00edn. Mais il a \u00e9t\u00e9 tr\u00e8s fort.\u00a0\u00bb<\/p>\n<p style=\"text-align: right;\">Avec Germ\u00e1n Garcia Casanova<\/p>\n<p>Lire aussi :<\/p>\n<p>Dans cet article<\/p>\n<p>    L\u00e9na Buffa\n<\/p>\n<p>    MotoGP\n<\/p>\n<p>    Franco Morbidelli\n<\/p>\n<p>    Ferm\u00edn Aldeguer\n<\/p>\n<p>    Gresini Racing\n<\/p>\n<p>    Team VR46\n<\/p>\n<p>Soyez le premier inform\u00e9 et souscrivez aux alertes mails pour recevoir les infos en temps r\u00e9el<\/p>\n<p>    S&rsquo;abonner aux alertes de news<\/p>\n","protected":false},"excerpt":{"rendered":"Franco Morbidelli n&rsquo;est plus l&rsquo;ombre qu&rsquo;il a \u00e9t\u00e9 en piste ces derni\u00e8res saisons, lourdement impact\u00e9 par les difficult\u00e9s&hellip;\n","protected":false},"author":2,"featured_media":172964,"comment_status":"","ping_status":"","sticky":false,"template":"","format":"standard","meta":{"footnotes":""},"categories":[1413],"tags":[3453,1011,27,7985,26452,3452,1457,1456,1458,26453,60,7276],"class_list":{"0":"post-172963","1":"post","2":"type-post","3":"status-publish","4":"format-standard","5":"has-post-thumbnail","7":"category-moto","8":"tag-fermu00edn-aldeguer","9":"tag-fr","10":"tag-france","11":"tag-franco-morbidelli","12":"tag-gp-daragu00f3n","13":"tag-gresini-racing","14":"tag-moto","15":"tag-motocycle","16":"tag-motogp","17":"tag-motorland-aragu00f3n","18":"tag-sports","19":"tag-team-vr46"},"share_on_mastodon":{"url":"https:\/\/pubeurope.com\/@fr\/114675242039843240","error":""},"_links":{"self":[{"href":"https:\/\/www.europesays.com\/fr\/wp-json\/wp\/v2\/posts\/172963","targetHints":{"allow":["GET"]}}],"collection":[{"href":"https:\/\/www.europesays.com\/fr\/wp-json\/wp\/v2\/posts"}],"about":[{"href":"https:\/\/www.europesays.com\/fr\/wp-json\/wp\/v2\/types\/post"}],"author":[{"embeddable":true,"href":"https:\/\/www.europesays.com\/fr\/wp-json\/wp\/v2\/users\/2"}],"replies":[{"embeddable":true,"href":"https:\/\/www.europesays.com\/fr\/wp-json\/wp\/v2\/comments?post=172963"}],"version-history":[{"count":0,"href":"https:\/\/www.europesays.com\/fr\/wp-json\/wp\/v2\/posts\/172963\/revisions"}],"wp:featuredmedia":[{"embeddable":true,"href":"https:\/\/www.europesays.com\/fr\/wp-json\/wp\/v2\/media\/172964"}],"wp:attachment":[{"href":"https:\/\/www.europesays.com\/fr\/wp-json\/wp\/v2\/media?parent=172963"}],"wp:term":[{"taxonomy":"category","embeddable":true,"href":"https:\/\/www.europesays.com\/fr\/wp-json\/wp\/v2\/categories?post=172963"},{"taxonomy":"post_tag","embeddable":true,"href":"https:\/\/www.europesays.com\/fr\/wp-json\/wp\/v2\/tags?post=172963"}],"curies":[{"name":"wp","href":"https:\/\/api.w.org\/{rel}","templated":true}]}}