{"id":172973,"date":"2025-06-13T09:05:09","date_gmt":"2025-06-13T09:05:09","guid":{"rendered":"https:\/\/www.europesays.com\/fr\/172973\/"},"modified":"2025-06-13T09:05:09","modified_gmt":"2025-06-13T09:05:09","slug":"un-don-exceptionnel-de-180-oeuvres-de-kamel-mennour-et-de-sa-galerie-au-musee-dart-moderne-de-paris","status":"publish","type":"post","link":"https:\/\/www.europesays.com\/fr\/172973\/","title":{"rendered":"Un don exceptionnel de 180 \u0153uvres de Kamel Mennour et de sa galerie au mus\u00e9e d\u2019Art moderne de Paris"},"content":{"rendered":"<p class=\"pt-dp-p font-text-light text-lg leading-normal tracking-wide mb-base last:mb-0\" itemprop=\"text\">Kamel Mennour et sa galerie ont annonc\u00e9 ce 12\u00a0juin 2025 une donation d\u2019envergure, soit 180\u00a0\u0153uvres, au <a class=\"transition-colors duration-default shadow-externalLink hover:text-blue-900\" href=\"https:\/\/www.mam.paris.fr\/\" target=\"_blank\" rel=\"noopener\">mus\u00e9e d\u2019Art moderne de Paris<\/a> (MAM). Ce don, qui comprendra des pi\u00e8ces de plus de 45\u00a0artistes, refl\u00e8te, selon l\u2019enseigne d\u2019art contemporain et l\u2019institution, la richesse et la diversit\u00e9 du parcours de la galerie depuis sa cr\u00e9ation en 1999, ainsi que la qualit\u00e9 de son regard artistique unique. Toujours selon les deux parties, cette initiative t\u00e9moigne de l\u2019attachement profond de Kamel Mennour \u00e0 la Ville de Paris, capitale des arts, et au MAM. \u00ab\u00a0La galerie a eu 25\u00a0ans \u00e0 l\u2019automne dernier. Autant d\u2019ann\u00e9es au service de mes artistes, \u00e0 les accompagner, \u00e0 promouvoir et \u00e0 diffuser leur travail. Cette donation au mus\u00e9e d\u2019Art moderne de Paris, et \u00e0 la collectivit\u00e9 de mani\u00e8re plus g\u00e9n\u00e9rale, est pour moi une \u00e9vidence. Paris, c\u2019est la ville o\u00f9 je vis et o\u00f9 je travaille depuis toujours\u00a0\u00bb, a d\u00e9clar\u00e9 Kamel Mennour, \u00e0 l\u2019initiative de la donation.<\/p>\n<p class=\"pt-dp-p font-text-light text-lg leading-normal tracking-wide mb-base last:mb-0\" itemprop=\"text\">Les \u0153uvres offertes int\u00e9greront officiellement les collections permanentes du MAM apr\u00e8s les processus d\u2019acquisition et de validation par Paris Mus\u00e9es et l\u2019\u00c9tat. Parmi ces plus de45\u00a0artistes ayant marqu\u00e9 la sc\u00e8ne contemporaine ces derni\u00e8res d\u00e9cennies figurent Alicja Kwade, Petrit Halilaj, Mohamed Bourouissa, Camille Henrot, Latifa Echakhch ou Dhewadi Hadjab, ainsi que d\u2019autres figures de premier plan, comme Yona Friedman, Fran\u00e7ois Morellet, Gina Pane, Bertrand Lavier, Anish Kapoor, Daniel Buren, Ugo Rondinone, Lee Ufan, Douglas Gordon, Huang Yong Ping, Tadashi Kawamata, Zineb Sedira ou encore Philippe Parreno. \u00ab\u00a0Leurs \u0153uvres viendront enrichir en profondeur les collections du mus\u00e9e d\u2019Art Moderne de Paris, renfor\u00e7ant sa capacit\u00e9 \u00e0 repr\u00e9senter la richesse et la complexit\u00e9 de la cr\u00e9ation contemporaine\u00a0\u00bb, pr\u00e9cisent l\u2019enseigne et le mus\u00e9e, tout en soulignant le r\u00f4le essentiel des galeries dans le soutien aux artistes.<\/p>\n<p class=\"pt-dp-p font-text-light text-lg leading-normal tracking-wide mb-base last:mb-0\" itemprop=\"text\">Il ne s\u2019agit pas du premier don effectu\u00e9 par la galerie puisqu\u2019elle a d\u00e9j\u00e0 donn\u00e9 des \u0153uvres au Centre\u00a0Pompidou \u00e0 Paris ou au MoMA de New\u00a0York, entre autres. Ni d&rsquo;un cas isol\u00e9 parmi les grands galeristes fran\u00e7ais, puisqu&rsquo;il fait notamment \u00e9cho au don en 2024 par Emmanuel Perrotin et ses artistes <a class=\"transition-all duration-default shadow-internalLink hover:text-red-900\" href=\"https:\/\/www.artnewspaper.fr\/2024\/09\/16\/une-donation-exceptionnelle-de-la-galerie-perrotin-au-centre-pompidou\" target=\"_blank\" rel=\"noopener\">de 23 \u0153uvres au Centre Pompidou<\/a>. Pourquoi ici ce choix du MAM, au-del\u00e0 de la raison premi\u00e8re qu\u2019est la fermeture du Centre\u00a0Pompidou au public jusqu\u2019en 2030 pour travaux\u00a0? \u00ab\u00a0J\u2019ai vu tellement d\u2019expositions du mus\u00e9e, \u00e0 l\u2019ARC [Animation-Recherche-Confrontation, d\u00e9partement du MAM], et je m\u2019y suis fait mon \u0153il, c\u2019\u00e9tait une sorte d\u2019\u00e9vidence\u00a0\u00bb, confie Kamel Mennour. Et de poursuivre\u00a0: \u00ab\u00a0Depuis celle du galeriste Michael Werner [pr\u00e9sent\u00e9e en 2012-2013, ndlr], il n\u2019y avait pas eu de donation de cette ampleur\u00a0! Finalement, une galerie additionne les expositions mais ici, celle pr\u00e9vue permettra d\u2019offrir un panorama de nos choix d\u2019artistes jeunes et moins jeunes. D\u00e9couvrir l\u2019art et devenir galeriste ont \u00e9t\u00e9 pour moi un cadeau de la vie, j\u2019ai d\u00e9marr\u00e9 de z\u00e9ro. Il m\u2019\u00e9tait naturel de rendre ce que j\u2019ai re\u00e7u. C\u2019est ma modeste participation \u00e0 cet essor actuel de Paris, qui n\u2019existait pas quand j\u2019ai d\u00e9marr\u00e9, et d\u2019en t\u00e9moigner \u00e0 travers les artistes que nous accompagnons\u00a0\u00bb.<\/p>\n<p class=\"pt-dp-p font-text-light text-lg leading-normal tracking-wide mb-base last:mb-0\" itemprop=\"text\">Une exposition d\u00e9di\u00e9e \u00e0 cette donation est pr\u00e9vue en 2027 dans les salles de l\u2019ARC, au dernier \u00e9tage du mus\u00e9e, accompagn\u00e9e d\u2019un catalogue d\u00e9taill\u00e9. \u00ab\u00a0Cette donation est l\u2019une des plus importantes de l\u2019histoire du mus\u00e9e et un enrichissement consid\u00e9rable des mus\u00e9es de la Ville de Paris\u00a0\u00bb, a d\u00e9clar\u00e9 pour sa part Fabrice Hergott, directeur du MAM.<\/p>\n","protected":false},"excerpt":{"rendered":"Kamel Mennour et sa galerie ont annonc\u00e9 ce 12\u00a0juin 2025 une donation d\u2019envergure, soit 180\u00a0\u0153uvres, au mus\u00e9e d\u2019Art&hellip;\n","protected":false},"author":2,"featured_media":172974,"comment_status":"","ping_status":"","sticky":false,"template":"","format":"standard","meta":{"footnotes":""},"categories":[1358],"tags":[1396,1348,1384,1385,1386,58,26231,59,1011,27,30810,30809,30808,30811],"class_list":{"0":"post-172973","1":"post","2":"type-post","3":"status-publish","4":"format-standard","5":"has-post-thumbnail","7":"category-arts-et-design","8":"tag-art-contemporain","9":"tag-arts","10":"tag-arts-and-design","11":"tag-arts-et-design","12":"tag-design","13":"tag-divertissement","14":"tag-donations","15":"tag-entertainment","16":"tag-fr","17":"tag-france","18":"tag-kamel-mennour","19":"tag-mennour","20":"tag-musee-dart-moderne-de-paris-mam","21":"tag-musees-et-institutions"},"share_on_mastodon":{"url":"https:\/\/pubeurope.com\/@fr\/114675261480492466","error":""},"_links":{"self":[{"href":"https:\/\/www.europesays.com\/fr\/wp-json\/wp\/v2\/posts\/172973","targetHints":{"allow":["GET"]}}],"collection":[{"href":"https:\/\/www.europesays.com\/fr\/wp-json\/wp\/v2\/posts"}],"about":[{"href":"https:\/\/www.europesays.com\/fr\/wp-json\/wp\/v2\/types\/post"}],"author":[{"embeddable":true,"href":"https:\/\/www.europesays.com\/fr\/wp-json\/wp\/v2\/users\/2"}],"replies":[{"embeddable":true,"href":"https:\/\/www.europesays.com\/fr\/wp-json\/wp\/v2\/comments?post=172973"}],"version-history":[{"count":0,"href":"https:\/\/www.europesays.com\/fr\/wp-json\/wp\/v2\/posts\/172973\/revisions"}],"wp:featuredmedia":[{"embeddable":true,"href":"https:\/\/www.europesays.com\/fr\/wp-json\/wp\/v2\/media\/172974"}],"wp:attachment":[{"href":"https:\/\/www.europesays.com\/fr\/wp-json\/wp\/v2\/media?parent=172973"}],"wp:term":[{"taxonomy":"category","embeddable":true,"href":"https:\/\/www.europesays.com\/fr\/wp-json\/wp\/v2\/categories?post=172973"},{"taxonomy":"post_tag","embeddable":true,"href":"https:\/\/www.europesays.com\/fr\/wp-json\/wp\/v2\/tags?post=172973"}],"curies":[{"name":"wp","href":"https:\/\/api.w.org\/{rel}","templated":true}]}}