{"id":172975,"date":"2025-06-13T09:06:11","date_gmt":"2025-06-13T09:06:11","guid":{"rendered":"https:\/\/www.europesays.com\/fr\/172975\/"},"modified":"2025-06-13T09:06:11","modified_gmt":"2025-06-13T09:06:11","slug":"la-premiere-fete-du-livre-de-lassociation-lorgues-en-fete-aura-lieu-ce-dimanche","status":"publish","type":"post","link":"https:\/\/www.europesays.com\/fr\/172975\/","title":{"rendered":"La premi\u00e8re f\u00eate du livre de l&rsquo;association Lorgues en f\u00eate aura lieu ce dimanche"},"content":{"rendered":"<p>Il s\u2019agit d\u2019une grande premi\u00e8re pour Fr\u00e9d\u00e9ric Louis, plac\u00e9 \u00e0 la t\u00eate de l\u2019association Lorgues en f\u00eate il y a deux ans: la programmation d\u2019une animation autour du th\u00e8me du livre. \u00ab\u00a0On a constat\u00e9 qu\u2019il existait une demande \u00e0 ce sujet. Alors, on s\u2019est lanc\u00e9 il y a un an\u00a0\u00bb, explique-t-il.<\/p>\n<p>Apr\u00e8s observations au sein de diff\u00e9rents salons du livre dans la r\u00e9gion, l\u2019\u00e9quipe associative compos\u00e9e d\u2019une trentaine de membres d\u00e9marche directement les auteurs, fait sonner les portables de potentiels exposants et adresse autant de courriels que possible. Une soixantaine d\u2019auteurs est donc attendue sur la place Trussy ce dimanche 15 juin, de 10h \u00e0 17 heures.<\/p>\n<p>Parmi eux le prix Goncourt 2023, Jean-Baptiste Andrea, r\u00e9compens\u00e9 pour Veiller sur elle (\u00e9ditions L\u2019Iconoclaste) et Jean-Claude Brighelli, connu pour son best-seller La fabrique du cr\u00e9tin.<\/p>\n<p>Les b\u00e9n\u00e9voles ont tenu cependant \u00e0 se d\u00e9marquer afin de proposer une formule originale. Ce sera celle de l\u2019apprentissage de la lecture pour les personnes en difficult\u00e9s.<\/p>\n<p>Du braille et des ouvrages pour \u00ab\u00a0dys\u00a0\u00bb<\/p>\n<p>Ainsi, les personnes malvoyantes ou non voyantes d\u00e9couvriront le livre de Gilles Mottet, Le v\u00e9n\u00e9rable M\u00e9l\u00e8ze, aux \u00e9ditions de l\u2019arboretum. Les textes sont sous forme de bi-\u00e9criture avec une traduction syst\u00e9matique en braille et les illustrations sont en relief. Des QR code renvoient \u00e0 une version audio, musicale. On y trouve m\u00eame une carte aux huiles essentielles de m\u00e9l\u00e8ze! Une version du Petit Prince sera disponible en braille \u00e9galement.<\/p>\n<p>Les personnes dyslexiques trouveront des ouvrages adapt\u00e9s avec des syllabes color\u00e9es, sp\u00e9cialement con\u00e7us pour cette diff\u00e9rence d\u2019apprentissage.<\/p>\n<p>Une dizaine d\u2019illustrateurs ont r\u00e9pondu pr\u00e9sent pour proposer leurs cr\u00e9ations imag\u00e9es, parfaites pour tout public, pris\u00e9es aussi des petits lecteurs.<\/p>\n<p>La salle de cin\u00e9ma voisine sera l\u2019\u00e9crin pour accueillir les rencontres avec les auteurs et les conf\u00e9renciers, parmi lesquels le Ni\u00e7ois Henri Baviera, 90 ans, peintre et \u00ab\u00a0tr\u00e8s branch\u00e9 po\u00e9sie\u00a0\u00bb.<\/p>\n<p>Le centre culturel proposera une exposition sur l\u2019histoire de l\u2019\u00e9criture.<\/p>\n<p>Un d\u00e9fi a \u00e9t\u00e9 propos\u00e9 aux enfants ainsi qu\u2019aux r\u00e9sidents de l\u2019Ehpad: les premiers sont invit\u00e9s \u00e0 \u00e9crire un po\u00e8me tandis que les seconds doivent composer des bandes dessin\u00e9es, \u00ab\u00a0chacun sortant de sa zone de confort.\u00a0\u00bb<\/p>\n<p>Chaque visiteur, jeune ou adulte, pourra profiter des ateliers d\u2019\u00e9criture pour davantage d\u2019interactivit\u00e9.<\/p>\n<p>            Ateliers, rencontres, d\u00e9dicaces, conf\u00e9rences<\/p>\n<p>L\u2019\u00e9v\u00e9nement aura lieu toute la journ\u00e9e de 10h \u00e0 17h sur la place Trussy (police municipale) et dans les environs.<\/p>\n<p>Ateliers et expositions<\/p>\n<p>Ateliers d\u2019\u00e9criture pour les enfants de 6 \u00e0 15 ans, de 10h \u00e0 12h, et pour les adultes, de 14h \u00e0 16h, au foyer Lou Cantoun. Inscription sur place dans la limite des places disponibles.<\/p>\n<p>Les expositions auront lieu au centre culturel de 10h \u00e0 18h: \u00ab\u00a0Le roman de l\u2019\u00e9criture\u00a0\u00bb, peintures d\u2019Henri Baviera, participation des \u00e9coles de Lorgues en po\u00e9sie, participation de l\u2019Ehpad Notre-Dame-des-Anges en BD.<\/p>\n<p>Rencontres avec les auteurs, d\u00e9bats et conf\u00e9rences<\/p>\n<p>&#8211; De 10h30 \u00e0 10h50, Gilles Mottet, sur le th\u00e8me de l\u2019\u00e9dition en braille.<\/p>\n<p>&#8211; De 11h \u00e0 12h, Henri Baviera, sur la po\u00e9sie.<\/p>\n<p>&#8211; De 12h \u00e0 12h30 Marie-Jos\u00e9 Aubourg-Iberti, sur la psycho-g\u00e9n\u00e9alogie.<\/p>\n<p>&#8211; De 14h \u00e0 15h, Patrick Savreux, avec Andr\u00e9 Ottou et Dominique Vietti-Letoille sur l\u2019exil et le d\u00e9racinement.<\/p>\n<p>&#8211; De 15h15 \u00e0 15h45, Aude Marongiu, sur la place de la romance.<\/p>\n<p>&#8211; De 16h \u00e0 16h30, \u00c9lisabeth Bouderlique, sur l\u2019apprentissage de la lecture et les r\u00e9flexes archa\u00efques.<\/p>\n<p>&#8211; De 16h45 \u00e0 17h, Michel Aguilar, Le g\u00e9ocaching sanglant.<\/p>\n","protected":false},"excerpt":{"rendered":"Il s\u2019agit d\u2019une grande premi\u00e8re pour Fr\u00e9d\u00e9ric Louis, plac\u00e9 \u00e0 la t\u00eate de l\u2019association Lorgues en f\u00eate il&hellip;\n","protected":false},"author":2,"featured_media":172976,"comment_status":"","ping_status":"","sticky":false,"template":"","format":"standard","meta":{"footnotes":""},"categories":[1357],"tags":[1379,58,59,1011,27,1380,3366],"class_list":{"0":"post-172975","1":"post","2":"type-post","3":"status-publish","4":"format-standard","5":"has-post-thumbnail","7":"category-livres","8":"tag-books","9":"tag-divertissement","10":"tag-entertainment","11":"tag-fr","12":"tag-france","13":"tag-livres","14":"tag-vie-locale"},"share_on_mastodon":{"url":"https:\/\/pubeurope.com\/@fr\/114675265301241937","error":""},"_links":{"self":[{"href":"https:\/\/www.europesays.com\/fr\/wp-json\/wp\/v2\/posts\/172975","targetHints":{"allow":["GET"]}}],"collection":[{"href":"https:\/\/www.europesays.com\/fr\/wp-json\/wp\/v2\/posts"}],"about":[{"href":"https:\/\/www.europesays.com\/fr\/wp-json\/wp\/v2\/types\/post"}],"author":[{"embeddable":true,"href":"https:\/\/www.europesays.com\/fr\/wp-json\/wp\/v2\/users\/2"}],"replies":[{"embeddable":true,"href":"https:\/\/www.europesays.com\/fr\/wp-json\/wp\/v2\/comments?post=172975"}],"version-history":[{"count":0,"href":"https:\/\/www.europesays.com\/fr\/wp-json\/wp\/v2\/posts\/172975\/revisions"}],"wp:featuredmedia":[{"embeddable":true,"href":"https:\/\/www.europesays.com\/fr\/wp-json\/wp\/v2\/media\/172976"}],"wp:attachment":[{"href":"https:\/\/www.europesays.com\/fr\/wp-json\/wp\/v2\/media?parent=172975"}],"wp:term":[{"taxonomy":"category","embeddable":true,"href":"https:\/\/www.europesays.com\/fr\/wp-json\/wp\/v2\/categories?post=172975"},{"taxonomy":"post_tag","embeddable":true,"href":"https:\/\/www.europesays.com\/fr\/wp-json\/wp\/v2\/tags?post=172975"}],"curies":[{"name":"wp","href":"https:\/\/api.w.org\/{rel}","templated":true}]}}