{"id":172982,"date":"2025-06-13T09:10:16","date_gmt":"2025-06-13T09:10:16","guid":{"rendered":"https:\/\/www.europesays.com\/fr\/172982\/"},"modified":"2025-06-13T09:10:16","modified_gmt":"2025-06-13T09:10:16","slug":"deux-medicaments-juges-dangereux-pour-le-cerveau","status":"publish","type":"post","link":"https:\/\/www.europesays.com\/fr\/172982\/","title":{"rendered":"deux m\u00e9dicaments jug\u00e9s dangereux pour le cerveau"},"content":{"rendered":"<p>             <a href=\"https:\/\/ma-sante.news\/wp-content\/uploads\/2025\/06\/meningiome-progestatif-Luteran-Lutenyl-surveillance-tumeur-cerveau-cerebrale-Ma-Sante-.jpg\" data-caption=\"Le m\u00e9ningiome est une tumeur b\u00e9nigne du cerveau pouvant causer des troubles neurologiques. \u00a9 Freepik\" target=\"_blank\" rel=\"noopener\"><img loading=\"lazy\" decoding=\"async\" width=\"696\" height=\"464\" class=\"entry-thumb td-modal-image\" src=\"data:image\/svg+xml,%3Csvg%20xmlns=\" http:=\"\" data-lazy- data-lazy- alt=\"Une femme sous surveillance IRM pour suspicion de m\u00e9ningiome \u00e0 cause de progestatifs puissants.\" title=\"me\u0301ningiome progestatif Luteran Lute\u0301nyl surveillance tumeur cerveau ce\u0301re\u0301brale Ma Sante\u0301\" data-lazy-src=\"https:\/\/www.europesays.com\/fr\/wp-content\/uploads\/2025\/06\/meningiome-progestatif-Luteran-Lutenyl-surveillance-tumeur-cerveau-cerebrale-Ma-Sante--696x464.jpg\"\/><\/a>Le m\u00e9ningiome est une tumeur b\u00e9nigne du cerveau pouvant causer des troubles neurologiques. \u00a9 Freepik                                    \t\t\t             <a class=\"gofollow\" data-track=\"MjgsMCwxLDYw\" href=\"https:\/\/ma-sante.news\/inscrivez-vous-a-notre-newsletter\/\" target=\"_blank\" rel=\"noopener\"><img loading=\"lazy\" decoding=\"async\" width=\"1068\" height=\"131\" src=\"data:image\/svg+xml,%3Csvg%20xmlns=\" http:=\"\" data-lazy-src=\"https:\/\/www.europesays.com\/fr\/wp-content\/uploads\/2025\/03\/banniere-newsletter.png\"\/><\/a> <\/p>\n<p>Depuis des ann\u00e9es, des milliers de femmes prenaient sans trop s\u2019interroger deux traitements hormonaux bien connus : Lut\u00e9nyl\u00ae (nomegestrol) et Luteran\u00ae (chlormadinone). Prescrits pour des troubles gyn\u00e9cologiques (<a href=\"https:\/\/ma-sante.news\/endometriose-gynecologie-villeurbanne-27532\/\" target=\"_blank\" rel=\"noopener\">endom\u00e9triose<\/a>, <a href=\"https:\/\/ma-sante.news\/regles-douloureuses-remede-naturel-pour-les-soulager\/\" target=\"_blank\" rel=\"noopener\">r\u00e8gles douloureuses<\/a>, etc.), ils \u00e9taient souvent utilis\u00e9s au long cours. <\/p>\n<p>Le hic ? Ces progestatifs puissants sont aujourd\u2019hui formellement associ\u00e9s \u00e0 une augmentation significative du risque de m\u00e9ningiome, une tumeur c\u00e9r\u00e9brale, g\u00e9n\u00e9ralement b\u00e9nigne, mais parfois s\u00e9rieusement probl\u00e9matique.<\/p>\n<p>        L\u2019affaire Lut\u00e9nyl\u00ae \/ Luteran\u00ae : ce qu\u2019on aurait aim\u00e9 savoir plus t\u00f4t    <strong>Un lien d\u00e9sormais bien \u00e9tabli entre progestatifs puissants et m\u00e9ningiome<\/strong>    <\/p>\n<p>Le m\u00e9ningiome est une tumeur qui se d\u00e9veloppe \u00e0 partir des membranes entourant le cerveau et la moelle \u00e9pini\u00e8re. Bien qu\u2019en grande majorit\u00e9 non canc\u00e9reuse, cette tumeur peut entra\u00eener des sympt\u00f4mes invalidants : <a href=\"https:\/\/ma-sante.news\/migraine-comment-eviter-et-soulager-les-maux-de-tete\/\" target=\"_blank\" rel=\"noopener\">maux de t\u00eate persistants<\/a>, troubles de la vision, pertes d\u2019\u00e9quilibre, voire <a href=\"https:\/\/ma-sante.news\/epilepsie-comment-reconnaitre-les-premiers-symptomes\/\" target=\"_blank\" rel=\"noopener\">crises d\u2019\u00e9pilepsie<\/a>.<\/p>\n<p>En 2021, l\u2019ANSM (Agence nationale de s\u00e9curit\u00e9 du m\u00e9dicament) confirmait que l\u2019exposition prolong\u00e9e \u00e0 Lut\u00e9nyl\u00ae ou Luteran\u00ae multipliait le risque de m\u00e9ningiome, notamment au-del\u00e0 de 5 ans d\u2019utilisation continue. Ces conclusions s\u2019appuient sur une \u00e9tude men\u00e9e par EPI-PHARE, un groupement d\u2019int\u00e9r\u00eat scientifique associant l\u2019ANSM et l\u2019Assurance Maladie.<\/p>\n<p>Selon leur rapport de mars 2024, le risque est tr\u00e8s net :<\/p>\n<ul class=\"wp-block-list\">\n<li>Le nomegestrol (Lut\u00e9nyl\u00ae) multiplie par 6,5 le risque de m\u00e9ningiome apr\u00e8s un usage prolong\u00e9.<\/li>\n<li>Le chlormadinone (Luteran\u00ae) par 4,7.<br \/>(Source : EPI-PHARE, 2024)<\/li>\n<\/ul>\n<p>        <strong>R\u00e9sultat : un recul spectaculaire des prescriptions\u2026 et des op\u00e9rations<\/strong>    <\/p>\n<p>Les autorit\u00e9s sanitaires n\u2019ont pas tard\u00e9 \u00e0 r\u00e9agir. D\u00e8s 2021, des recommandations strictes ont \u00e9t\u00e9 diffus\u00e9es : usage limit\u00e9 dans le temps, <a href=\"https:\/\/ma-sante.news\/une-irm-comment-ca-marche\/\" target=\"_blank\" rel=\"noopener\">examens IRM <\/a>de contr\u00f4le, et surtout, r\u00e9\u00e9valuation syst\u00e9matique du traitement apr\u00e8s un an.<\/p>\n<p>Les effets de ces mesures sont spectaculaires. Selon un bilan publi\u00e9 le 12 juin 2025 par l\u2019AFP (reprises par Le Figaro et Notre Temps) :<\/p>\n<ul class=\"wp-block-list\">\n<li>Le nombre d\u2019interventions chirurgicales pour m\u00e9ningiome li\u00e9es \u00e0 Lut\u00e9nyl\u00ae et Luteran\u00ae est pass\u00e9 de 152 en 2018 \u00e0 seulement 15 en 2023.<\/li>\n<li>En parall\u00e8le, le nombre de patientes trait\u00e9es est pass\u00e9 de 260 000 \u00e0 moins de 9 000 en 4 ans.<\/li>\n<li>Et la proportion de patientes b\u00e9n\u00e9ficiant d\u2019une IRM de contr\u00f4le est pass\u00e9e de 5 % en 2019 \u00e0 22 % en 2023.<\/li>\n<\/ul>\n<p>Bref, la surveillance fonctionne.<\/p>\n<p>        Progestatifs : un usage d\u00e9sormais sous haute surveillance    <strong>Risque m\u00e9ningiome Luteran Lut\u00e9nyl : ce qu\u2019il faut retenir si vous \u00eates concern\u00e9e<\/strong>    <\/p>\n<p>Aujourd\u2019hui, ces traitements ne sont pas interdits, mais leur prescription est strictement encadr\u00e9e :<\/p>\n<ul class=\"wp-block-list\">\n<li>Ils ne doivent plus \u00eatre utilis\u00e9s en premi\u00e8re intention.<\/li>\n<li>Leur usage doit \u00eatre le plus court possible.<\/li>\n<li>Une IRM c\u00e9r\u00e9brale est d\u00e9sormais recommand\u00e9e apr\u00e8s 1 an de traitement, puis r\u00e9guli\u00e8rement.<\/li>\n<\/ul>\n<p>Et surtout, les m\u00e9decins doivent informer clairement leurs patientes du risque potentiel. Une discussion b\u00e9n\u00e9fice-risque est d\u00e9sormais indispensable.<\/p>\n<p>        <strong>Y a-t-il des alternatives plus s\u00fbres ?<\/strong>    <\/p>\n<p>Oui. D\u2019autres progestatifs, comme le d\u00e9sogestrel, ont \u00e9t\u00e9 \u00e9tudi\u00e9s, notamment dans une publication r\u00e9cente de ma-clinique.fr. R\u00e9sultat : le d\u00e9sogestrel pr\u00e9sente un risque tr\u00e8s faible d\u2019augmentation de m\u00e9ningiome. Il peut donc repr\u00e9senter une alternative dans certaines situations, sous surveillance m\u00e9dicale.<\/p>\n<p>Cependant, comme le rappelle l\u2019ANSM, toute hormone n\u2019est jamais anodine. M\u00eame un risque \u201cfaible\u201d peut devenir significatif chez certaines femmes, notamment en cas de pr\u00e9disposition.<\/p>\n<blockquote class=\"wp-block-quote is-layout-flow wp-block-quote-is-layout-flow\">\n<p><strong>\u00c0 SAVOIR\u00a0<\/strong><\/p>\n<p>D\u2019autres progestatifs que Lut\u00e9nyl\u00ae et Luteran\u00ae sont aussi concern\u00e9s par le risque de m\u00e9ningiome. Une \u00e9tude publi\u00e9e dans le BMJ en 2024 montre que la m\u00e9drogestone, la m\u00e9droxyprogest\u00e9rone injectable (comme Depo-Provera) et la prom\u00e9gestone augmentent \u00e9galement le risque de tumeur c\u00e9r\u00e9brale apr\u00e8s un an d\u2019utilisation.<strong><br \/><\/strong><\/p>\n<\/blockquote>\n<p>      <a class=\"gofollow\" data-track=\"MTIsMCwxLDYw\" href=\"https:\/\/ma-sante.news\/annonceurs\/\" target=\"_blank\" rel=\"noopener\"><img loading=\"lazy\" decoding=\"async\" width=\"2560\" height=\"2133\" src=\"data:image\/svg+xml,%3Csvg%20xmlns=\" http:=\"\" data-lazy-src=\"https:\/\/www.europesays.com\/fr\/wp-content\/uploads\/2025\/03\/pub-annonceurs-4-scaled.jpg\"\/><\/a>    <img loading=\"lazy\" decoding=\"async\" width=\"755\" height=\"495\" src=\"data:image\/svg+xml,%3Csvg%20xmlns=\" http:=\"\" data-lazy-src=\"https:\/\/www.europesays.com\/fr\/wp-content\/uploads\/2025\/03\/Image1.jpg\"\/>Inscrivez-vous \u00e0 notre newsletter <br \/>Ma Sant\u00e9                      <\/p>\n","protected":false},"excerpt":{"rendered":"Le m\u00e9ningiome est une tumeur b\u00e9nigne du cerveau pouvant causer des troubles neurologiques. \u00a9 Freepik Depuis des ann\u00e9es,&hellip;\n","protected":false},"author":2,"featured_media":172983,"comment_status":"","ping_status":"","sticky":false,"template":"","format":"standard","meta":{"footnotes":""},"categories":[10],"tags":[231,25717,1011,27,72,71],"class_list":{"0":"post-172982","1":"post","2":"type-post","3":"status-publish","4":"format-standard","5":"has-post-thumbnail","7":"category-sante","8":"tag-cerveau","9":"tag-endomu00e9triose","10":"tag-fr","11":"tag-france","12":"tag-health","13":"tag-sante"},"share_on_mastodon":{"url":"https:\/\/pubeurope.com\/@fr\/114675281120967532","error":""},"_links":{"self":[{"href":"https:\/\/www.europesays.com\/fr\/wp-json\/wp\/v2\/posts\/172982","targetHints":{"allow":["GET"]}}],"collection":[{"href":"https:\/\/www.europesays.com\/fr\/wp-json\/wp\/v2\/posts"}],"about":[{"href":"https:\/\/www.europesays.com\/fr\/wp-json\/wp\/v2\/types\/post"}],"author":[{"embeddable":true,"href":"https:\/\/www.europesays.com\/fr\/wp-json\/wp\/v2\/users\/2"}],"replies":[{"embeddable":true,"href":"https:\/\/www.europesays.com\/fr\/wp-json\/wp\/v2\/comments?post=172982"}],"version-history":[{"count":0,"href":"https:\/\/www.europesays.com\/fr\/wp-json\/wp\/v2\/posts\/172982\/revisions"}],"wp:featuredmedia":[{"embeddable":true,"href":"https:\/\/www.europesays.com\/fr\/wp-json\/wp\/v2\/media\/172983"}],"wp:attachment":[{"href":"https:\/\/www.europesays.com\/fr\/wp-json\/wp\/v2\/media?parent=172982"}],"wp:term":[{"taxonomy":"category","embeddable":true,"href":"https:\/\/www.europesays.com\/fr\/wp-json\/wp\/v2\/categories?post=172982"},{"taxonomy":"post_tag","embeddable":true,"href":"https:\/\/www.europesays.com\/fr\/wp-json\/wp\/v2\/tags?post=172982"}],"curies":[{"name":"wp","href":"https:\/\/api.w.org\/{rel}","templated":true}]}}