{"id":172984,"date":"2025-06-13T09:11:09","date_gmt":"2025-06-13T09:11:09","guid":{"rendered":"https:\/\/www.europesays.com\/fr\/172984\/"},"modified":"2025-06-13T09:11:09","modified_gmt":"2025-06-13T09:11:09","slug":"gianni-infantino-president-de-la-fifa-defend-son-mondial-des-clubs","status":"publish","type":"post","link":"https:\/\/www.europesays.com\/fr\/172984\/","title":{"rendered":"Gianni Infantino, pr\u00e9sident de la Fifa, d\u00e9fend son Mondial des clubs"},"content":{"rendered":"<p>Le pr\u00e9sident de la FIFA s\u2019est exprim\u00e9 avant le d\u00e9but de la coupe du monde des clubs ce week-end. Heureux de la cr\u00e9ation de ce projet, il r\u00e9pond sur les critiques et un calendrier surcharg\u00e9.<\/p>\n<p class=\"fig-paragraph\">Une parole attendue. Et une ma\u00eetrise de la communication certaine. \u00abLa Coupe du monde des clubs ouvre une nouvelle \u00e8re pour le football\u00bb, a affirm\u00e9 jeudi \u00e0 l&rsquo;AFP le pr\u00e9sident de la Fifa, comparant<a href=\"http:\/\/www.lefigaro.fr\/sports\/football\/coupe-du-monde-des-clubs-psg-atletico-d-entree-un-choc-juventus-city-le-programme-complet-de-la-competition-20250610\" data-fig-type=\"NewsFlash\" data-gtm-custom-categorie=\"navigation\" data-gtm-custom-action=\"crossclick\" data-gtm-custom-label=\"Contextuel\" data-gtm-event=\"customEventSPE\" data-fig-domain=\"LEFIGARO\" target=\"_blank\" rel=\"noopener\">\u00a0la nouvelle comp\u00e9tition \u00e0 32 \u00e9quipes<\/a>\u00a0devant d\u00e9buter samedi \u00e0 Miami au\u00a0<a href=\"http:\/\/www.lefigaro.fr\/sports\/football\/lloris-giroud-cavani-thiago-silva-ces-visages-connus-du-football-francais-qui-joueront-la-coupe-du-monde-des-clubs-20250612\" data-fig-type=\"NewsFlash\" data-gtm-custom-categorie=\"navigation\" data-gtm-custom-action=\"crossclick\" data-gtm-custom-label=\"Contextuel\" data-gtm-event=\"customEventSPE\" data-fig-domain=\"LEFIGARO\" target=\"_blank\" rel=\"noopener\">premier Mondial des nations de 1930<\/a>.<\/p>\n<p class=\"fig-paragraph\">\u00c0 deux jours du coup d&rsquo;envoi de l&rsquo;\u00e9preuve, avec un match d&rsquo;ouverture pr\u00e9vu \u00e0 20h00 locales (00H00 GMT) entre l&rsquo;Inter Miami de Lionel Messi et le club \u00e9gyptien d&rsquo;Al Haly, le dirigeant suisse a pris soin de souligner le caract\u00e8re \u00abhistorique\u00bb, selon lui, de cette nouvelle comp\u00e9tition.<\/p>\n<blockquote class=\"fig-quote&#10;    \">\n<p class=\"fig-quote__text\">\u00ab Aujourd\u2019hui, tout le monde parle de cette nouvelle Coupe du monde, c\u2019est pourquoi elle est historique\u00a0\u00bb<\/p>\n<p>            Gianni Infantino\n    <\/p><\/blockquote>\n<p class=\"fig-paragraph\">\u00abC&rsquo;est un peu comme lorsqu&rsquo;en 1930, la premi\u00e8re Coupe du monde (des nations, NDLR) a commenc\u00e9. Aujourd&rsquo;hui, tout le monde parle de cette nouvelle Coupe du monde, c&rsquo;est pourquoi elle est historique\u00bb, a-t-il plaid\u00e9.<\/p>\n<p class=\"fig-paragraph\">Il y a 95 ans, la grande aventure du Mondial d\u00e9butait en Uruguay et M. Infantino de souligner qu&rsquo;\u00e0 l&rsquo;\u00e9poque seules des nations europ\u00e9ennes et sud-am\u00e9ricaines y avaient pris part. Or cette Coupe du monde des clubs offre \u00e0 des \u00e9quipes de tous les continents une chance de jouer sur la grande sc\u00e8ne internationale. \u00abNous voulons \u00eatre inclusifs. Nous voulons offrir des opportunit\u00e9s aux clubs du monde entier. Il s&rsquo;agit v\u00e9ritablement de mondialiser le football, de le rendre v\u00e9ritablement mondial. On dit que c&rsquo;est le sport num\u00e9ro un au monde, et c&rsquo;est le cas, mais l&rsquo;\u00e9lite est tr\u00e8s concentr\u00e9e dans un nombre restreint de clubs et de pays\u00bb, a-t-il argu\u00e9.<\/p>\n<p>Surcharge de calendrier<\/p>\n<p class=\"fig-paragraph\">Le patron de la Fifa a aussi tenu \u00e0 d\u00e9fendre ce projet, en d\u00e9pit des critiques qui lui ont \u00e9t\u00e9 adress\u00e9es, notamment sur la question de la surcharge calendaire, au bout d&rsquo;une saison \u00e9prouvante pour nombre de joueurs \u00e9voluant en Europe.<\/p>\n<p>    <a href=\"https:\/\/photo.lefigaro.fr\/sports\/football\/en-images-les-12-stades-qui-accueillent-la-coupe-du-monde-des-clubs-aux-etats-unis-20250611\" target=\"_blank\" rel=\"noopener\"><\/p>\n<p class=\"fig-slideshow__title\">\n                    En images, les 12 stades qui accueillent la Coupe du monde des clubs aux \u00c9tats-Unis\n                <\/p>\n<p>Acc\u00e9der au diaporama (12)<\/p>\n<p>    <\/a><\/p>\n<p class=\"fig-paragraph\">L&rsquo;accumulation des matches, lors de ce Mondial des clubs qui va durer jusqu&rsquo;au 13 juillet, date de la finale, risque en effet de peser dans les jambes de stars comme Kylian Mbapp\u00e9, Ousmane Demb\u00e9l\u00e9, Harry Kane ou encore Erling Haaland. \u00abJe suis convaincu que d\u00e8s que le ballon commencera \u00e0 rouler, le monde entier se rendra compte de ce qui se passe ici. Ce sera quelque chose de sp\u00e9cial\u00bb, a-t-il balay\u00e9, r\u00e9solument optimiste.<\/p>\n<p>Infantino agac\u00e9 sur le sujet de la billetterie<\/p>\n<p class=\"fig-paragraph\">En revanche, il s&rsquo;est agac\u00e9 des critiques concernant la strat\u00e9gie mise en place pour la billetterie, reposant sur le principe de tarification dynamique en vogue aux Etats-Unis qui fait augmenter ou diminuer les prix en fonction de la demande.<\/p>\n<p class=\"fig-paragraph\">\u00abOn critique la Fifa si les prix sont trop \u00e9lev\u00e9s, si les prix sont trop bas, si nous faisons des promotions pour les \u00e9tudiants&#8230; Quand j&rsquo;\u00e9tais \u00e9tudiant et que je n&rsquo;avais pas d&rsquo;argent, j&rsquo;aurais aim\u00e9 que la Fifa vienne me voir et me dise: +Tu veux venir voir un match de la Coupe du monde\u00a0?+\u00bb, s&rsquo;est-il insurg\u00e9. Et d&rsquo;affirmer: \u00abNous ne voulons pas de stades vides. je suis persuad\u00e9 qu&rsquo;ils seront bien pleins\u00bb.<\/p>\n<p>D\u00e9j\u00e0 un succ\u00e8s \u00e9conomique<\/p>\n<p class=\"fig-paragraph\">Souhaitant d\u00e9fendre son projet, M. Infantino a expliqu\u00e9 que l&rsquo;attribution des droits t\u00e9l\u00e9vis\u00e9s du Mondial des clubs \u00e0 la plateforme DAZN, contre un ch\u00e8que d&rsquo;un milliard de dollars, en faisait d\u00e9j\u00e0 un succ\u00e8s \u00e9conomique, alors que les rencontres seront diffus\u00e9es gratuitement. \u00abCitez-moi une comp\u00e9tition majeure de foot qui rend cela possible aujourd&rsquo;hui?\u00bb, a-t-il demand\u00e9.<\/p>\n<p class=\"fig-paragraph\">Quant au succ\u00e8s de la comp\u00e9tition elle-m\u00eame, le patron de la Fifa s&rsquo;est dit \u00abconfiant\u00bb. \u00abNous en reparlerons \u00e0 la fin, mais d&rsquo;ores et d\u00e9j\u00e0, je suis positif, quand je regarde le nombre de billets vendus et les droits t\u00e9l\u00e9vis\u00e9s.\u00bb<\/p>\n<p class=\"fig-paragraph\">Enfin, interrog\u00e9 sur les manifestations d&rsquo;ampleur limit\u00e9e qui se multiplient aux \u00c9tats-Unis, contre la politique migratoire muscl\u00e9e de Donald Trump, qui a notamment ordonn\u00e9 le d\u00e9ploiement de militaires \u00e0 Los Angeles, Gianni Infantino n&rsquo;a pas trahi d&rsquo;inqui\u00e9tude face \u00e0 ce contexte.<\/p>\n<p class=\"fig-paragraph\">\u00abLa s\u00e9curit\u00e9 est pour nous une priorit\u00e9 absolue, toujours. Ainsi, lorsqu&rsquo;un \u00e9v\u00e9nement se produit, comme \u00e0 Los Angeles, nous surveillons la situation, nous sommes en contact permanent avec les autorit\u00e9s et nous souhaitons que les supporters puissent assister aux matchs en toute s\u00e9curit\u00e9\u00bb, a-t-il conclu.<\/p>\n<p>    <a href=\"https:\/\/photo.lefigaro.fr\/sports\/football\/lloris-giroud-cavani-thiago-silva-ces-visages-connus-du-football-francais-qui-joueront-la-coupe-du-monde-des-clubs-20250611\" target=\"_blank\" rel=\"noopener\"><\/p>\n<p class=\"fig-slideshow__title\">\n                    Lloris, Giroud, Cavani, Thiago Silva&#8230; Ces visages connus du football fran\u00e7ais qui joueront la Coupe du monde des clubs\n                <\/p>\n<p>Acc\u00e9der au diaporama (19)<\/p>\n<p>    <\/a><\/p>\n<p class=\"fig-paragraph\"><strong>\u00c0 VOIR AUSSI &#8211; <\/strong>Coupe du monde des clubs\u00a0: dans les coulisses du voyage du Paris SG aux \u00c9tats-Unis<\/p>\n","protected":false},"excerpt":{"rendered":"Le pr\u00e9sident de la FIFA s\u2019est exprim\u00e9 avant le d\u00e9but de la coupe du monde des clubs ce&hellip;\n","protected":false},"author":2,"featured_media":172985,"comment_status":"","ping_status":"","sticky":false,"template":"","format":"standard","meta":{"footnotes":""},"categories":[9],"tags":[454,69,448,83,451,64,450,449,1011,27,19103,452,453,66,446,447,70,60,455],"class_list":{"0":"post-172984","1":"post","2":"type-post","3":"status-publish","4":"format-standard","5":"has-post-thumbnail","7":"category-sports","8":"tag-ballon-dor","9":"tag-bundesliga","10":"tag-champions-league","11":"tag-coupe-de-france","12":"tag-coupe-du-monde","13":"tag-equipe-de-france","14":"tag-euro","15":"tag-europa-league","16":"tag-fr","17":"tag-france","18":"tag-gianni-infantino","19":"tag-italie","20":"tag-liga","21":"tag-ligue-1","22":"tag-ligue-2","23":"tag-ligue-des-champions","24":"tag-premier-league","25":"tag-sports","26":"tag-uefa"},"share_on_mastodon":{"url":"https:\/\/pubeurope.com\/@fr\/114675284941790749","error":""},"_links":{"self":[{"href":"https:\/\/www.europesays.com\/fr\/wp-json\/wp\/v2\/posts\/172984","targetHints":{"allow":["GET"]}}],"collection":[{"href":"https:\/\/www.europesays.com\/fr\/wp-json\/wp\/v2\/posts"}],"about":[{"href":"https:\/\/www.europesays.com\/fr\/wp-json\/wp\/v2\/types\/post"}],"author":[{"embeddable":true,"href":"https:\/\/www.europesays.com\/fr\/wp-json\/wp\/v2\/users\/2"}],"replies":[{"embeddable":true,"href":"https:\/\/www.europesays.com\/fr\/wp-json\/wp\/v2\/comments?post=172984"}],"version-history":[{"count":0,"href":"https:\/\/www.europesays.com\/fr\/wp-json\/wp\/v2\/posts\/172984\/revisions"}],"wp:featuredmedia":[{"embeddable":true,"href":"https:\/\/www.europesays.com\/fr\/wp-json\/wp\/v2\/media\/172985"}],"wp:attachment":[{"href":"https:\/\/www.europesays.com\/fr\/wp-json\/wp\/v2\/media?parent=172984"}],"wp:term":[{"taxonomy":"category","embeddable":true,"href":"https:\/\/www.europesays.com\/fr\/wp-json\/wp\/v2\/categories?post=172984"},{"taxonomy":"post_tag","embeddable":true,"href":"https:\/\/www.europesays.com\/fr\/wp-json\/wp\/v2\/tags?post=172984"}],"curies":[{"name":"wp","href":"https:\/\/api.w.org\/{rel}","templated":true}]}}