{"id":172990,"date":"2025-06-13T09:14:11","date_gmt":"2025-06-13T09:14:11","guid":{"rendered":"https:\/\/www.europesays.com\/fr\/172990\/"},"modified":"2025-06-13T09:14:11","modified_gmt":"2025-06-13T09:14:11","slug":"risque-dune-france-sous-tutelle-financiere-faut-il-craindre-lepouvantail-brandi-par-bercy-13-06-2025-a-0901","status":"publish","type":"post","link":"https:\/\/www.europesays.com\/fr\/172990\/","title":{"rendered":"Risque d&rsquo;une France sous \u00ab\u00a0tutelle\u00a0\u00bb financi\u00e8re : faut-il craindre l&rsquo;\u00e9pouvantail brandi par Bercy? &#8211; 13\/06\/2025 \u00e0 09:01"},"content":{"rendered":"<p> Elle est agit\u00e9e par le gouvernement comme un couperet qui tomberait sur la France faute d&rsquo;un assainissement de ses finances, mais la \u00ab\u00a0tutelle\u00a0\u00bb \u00e9conomique du pays par les instances internationales, dont le FMI, est peu probable en l&rsquo;\u00e9tat.<\/p>\n<p>        <img fetchpriority=\"high\" decoding=\"async\" src=\"https:\/\/www.europesays.com\/fr\/wp-content\/uploads\/2025\/06\/32a603297e3eb9e324c3803d32d12e63-760x507.jpg\" alt=\"( AFP \/ LUDOVIC MARIN )\" loading=\"eager\" width=\"760\" height=\"507\" style=\"max-width: 100%!important; height: auto;\"\/><\/p>\n<p class=\"c-image-news__legend\">( AFP \/ LUDOVIC MARIN )<\/p>\n<p> Pourquoi parle-t-on de \u00ab\u00a0tutelle\u00a0\u00bb?<\/p>\n<p>\n Emp\u00eatr\u00e9 alors dans la pr\u00e9paration du budget 2025, le gouvernement de Michel Barnier qui pr\u00e9c\u00e9dait celui de Fran\u00e7ois Bayrou avait alert\u00e9 sur un risque de \u00ab\u00a0crise financi\u00e8re\u00a0\u00bb si la France ne parvenait pas \u00e0 faire des \u00e9conomies.\n<\/p>\n<p>\n Cette fois, la ministre des Comptes publics Am\u00e9lie de Montchalin<br \/>\n <strong><br \/>\n  a mis en garde sur le risque d&rsquo;une \u00ab\u00a0tutelle\u00a0\u00bb de la France:<br \/>\n <\/strong><br \/>\n \u00ab\u00a0il y a un risque de tutelle des institutions internationales, des institutions europ\u00e9ennes, de nos cr\u00e9anciers\u00a0\u00bb, a dit la ministre mardi sur RTL.\n<\/p>\n<p>\n Et dimanche dans le JDD, la ministre avait pr\u00e9venu que \u00ab\u00a0si nous ne faisons pas ces choix maintenant, ce seront nos cr\u00e9anciers ou le FMI qui nous les imposeront\u00a0\u00bb.\n<\/p>\n<p> Un risque cr\u00e9dible?<\/p>\n<p>\n <strong><br \/>\n  \u00ab\u00a0On n&rsquo;en est pas l\u00e0\u00a0\u00bb,<br \/>\n <\/strong><br \/>\n tranche aupr\u00e8s de l&rsquo;AFP Pierre Jaillet, \u00e9conomiste \u00e0 l&rsquo;institut europ\u00e9en Jacques Delors, selon qui \u00ab\u00a0la situation est grave mais pas d\u00e9sesp\u00e9r\u00e9e\u00a0\u00bb.\n<\/p>\n<p>\n \u00ab\u00a0La dramatisation qu&rsquo;on entend actuellement est peut-\u00eatre plut\u00f4t li\u00e9e \u00e0 la communication politique pour faire passer les \u00e9conomies\u00a0\u00bb, pense l&rsquo;\u00e9conomiste.\n<\/p>\n<p>\n La France doit trouver 40 milliards d&rsquo;euros d&rsquo;\u00e9conomies pour son budget 2026, un exercice d\u00e9licat.\n<\/p>\n<p>\n \u00ab\u00a0Agiter les peurs n&rsquo;aidera ni au r\u00e9\u00e9quilibrage ni \u00e0 un d\u00e9bat apais\u00e9 sur la fa\u00e7on de r\u00e9duire notre d\u00e9ficit\u00a0\u00bb abonde aupr\u00e8s de l&rsquo;AFP Florence Pisani, \u00e9conomiste en chef de la soci\u00e9t\u00e9 d&rsquo;investissement Candriam.\n<\/p>\n<p>\n Le risque de tutelle est particuli\u00e8rement improbable en ce qui concerne le Fonds mon\u00e9taire internationale (FMI), l&rsquo;institution qui \u00e9tait venue en aide \u00e0 la Gr\u00e8ce au tournant des ann\u00e9es 2010 avec la Banque centrale europ\u00e9enne (BCE) et la Commission europ\u00e9enne, au prix de r\u00e9formes difficiles pour la population grecque.\n<\/p>\n<p>\n Interrog\u00e9e par l&rsquo;AFP, l&rsquo;institution de Washington s&rsquo;est refus\u00e9e \u00e0 commenter les d\u00e9clarations fran\u00e7aises. \u00ab\u00a0La dette publique \u00e9lev\u00e9e et croissante, combin\u00e9e \u00e0 des vents contraires int\u00e9rieurs et ext\u00e9rieurs importants pour la reprise,<br \/>\n <strong><br \/>\n  souligne la n\u00e9cessit\u00e9 d&rsquo;assainir les finances publiques et de poursuivre les r\u00e9formes structurelles pour favoriser une croissance durable\u00a0\u00bb<br \/>\n <\/strong><br \/>\n , a toutefois dit Manuela Goretti, la cheffe de mission de l&rsquo;institution pour la France, dans une d\u00e9claration transmise \u00e0 l&rsquo;AFP.\n<\/p>\n<p> Que se passerait-il en cas d&rsquo;urgence?<\/p>\n<p>\n Une intervention du FMI parait d&rsquo;autant plus improbable que \u00ab\u00a0l&rsquo;Union europ\u00e9enne a ses propres m\u00e9canismes d&rsquo;intervention\u00a0\u00bb, rappelle Pierre Jaillet.\n<\/p>\n<p>\n Le M\u00e9canisme europ\u00e9en de stabilit\u00e9 (MES), cr\u00e9\u00e9 en 2012, permet aux Etats d&rsquo;obtenir une aide \u00e0 des conditions favorables en cas d&rsquo;envol\u00e9e sur les march\u00e9s des taux d&rsquo;int\u00e9r\u00eat.\n<\/p>\n<p>\n \u00ab\u00a0Ce n&rsquo;est pas un m\u00e9canisme qui distribue de l&rsquo;argent sans condition\u00a0\u00bb, pr\u00e9vient toutefois M. Jaillet: il est \u00ab\u00a0conditionn\u00e9 \u00e0 un plan d&rsquo;ajustement\u00a0\u00bb, c&rsquo;est-\u00e0-dire \u00e0 l&rsquo;engagement de r\u00e9formes, donc \u00e0 un certain contr\u00f4le sur les choix fran\u00e7ais.\n<\/p>\n<p>\n La BCE dispose aussi d&rsquo;outils pour limiter les effets sp\u00e9culatifs sur les march\u00e9s, sous r\u00e9serve que l&rsquo;Etat en difficult\u00e9s respecte les r\u00e8gles budg\u00e9taires europ\u00e9ennes, ce qui n&rsquo;est pas le cas de la France.\n<\/p>\n<p> Faut-il s&rsquo;inqui\u00e9ter?<\/p>\n<p>\n A court terme non, selon les experts. Le taux auquel la France emprunte sur les march\u00e9s est autour de 3,2%, assez proche de son niveau avant la dissolution de l&rsquo;Assembl\u00e9e nationale d\u00e9but juin 2024.\n<\/p>\n<p>\n \u00ab\u00a0La France emprunte aujourd&rsquo;hui toujours \u00e0 des taux relativement bas et si elle parvient \u00e0 r\u00e9duire graduellement son d\u00e9ficit, les march\u00e9s n&rsquo;ont aucune raison de paniquer\u00a0\u00bb, analyse Florence Pisani soulignant que \u00ab\u00a0la France doit seulement montrer qu&rsquo;elle garde la ma\u00eetrise de la trajectoire de sa dette\u00a0\u00bb.\n<\/p>\n<p> Une France \u00ab\u00a0somnambule\u00a0\u00bb<\/p>\n<p>\n Mais le co\u00fbt croissant des int\u00e9r\u00eats pay\u00e9s par la France pour s&rsquo;endetter et la menace d&rsquo;une r\u00e9trogradation de sa note par les agences de notation engendrent de l&rsquo;inqui\u00e9tude.\n<\/p>\n<p>\n Le gouverneur de la Banque de France<br \/>\n <a href=\"https:\/\/www.boursorama.com\/actualite-economique\/actualites\/gare-a-l-illusion-fiscale-villeroy-de-galhau-doute-des-20-milliards-promis-par-la-taxe-zucman-sur-les-ultrariches-defc03c7633f2453a517f564f01f8527#:~:text=12-,Gare%20%C3%A0%20%22l&#039;illusion%20fiscale%22%20%3A%20Villeroy%20de%20Galhau,par%20Boursorama%20avec%20Media%20Services%26text=12%2F06%2F2025%20%C3%A0%2010%3A47,-Powered%20byAudion\" rel=\"nofollow noopener\" target=\"_blank\"><br \/>\n  Fran\u00e7ois Villeroy de Galhau<br \/>\n <\/a><br \/>\n a fait part de son inqui\u00e9tude mercredi, affirmant dans une interview aux<\/p>\n<p>  Echos<\/p>\n<p> que<br \/>\n <strong><br \/>\n  \u00ab\u00a0la menace est que la France soit prise en ciseau entre des pr\u00eateurs de plus en plus exigeants (&#8230;) et des d\u00e9penses de plus en pressantes\u00a0\u00bb.<br \/>\n <\/strong><br \/>\n \u00ab\u00a0Nous ne pouvons plus continuer \u00e0 marcher en somnambules vers le mur de la dette\u00a0\u00bb, a-t-il dit.<\/p>\n","protected":false},"excerpt":{"rendered":"Elle est agit\u00e9e par le gouvernement comme un couperet qui tomberait sur la France faute d&rsquo;un assainissement de&hellip;\n","protected":false},"author":2,"featured_media":172991,"comment_status":"","ping_status":"","sticky":false,"template":"","format":"standard","meta":{"footnotes":""},"categories":[6],"tags":[400,398,408,35,405,33,34,1011,27,403,402,399,404,401,406,407],"class_list":{"0":"post-172990","1":"post","2":"type-post","3":"status-publish","4":"format-standard","5":"has-post-thumbnail","7":"category-economie","8":"tag-action-cac-40","9":"tag-bourse-de-paris","10":"tag-boursorama","11":"tag-business","12":"tag-cotations","13":"tag-economie","14":"tag-economy","15":"tag-fr","16":"tag-france","17":"tag-indices-devises","18":"tag-investir","19":"tag-investissement","20":"tag-marche-boursier","21":"tag-sicav","22":"tag-trackers","23":"tag-warrants"},"share_on_mastodon":{"url":"https:\/\/pubeurope.com\/@fr\/114675297126163875","error":""},"_links":{"self":[{"href":"https:\/\/www.europesays.com\/fr\/wp-json\/wp\/v2\/posts\/172990","targetHints":{"allow":["GET"]}}],"collection":[{"href":"https:\/\/www.europesays.com\/fr\/wp-json\/wp\/v2\/posts"}],"about":[{"href":"https:\/\/www.europesays.com\/fr\/wp-json\/wp\/v2\/types\/post"}],"author":[{"embeddable":true,"href":"https:\/\/www.europesays.com\/fr\/wp-json\/wp\/v2\/users\/2"}],"replies":[{"embeddable":true,"href":"https:\/\/www.europesays.com\/fr\/wp-json\/wp\/v2\/comments?post=172990"}],"version-history":[{"count":0,"href":"https:\/\/www.europesays.com\/fr\/wp-json\/wp\/v2\/posts\/172990\/revisions"}],"wp:featuredmedia":[{"embeddable":true,"href":"https:\/\/www.europesays.com\/fr\/wp-json\/wp\/v2\/media\/172991"}],"wp:attachment":[{"href":"https:\/\/www.europesays.com\/fr\/wp-json\/wp\/v2\/media?parent=172990"}],"wp:term":[{"taxonomy":"category","embeddable":true,"href":"https:\/\/www.europesays.com\/fr\/wp-json\/wp\/v2\/categories?post=172990"},{"taxonomy":"post_tag","embeddable":true,"href":"https:\/\/www.europesays.com\/fr\/wp-json\/wp\/v2\/tags?post=172990"}],"curies":[{"name":"wp","href":"https:\/\/api.w.org\/{rel}","templated":true}]}}