{"id":172992,"date":"2025-06-13T09:15:12","date_gmt":"2025-06-13T09:15:12","guid":{"rendered":"https:\/\/www.europesays.com\/fr\/172992\/"},"modified":"2025-06-13T09:15:12","modified_gmt":"2025-06-13T09:15:12","slug":"260-morts-selon-la-police-un-survivant-miracule-suivez-notre-direct","status":"publish","type":"post","link":"https:\/\/www.europesays.com\/fr\/172992\/","title":{"rendered":"260 morts selon la police, un survivant miracul\u00e9&#8230; Suivez notre direct"},"content":{"rendered":"<p>Le terrible drame qui a touch\u00e9 l&rsquo;Inde jeudi matin a fait au moins 260 morts selon un dernier bilan. Au d\u00e9collage, un avion de la compagnie Air India en direction de Londres s&rsquo;est \u00e9cras\u00e9 quelques secondes apr\u00e8s le d\u00e9collage sur une zone r\u00e9sidentielle de Ahmedabad.<\/p>\n<p>242 passagers se trouvaient \u00e0 bord de ce vol Air India 171. Par miracle, un passager, assis au si\u00e8ge 11A, a surv\u00e9cu. \u00ab\u00a0Il y avait des morceaux de l&rsquo;avion partout autour de moi. Quelqu&rsquo;un m&rsquo;a attrap\u00e9, m&rsquo;a mis dans une ambulance et m&rsquo;a emmen\u00e9 \u00e0 l&rsquo;h\u00f4pital, raconte Vishwashkumar Ramesh.<\/p>\n<p>\u00c0 bord, 169 Indiens, 53 Britanniques, 1 Canadien et 7 Portugais. La communaut\u00e9 internationale a fait part de son \u00e9motion et des experts de plusieurs pays ont \u00e9t\u00e9 envoy\u00e9s sur place.<\/p>\n<p>En direct22 mises \u00e0 jour<\/p>\n<ul class=\"caas-liveblog-list\">\n<li class=\"caas-liveblogpost\" data-id=\"e73b11bc-4c3d-4bdb-917a-282c48ba5c1d\" id=\"e73b11bc-4c3d-4bdb-917a-282c48ba5c1d\" data-lmt=\"{\" utc=\"\" jun=\"\" gmt=\"\" juin=\"\" am=\"\">ven. 13 juin 2025 \u00e0 1:59 AM UTC\u22127Le selfie d\u2019une nouvelle vie : le r\u00eave bris\u00e9 de Pratik Joshi et sa famille, tu\u00e9s dans le crash d\u2019Air India\n<p>Apr\u00e8s l&rsquo;histoire du miracul\u00e9 du si\u00e8ge 11A, et celui de ces deux Britanniques qui se filmait \u00ab\u00a0heureux\u00a0\u00bb avant d&#8217;embarquer, une autre histoire de passagers \u00e9merge dans les m\u00e9dias.<\/p>\n<p>Celle de Pratik Joshi et sa famille. Le Dr Pratik Joshi et sa femme, le Dr Komi Vyas ont embarqu\u00e9 avec leurs trois enfants, Nakul et Pradyut, des jumeaux de cinq ans et Miraya, huit ans. Une fois install\u00e9e, la petite famille a immortalis\u00e9 le moment par un selfie, o\u00f9 tout le monde appara\u00eet heureux et souriant. Ile devaient tous partir vivre \u00e0 Londres.<\/p>\n<p><a data-i13n=\"cpos:1;pos:1\" href=\"https:\/\/fr.news.yahoo.com\/selfie-d-nouvelle-vie-r%C3%AAve-063335692.html\" data-ylk=\"slk:Plus d&#039;infos dans cet article;cpos:1;pos:1;elm:context_link;itc:0;sec:content-canvas;outcm:mb_qualified_link;_E:mb_qualified_link;ct:story;\" class=\"link  yahoo-link\" target=\"_blank\" rel=\"noopener\"><strong>Plus d&rsquo;infos dans cet article<\/strong><\/a><\/p>\n<\/li>\n<li class=\"caas-liveblogpost\" data-id=\"46343df4-4f5f-4736-a045-11afb343818d\" id=\"46343df4-4f5f-4736-a045-11afb343818d\" data-lmt=\"{\" utc=\"\" jun=\"\" gmt=\"\" juin=\"\" am=\"\">ven. 13 juin 2025 \u00e0 1:19 AM UTC\u22127Avant le crash, ce couple britannique s\u2019\u00e9tait film\u00e9, \u00ab\u00a0heureux\u00a0\u00bb, \u00e0 l\u2019a\u00e9roport d\u2019Ahmedabad\n<p>Les histoires des passagers qui se trouvaient \u00e0 bord du vol d&rsquo;AirIndia commencent \u00e0 \u00eatre d\u00e9voil\u00e9s. Apr\u00e8s le survivant miracul\u00e9 du si\u00e8ge 11A, l&rsquo;histoire de deux Londoniens ont partag\u00e9 sur Instagram une vid\u00e9o sur leur \u00ab\u00a0exp\u00e9rience magique\u00a0\u00bb en Inde.<\/p>\n<p>Ils y plaisantent notamment sur la dur\u00e9e du vol, qui \u00e9tait cens\u00e9 durer 10h&#8230;<\/p>\n<p><a data-i13n=\"cpos:1;pos:1\" href=\"https:\/\/fr.news.yahoo.com\/avant-crash-vol-air-india-041009984.html\" data-ylk=\"slk:Plus d&#039;infos dans cet article;cpos:1;pos:1;elm:context_link;itc:0;sec:content-canvas;outcm:mb_qualified_link;_E:mb_qualified_link;ct:story;\" class=\"link  yahoo-link\" target=\"_blank\" rel=\"noopener\"><strong>Plus d&rsquo;infos dans cet article<\/strong><\/a><\/p>\n<blockquote placeholder=\"\" data-theme=\"light\" class=\"twitter-tweet\">\n<p>\ud83d\udea8 Jamie Ray Meek, a British citizen listed as a passenger on Air India Flight 171, reportedly shared a final Instagram Story shortly before takeoff.<\/p>\n<p>He appears on the official manifest under GBR 149261531. A video believed to be his last post.<a href=\"https:\/\/twitter.com\/hashtag\/India?src=hash&amp;ref_src=twsrc%5Etfw\" rel=\"nofollow noopener\" target=\"_blank\" data-ylk=\"slk:#India;elm:context_link;itc:0;sec:content-canvas\" class=\"link \">#India<\/a> <a href=\"https:\/\/twitter.com\/hashtag\/Crash?src=hash&amp;ref_src=twsrc%5Etfw\" rel=\"nofollow noopener\" target=\"_blank\" data-ylk=\"slk:#Crash;elm:context_link;itc:0;sec:content-canvas\" class=\"link \">#Crash<\/a> <a href=\"https:\/\/twitter.com\/hashtag\/Ahmedabad?src=hash&amp;ref_src=twsrc%5Etfw\" rel=\"nofollow noopener\" target=\"_blank\" data-ylk=\"slk:#Ahmedabad;elm:context_link;itc:0;sec:content-canvas\" class=\"link \">#Ahmedabad<\/a> <a href=\"https:\/\/twitter.com\/hashtag\/Boeing?src=hash&amp;ref_src=twsrc%5Etfw\" rel=\"nofollow noopener\" target=\"_blank\" data-ylk=\"slk:#Boeing;elm:context_link;itc:0;sec:content-canvas\" class=\"link \">#Boeing<\/a>\u2026 <a href=\"https:\/\/t.co\/KmSpz9iOi9\" rel=\"nofollow noopener\" target=\"_blank\" data-ylk=\"slk:pic.twitter.com\/KmSpz9iOi9;elm:context_link;itc:0;sec:content-canvas\" class=\"link \">pic.twitter.com\/KmSpz9iOi9<\/a><\/p>\n<p>\u2014 the Pulse (@thePulseGlobal) <a href=\"https:\/\/twitter.com\/thePulseGlobal\/status\/1933104323401060455?ref_src=twsrc%5Etfw\" rel=\"nofollow noopener\" target=\"_blank\" data-ylk=\"slk:June 12, 2025;elm:context_link;itc:0;sec:content-canvas\" class=\"link \">June 12, 2025<\/a><\/p>\n<\/blockquote>\n<\/li>\n<li class=\"caas-liveblogpost\" data-id=\"a2adc8ea-95bc-4191-8db6-8e4d40b2e292\" id=\"a2adc8ea-95bc-4191-8db6-8e4d40b2e292\" data-lmt=\"{\" utc=\"\" jun=\"\" gmt=\"\" juin=\"\" am=\"\">ven. 13 juin 2025 \u00e0 12:58 AM UTC\u22127260 morts au moins, un miracul\u00e9\n<p>Selon un dernier bilan fourni par la police locale, au moins 260 personnes ont perdu la vie apr\u00e8s le crash d&rsquo;un Boeing d&rsquo;Air India au d\u00e9collage. Sur les 242 personnes \u00e0 bord, une a surv\u00e9cue. L&rsquo;avion s&rsquo;est \u00e9cras\u00e9 dans une zone r\u00e9sidentielle, touchant une auberge dans laquelle des m\u00e9decins \u00e9taient h\u00e9berg\u00e9s, faisant plusieurs victimes.<\/p>\n<p>Le passager du vol, assis au si\u00e8ge 11A, a surv\u00e9cu miraculeusement, et a \u00e9t\u00e9 hospitalis\u00e9. Il est \u00e0 cette heure le seul survivant du vol.<\/p>\n<\/li>\n<li class=\"caas-liveblogpost\" data-id=\"42b27cb0-42ca-41ac-91bb-5061859c77dc\" id=\"42b27cb0-42ca-41ac-91bb-5061859c77dc\" data-lmt=\"{\" utc=\"\" jun=\"\" gmt=\"\" juin=\"\" am=\"\">jeu. 12 juin 2025 \u00e0 9:00 AM UTC\u22127Cette vid\u00e9o montre les 44 secondes s\u00e9parant le d\u00e9collage du crash\n<p>Les cam\u00e9ras de vid\u00e9osurveillance de l&rsquo;a\u00e9roport d&rsquo;Ahmedabad (Inde), ont capt\u00e9 le d\u00e9collage puis le crash de l&rsquo;avion d&rsquo;Air India. Une s\u00e9quence de 44 secondes partag\u00e9e par le m\u00e9dia Hindustan Times qui montre la rapidit\u00e9 avec laquelle l&rsquo;avion a perdu de l&rsquo;altitude au d\u00e9collage, puis s&rsquo;est \u00e9cras\u00e9.<\/p>\n<\/li>\n<li class=\"caas-liveblogpost\" data-id=\"13b22dd7-6fc0-401b-939e-0715b32b89a4\" id=\"13b22dd7-6fc0-401b-939e-0715b32b89a4\" data-lmt=\"{\" utc=\"\" jun=\"\" gmt=\"\" juin=\"\" am=\"\">jeu. 12 juin 2025 \u00e0 8:24 AM UTC\u22127L&rsquo;avion \u00e9tait parti de Paris mercredi\n<p>Comme le rel\u00e8ve <a data-i13n=\"cpos:1;pos:1\" href=\"https:\/\/www.leparisien.fr\/international\/direct-inde-crash-dun-avion-boeing-de-la-compagnie-air-india-a-destination-de-londres-12-06-2025-NSAZ5YG4QZHKLHNBWDFU5WNT4E.php\" rel=\"nofollow noopener\" target=\"_blank\" data-ylk=\"slk:Le Parisien;cpos:1;pos:1;elm:context_link;itc:0;sec:content-canvas\" class=\"link \">Le Parisien<\/a>, consultant les donn\u00e9es du site sp\u00e9cialis\u00e9 Flight Radar, la veille du crash, le Boeing 787, dont l&rsquo;immatriculation est VT-ANB, avait fait un aller-retour Dehli-Paris, repartant de la capitale fran\u00e7aise vers 12h.<\/p>\n<p>Juste avant le crash, l&rsquo;avion avait ralli\u00e9 Ahmedabad depuis Dehli, un vol d&rsquo;\u00e0 peine plus d&rsquo;une heure.<\/p>\n<p>L&rsquo;avion devait rallier Londres, o\u00f9 l&rsquo;arriv\u00e9e \u00e9tait pr\u00e9vue en fin de journ\u00e9e. Selon une source proche du dossier cit\u00e9e par l&rsquo;AFP, c&rsquo;est la premi\u00e8re fois qu&rsquo;un Boeing 787 \u00ab\u00a0Dreamliner\u00a0\u00bb s&rsquo;\u00e9crase.<\/p>\n<\/li>\n<li class=\"caas-liveblogpost\" data-id=\"b65d0eb7-f912-4d2e-88d1-189f44164042\" id=\"b65d0eb7-f912-4d2e-88d1-189f44164042\" data-lmt=\"{\" utc=\"\" jun=\"\" gmt=\"\" juin=\"\" am=\"\">jeu. 12 juin 2025 \u00e0 8:03 AM UTC\u22127&Prime;Il y avait des corps autour de moi. J&rsquo;\u00e9tais effray\u00e9\u00a0\u00bb, raconte le survivant du crash\n<p>Le passager du vol, assis au si\u00e8ge 11A, a surv\u00e9cu au crash selon plusieurs m\u00e9dias et t\u00e9moigne aupr\u00e8s du <a data-i13n=\"cpos:1;pos:1\" href=\"https:\/\/www.hindustantimes.com\/india-news\/40yearold-man-in-ahmedabad-hospital-says-he-survived-air-india-crash-101749734358509.html\" rel=\"nofollow noopener\" target=\"_blank\" data-ylk=\"slk:Hindustan Times;cpos:1;pos:1;elm:context_link;itc:0;sec:content-canvas\" class=\"link \">Hindustan Times<\/a>. \u00ab\u00a0C&rsquo;est arriv\u00e9 si vite. Quand j&rsquo;ai repris conscience, il y avait des corps autour de moi. J&rsquo;\u00e9tais effray\u00e9, je me suis lev\u00e9 et j&rsquo;ai couru\u00a0\u00bb, explique-t-il.<\/p>\n<p>\u00ab\u00a0Il y avait des morceaux de l&rsquo;avion partout autour de moi. Quelqu&rsquo;un m&rsquo;a attrap\u00e9, m&rsquo;a mis dans une ambulance et m&rsquo;a emmen\u00e9 \u00e0 l&rsquo;h\u00f4pital, raconte Vishwashkumar Ramesh.<\/p>\n<p>Touch\u00e9 \u00e0 la poitrine, aux yeux et aux pieds, il est hospitalis\u00e9.<\/p>\n<p><a data-i13n=\"cpos:2;pos:1\" href=\"https:\/\/fr.news.yahoo.com\/il-y-avait-des-corps-tout-autour-de-moi--un-survivant-du-crash-de-lavion-air-india-temoigne-160534140.html\" data-ylk=\"slk:Plus d&#039;infos dans cet article;cpos:2;pos:1;elm:context_link;itc:0;sec:content-canvas;outcm:mb_qualified_link;_E:mb_qualified_link;ct:story;\" class=\"link  yahoo-link\" target=\"_blank\" rel=\"noopener\"><strong>Plus d&rsquo;infos dans cet article<\/strong><\/a><\/p>\n<\/li>\n<li class=\"caas-liveblogpost\" data-id=\"47cbe8cb-2662-4b9e-b9a4-a98522902f46\" id=\"47cbe8cb-2662-4b9e-b9a4-a98522902f46\" data-lmt=\"{\" utc=\"\" jun=\"\" gmt=\"\" juin=\"\" am=\"\">jeu. 12 juin 2025 \u00e0 7:47 AM UTC\u22127Un survivant du vol ?\n<p>\u00ab\u00a0Les passagers bless\u00e9s ont \u00e9t\u00e9 transport\u00e9s aux h\u00f4pitaux les plus proches\u00a0\u00bb, a d\u00e9clar\u00e9 le patron d&rsquo;Air India, la compagnie dont l&rsquo;avion s&rsquo;est \u00e9cras\u00e9, sugg\u00e9rant ainsi qu&rsquo;il y a eu des survivants au crash.<\/p>\n<p>Plusieurs internautes locaux relaient une information &#8211; non v\u00e9rifi\u00e9e pour l&rsquo;heure &#8211; selon laquelle le passager assis au si\u00e8ge 11A, c&rsquo;est-\u00e0-dire proche des sorties de secours, aurait surv\u00e9cu en sautant de l&rsquo;avion. Il s&rsquo;agirait de Vishwashkumar Ramesh, un citoyen britannique. Il est hospitalis\u00e9 et est sous traitement, selon la police locale.<\/p>\n<\/li>\n<li class=\"caas-liveblogpost\" data-id=\"1549babf-9ca3-4130-a60d-283be0b5f224\" id=\"1549babf-9ca3-4130-a60d-283be0b5f224\" data-lmt=\"{\" utc=\"\" jun=\"\" gmt=\"\" juin=\"\" am=\"\">jeu. 12 juin 2025 \u00e0 6:48 AM UTC\u22127Les 10 catastrophes a\u00e9riennes les plus meurtri\u00e8res des vingt derni\u00e8res ann\u00e9es\n<p>Si le bilan \u00e0 bord du vol d&rsquo;AirIndia, qui transportait 242 personnes, est encore incertain m\u00eame si le chef de la police locale affirme qu&rsquo;il n&rsquo;y aurait aucun survivant, il devrait \u00eatre lourd.<\/p>\n<p>Au point de pouvoir faire partie des catastrophes a\u00e9riennes les plus meurtri\u00e8res de ces vingt derni\u00e8res ann\u00e9es, au premier rang desquelles figure le drame du 17 juillet 2014 avec le crash du vol de la Malaysia Airlines reliant Amsterdam \u00e0 Kuala Lumpur, et qui avait fait 298 morts. Le drame, survenu au-dessus de la r\u00e9gion de Donetsk, au Donbass dans l&rsquo;est de l&rsquo;Ukraine a \u00e9t\u00e9 provoqu\u00e9 par un missile tir\u00e9 depuis le territoire s\u00e9paratiste.<\/p>\n<p><a data-i13n=\"cpos:1;pos:1\" href=\"https:\/\/fr.news.yahoo.com\/crash-davion-en-coree-du-sud-quelles-sont-les-10-catastrophes-aeriennes-les-plus-meurtrieres-des-vingt-dernieres-annees-165206752.html\" data-ylk=\"slk:Plus d&#039;infos dans cet article;cpos:1;pos:1;elm:context_link;itc:0;sec:content-canvas;outcm:mb_qualified_link;_E:mb_qualified_link;ct:story;\" class=\"link  yahoo-link\" target=\"_blank\" rel=\"noopener\"><strong>Plus d&rsquo;infos dans cet article<\/strong><\/a><\/p>\n<\/li>\n<li class=\"caas-liveblogpost\" data-id=\"90530255-5fae-428b-9860-1e939fad0a9a\" id=\"90530255-5fae-428b-9860-1e939fad0a9a\" data-lmt=\"{\" utc=\"\" jun=\"\" gmt=\"\" juin=\"\" am=\"\">jeu. 12 juin 2025 \u00e0 6:14 AM UTC\u22127Un crash d&rsquo;un Boeing 787 \u00ab\u00a0Dreamliner\u00a0\u00bb, une premi\u00e8re\n<p>Selon une source proche du dossier cit\u00e9e par l&rsquo;AFP, c&rsquo;est la premi\u00e8re fois qu&rsquo;un Boeing 787 \u00ab\u00a0Dreamliner\u00a0\u00bb s&rsquo;\u00e9crase. Cet avion, un long-courrier entr\u00e9 en service en 2011 peut transporter entre 248 et 330 personnes maximum.<\/p>\n<p>Au total, Boeing a enregistr\u00e9 2 598 commandes pour le 787, dont 889 encore en attente de livraison \u00e0 ce jour.<\/p>\n<blockquote placeholder=\"\" data-theme=\"light\" class=\"twitter-tweet\">\n<p>\u27a1\ufe0f Le crash de l&rsquo;avion de la compagnie Air India est le tout premier pour un Boeing 787 Dreamliner, a d\u00e9clar\u00e9 une source proche du dossier \u00e0 l&rsquo;AFP, confirmant des bases de donn\u00e9es consult\u00e9es par l&rsquo;AFP.<\/p>\n<p>\u2014 Agence France-Presse (@afpfr) <a href=\"https:\/\/twitter.com\/afpfr\/status\/1933134872786174302?ref_src=twsrc%5Etfw\" rel=\"nofollow noopener\" target=\"_blank\" data-ylk=\"slk:June 12, 2025;elm:context_link;itc:0;sec:content-canvas\" class=\"link \">June 12, 2025<\/a><\/p>\n<\/blockquote>\n<\/li>\n<li class=\"caas-liveblogpost\" data-id=\"0f68ce89-6ac0-4318-90f4-0f8094dd889e\" id=\"0f68ce89-6ac0-4318-90f4-0f8094dd889e\" data-lmt=\"{\" utc=\"\" jun=\"\" gmt=\"\" juin=\"\" am=\"\">jeu. 12 juin 2025 \u00e0 6:04 AM UTC\u22127204 corps retrouv\u00e9s, selon le chef de la police d&rsquo;Ahmedabad\n<p>Selon le chef de la police d&rsquo;Ahmedabad, 204 corps ont \u00e9t\u00e9 retrouv\u00e9s, sur les lieux du crash. Pour rappel, 242 personnes se trouvaient \u00e0 bord de cet avion d&rsquo;Air India, qui devait rallier Londres.<\/p>\n<p>L&rsquo;appareil s&rsquo;est \u00e9cras\u00e9 sur une auberge h\u00e9bergeant des m\u00e9decins, 30 corps auraient \u00e9t\u00e9 retrouv\u00e9s sur place, selon les services de secours, cit\u00e9s par l&rsquo;agence Reuters.<\/p>\n<\/li>\n<li class=\"caas-liveblogpost\" data-id=\"3b983f8d-7fe5-4e3e-8b68-7da54b94c1be\" id=\"3b983f8d-7fe5-4e3e-8b68-7da54b94c1be\" data-lmt=\"{\" utc=\"\" jun=\"\" gmt=\"\" juin=\"\" am=\"\">jeu. 12 juin 2025 \u00e0 5:37 AM UTC\u22127Ces photos stup\u00e9fiantes des d\u00e9combres de l\u2019avion en pleine ville\n<p>Les images t\u00e9moignent de la violence du choc et du lourd bilan \u00e0 craindre. Un appareil d&rsquo;Air India, qui transportait 242 passagers, s&rsquo;est \u00e9cras\u00e9 sur la ville d&rsquo;Ahmedabad, d'\u00a0\u00bbo\u00f9 il venait de d\u00e9coller.<\/p>\n<p>Les d\u00e9bris de l&rsquo;appareil sont r\u00e9partis dans la ville et t\u00e9moignent du drame sur place.<\/p>\n<p><a data-i13n=\"cpos:1;pos:1\" href=\"https:\/\/fr.news.yahoo.com\/crash-vol-air-india-inde-121218471.html\" data-ylk=\"slk:Plus d&#039;infos dans cet article;cpos:1;pos:1;elm:context_link;itc:0;sec:content-canvas;outcm:mb_qualified_link;_E:mb_qualified_link;ct:story;\" class=\"link  yahoo-link\" target=\"_blank\" rel=\"noopener\"><strong>Plus d&rsquo;infos dans cet article<\/strong><\/a><\/p>\n<p><img decoding=\"async\" class=\"caas-img caas-lazy has-preview\" alt=\"Un appareil d'Air India transportant 242 passagers s'est \u00e9cras\u00e9 au d\u00e9collage sur un quartier de la ville d'Ahmedabad, en Inde \/ FUERZA CENTRAL DE SEGURIDAD INDUSTRIAL vi\u00ada REUTERS. \" src=\"https:\/\/www.europesays.com\/fr\/wp-content\/uploads\/2025\/06\/410d4b40-4788-11f0-a7df-abd2a3f28616.jpeg\"\/><\/p>\n<p>Un appareil d&rsquo;Air India transportant 242 passagers s&rsquo;est \u00e9cras\u00e9 au d\u00e9collage sur un quartier de la ville d&rsquo;Ahmedabad, en Inde \/ FUERZA CENTRAL DE SEGURIDAD INDUSTRIAL vi\u00ada REUTERS.<\/p>\n<p><img decoding=\"async\" class=\"caas-img caas-lazy has-preview\" alt=\"La queue de l'avion d'Air India qui s'est \u00e9cras\u00e9 sur un quartier r\u00e9sidentiel en Inde \/ REUTERS\/Amit Dave\" src=\"https:\/\/www.europesays.com\/fr\/wp-content\/uploads\/2025\/06\/7cfb1740-4788-11f0-b77f-7f776fa4c605.jpeg\"\/><\/p>\n<p>La queue de l&rsquo;avion d&rsquo;Air India qui s&rsquo;est \u00e9cras\u00e9 sur un quartier r\u00e9sidentiel en Inde \/ REUTERS\/Amit Dave<\/p>\n<\/li>\n<li class=\"caas-liveblogpost\" data-id=\"e0df2482-86e7-4b2e-809f-ea412f799448\" id=\"e0df2482-86e7-4b2e-809f-ea412f799448\" data-lmt=\"{\" utc=\"\" jun=\"\" gmt=\"\" juin=\"\" am=\"\">jeu. 12 juin 2025 \u00e0 5:05 AM UTC\u22127Pour le chef de la police locale, \u00ab\u00a0il n&rsquo;y a apparemment aucun survivant\u00a0\u00bb\n<p>Vers un tr\u00e8s lourd bilan apr\u00e8s le crash d&rsquo;un appareil d&rsquo;Air India peu apr\u00e8s le d\u00e9collage. Selon le chef de la police locale, \u00ab\u00a0il n&rsquo;y a apparemment aucun survivant\u00a0\u00bb ajoutant qu&rsquo;il y a des \u00ab\u00a0victimes\u00a0\u00bb sur les lieux du crash en Inde, \u00e0 Ahmedabad, d&rsquo;o\u00f9 l&rsquo;avion a d\u00e9coll\u00e9.<\/p>\n<p>Il y avait 242 personnes \u00e0 bord de l&rsquo;appareil, et selon les services de secours, au moins 30 corps ont \u00e9t\u00e9 retrouv\u00e9s dans un b\u00e2timent touch\u00e9 par le crash.<\/p>\n<\/li>\n<li class=\"caas-liveblogpost\" data-id=\"29a70b12-9b84-4c16-aeb2-1172ec655c0c\" id=\"29a70b12-9b84-4c16-aeb2-1172ec655c0c\" data-lmt=\"{\" utc=\"\" jun=\"\" gmt=\"\" juin=\"\" am=\"\">jeu. 12 juin 2025 \u00e0 4:29 AM UTC\u2212730 corps retrouv\u00e9s dans un b\u00e2timent touch\u00e9 par le crash\n<p>L&rsquo;agence <a data-i13n=\"cpos:1;pos:1\" href=\"https:\/\/www.reuters.com\/world\/india\/india-plane-crash-updates-2025-06-12\/\" rel=\"nofollow noopener\" target=\"_blank\" data-ylk=\"slk:Reuters;cpos:1;pos:1;elm:context_link;itc:0;sec:content-canvas\" class=\"link \">Reuters<\/a> \u00e9voquait un b\u00e2timent pour loger des m\u00e9decins comme ayant \u00e9t\u00e9 touch\u00e9 par le crash. Selon les secours cit\u00e9s par l&rsquo;agence de presse, au moins 30 corps ont \u00e9t\u00e9 retrouv\u00e9s dans un b\u00e2timent, sur les lieux du crash de l&rsquo;avion d&rsquo;Air India.<\/p>\n<p>Aucun bilan n&rsquo;a pour l&rsquo;heure \u00e9t\u00e9 fourni concernant les 242 personnes se trouvant \u00e0 bord de l&rsquo;appareil, 230 passagers, 2 pilotes et 10 membres d&rsquo;\u00e9quipage.<\/p>\n<\/li>\n<li class=\"caas-liveblogpost\" data-id=\"9a6b2fa4-cadd-4e1a-b9e0-50dca7ece3c8\" id=\"9a6b2fa4-cadd-4e1a-b9e0-50dca7ece3c8\" data-lmt=\"{\" utc=\"\" jun=\"\" gmt=\"\" juin=\"\" am=\"\">jeu. 12 juin 2025 \u00e0 4:26 AM UTC\u22127L&rsquo;Europe se dit \u00ab\u00a0solidaire\u00a0\u00bb par la voix de von der Leyen\n<p>En Europe, le crash suscite \u00e9galement une vive \u00e9motion. La pr\u00e9sidente de la Commission europ\u00e9enne, Ursula von der Leyen, d\u00e9plore \u00ab\u00a0des nouvelles d\u00e9chirantes\u00a0\u00bb, dans un communiqu\u00e9 publi\u00e9 sur X.<\/p>\n<p>\u00ab\u00a0Mes plus sinc\u00e8res condol\u00e9ances aux familles et aux proches qui pleurent cette terrible perte. Nous partageons votre douleur. Cher Narendra Modi, l&rsquo;Europe est solidaire de vous et du peuple indien dans ce moment de deuil\u00a0\u00bb.<\/p>\n<blockquote placeholder=\"\" data-theme=\"light\" class=\"twitter-tweet\">\n<p>Heartbreaking news from India with the tragic plane crash in Ahmedabad.<\/p>\n<p>My deepest condolences to the families and loved ones grieving this terrible loss.<\/p>\n<p>We share your pain. Dear <a href=\"https:\/\/twitter.com\/narendramodi?ref_src=twsrc%5Etfw\" rel=\"nofollow noopener\" target=\"_blank\" data-ylk=\"slk:@narendramodi;elm:context_link;itc:0;sec:content-canvas\" class=\"link \">@narendramodi<\/a>, Europe stands in solidarity with you and the people of India in this moment of\u2026 <a href=\"https:\/\/t.co\/jWdKEmGGW1\" rel=\"nofollow noopener\" target=\"_blank\" data-ylk=\"slk:https:\/\/t.co\/jWdKEmGGW1;elm:context_link;itc:0;sec:content-canvas\" class=\"link \">https:\/\/t.co\/jWdKEmGGW1<\/a><\/p>\n<p>\u2014 Ursula von der Leyen (@vonderleyen) <a href=\"https:\/\/twitter.com\/vonderleyen\/status\/1933112969207947746?ref_src=twsrc%5Etfw\" rel=\"nofollow noopener\" target=\"_blank\" data-ylk=\"slk:June 12, 2025;elm:context_link;itc:0;sec:content-canvas\" class=\"link \">June 12, 2025<\/a><\/p>\n<\/blockquote>\n<\/li>\n<li class=\"caas-liveblogpost\" data-id=\"4494627f-e82a-48fd-9e91-1ff2032f1452\" id=\"4494627f-e82a-48fd-9e91-1ff2032f1452\" data-lmt=\"{\" utc=\"\" jun=\"\" gmt=\"\" juin=\"\" am=\"\">jeu. 12 juin 2025 \u00e0 3:53 AM UTC\u22127L&rsquo;\u00e9motion du Premier ministre indien\n<p>Au tour du Premier ministre indien de partager sa tristesse apr\u00e8s le crash d&rsquo;un avion d&rsquo;AirIndia, \u00e0 Ahmedabad (Inde). Dans un message publi\u00e9 sur X, \u00ab\u00a0abasourdi et attrist\u00e9\u00a0\u00bb par la \u00ab\u00a0trag\u00e9die\u00a0\u00bb du crash \u00e0 Ahmedabad.<\/p>\n<p>\u00ab\u00a0En ce moment de tristesse, mes pens\u00e9es vont \u00e0 toutes les personnes touch\u00e9es par cette trag\u00e9die. J&rsquo;ai \u00e9t\u00e9 en contact avec les ministres et les autorit\u00e9s qui s&rsquo;efforcent d&rsquo;aider les personnes touch\u00e9es\u00a0\u00bb, ajoute le dirigeant indien.<\/p>\n<blockquote placeholder=\"\" data-theme=\"light\" class=\"twitter-tweet\">\n<p>The tragedy in Ahmedabad has stunned and saddened us. It is heartbreaking beyond words. In this sad hour, my thoughts are with everyone affected by it. Have been in touch with Ministers and authorities who are working to assist those affected.<\/p>\n<p>\u2014 Narendra Modi (@narendramodi) <a href=\"https:\/\/twitter.com\/narendramodi\/status\/1933110947553681853?ref_src=twsrc%5Etfw\" rel=\"nofollow noopener\" target=\"_blank\" data-ylk=\"slk:June 12, 2025;elm:context_link;itc:0;sec:content-canvas\" class=\"link \">June 12, 2025<\/a><\/p>\n<\/blockquote>\n<\/li>\n<li class=\"caas-liveblogpost\" data-id=\"220831db-6dfe-4302-a881-8e874df4e3b3\" id=\"220831db-6dfe-4302-a881-8e874df4e3b3\" data-lmt=\"{\" utc=\"\" jun=\"\" gmt=\"\" juin=\"\" am=\"\">jeu. 12 juin 2025 \u00e0 3:28 AM UTC\u22127Le Premier ministre britannique adresse ses \u00ab\u00a0pens\u00e9es aux passagers et leurs familles\n<p>Keir Starmer, le Premier ministre britannique, a adress\u00e9 ses \u00ab\u00a0pens\u00e9es aux passagers et leurs familles dans ce moment profond\u00e9ment \u00e9prouvant\u00a0\u00bb. Pour rappel, 53 Britanniques font partie des 230 passagers du vol qui s&rsquo;est \u00e9cras\u00e9. 2 pilotes et 10 membres d&rsquo;\u00e9quipage \u00e9taient \u00e9galement \u00e0 bord.<\/p>\n<p>L&rsquo;avion d&rsquo;Air India devait rejoindre l&rsquo;a\u00e9roport de Londres, o\u00f9 il \u00e9tait attendu en fin de journ\u00e9e.<\/p>\n<\/li>\n<li class=\"caas-liveblogpost\" data-id=\"2f174c86-9ddc-4596-b8ca-2e4ae530e6e7\" id=\"2f174c86-9ddc-4596-b8ca-2e4ae530e6e7\" data-lmt=\"{\" utc=\"\" jun=\"\" gmt=\"\" juin=\"\" am=\"\">jeu. 12 juin 2025 \u00e0 3:19 AM UTC\u22127Un b\u00e2timent accueillant des m\u00e9decins touch\u00e9 lors du crash\n<p>Selon Reuters, l&rsquo;avion s&rsquo;est \u00e9cras\u00e9 dans un b\u00e2timent o\u00f9 se trouvent des m\u00e9decins. Tant \u00e0 bord qu&rsquo;au sol, le bilan reste inconnu pour le moment, mais les images impressionnantes laissent craindre le pire.<\/p>\n<p>Pour rappel 242 passagers et membres d&rsquo;\u00e9quipage se trouvaient \u00e0 bord du Boeing de la compagnie Air India : 230 passagers, 2 pilotes et 10 membres d&rsquo;\u00e9quipage composaient le vol.<\/p>\n<\/li>\n<li class=\"caas-liveblogpost\" data-id=\"6024a4ae-d150-4c37-84f2-ac7470624ad3\" id=\"6024a4ae-d150-4c37-84f2-ac7470624ad3\" data-lmt=\"{\" utc=\"\" jun=\"\" gmt=\"\" juin=\"\" am=\"\">jeu. 12 juin 2025 \u00e0 2:59 AM UTC\u22127Indiens, Britanniques&#8230; Les nationalit\u00e9s des 230 passagers\n<p>Selon les informations de l&rsquo;<a data-i13n=\"cpos:1;pos:1\" href=\"https:\/\/www.hindustantimes.com\/india-news\/ahmedabad-plane-crash-live-updates-air-india-flight-crashes-ahmedabad-airport-death-toll-news-101749717953751.html?fbclid=IwY2xjawK3gllleHRuA2FlbQIxMABicmlkETBYUUsxVHlIb2VLeVlPNmJmAR6PLYBZGktZt4klEkkM2T4BQMyTNaa-vZnrk2o6SDUGfOPgOLCJsGnxEexe6w_aem_msYKKlz_aU7YEzREWRzl_Q\" rel=\"nofollow noopener\" target=\"_blank\" data-ylk=\"slk:Hindustan Times;cpos:1;pos:1;elm:context_link;itc:0;sec:content-canvas\" class=\"link \">Hindustan Times<\/a>, parmi les 230 passagers du vol reliant Ahmedabad \u00e0 Londres, se trouvaient 169 Indiens, 53 Britanniques, 1 Canadien et 7 Portugais. Aucune pr\u00e9cision n&rsquo;a \u00e9t\u00e9 apport\u00e9e concernant la nationalit\u00e9 des pilotes ou des membres d&rsquo;\u00e9quipage.<\/p>\n<p>Aucun bilan n&rsquo;a pour l&rsquo;heure \u00e9t\u00e9 fourni par les autorit\u00e9s, alors qu&rsquo;un important dispositif de secours a \u00e9t\u00e9 d\u00e9ploy\u00e9 sur la zone du crash.<\/p>\n<\/li>\n<li class=\"caas-liveblogpost\" data-id=\"118d2f46-b38a-44d3-afbe-9082a899a4f4\" id=\"118d2f46-b38a-44d3-afbe-9082a899a4f4\" data-lmt=\"{\" utc=\"\" jun=\"\" gmt=\"\" juin=\"\" am=\"\">jeu. 12 juin 2025 \u00e0 2:50 AM UTC\u22127Un crash survenu \u00ab\u00a0quelques secondes apr\u00e8s le d\u00e9collage\u00a0\u00bb\n<p>Selon les donn\u00e9es disponibles sur le site de tracker en ligne, Flight Radar, \u00ab\u00a0le signal de l&rsquo;appareil a \u00e9t\u00e9 perdu \u00e0 190 m\u00e8tres d&rsquo;altitude, moins d&rsquo;une minute apr\u00e8s le d\u00e9collage\u00a0\u00bb.<\/p>\n<p>Le vol Air India 171 devait arriver \u00e0 18h25 (heure locale) \u00e0 l&rsquo;a\u00e9roport de Londres-Gatwick.<\/p>\n<blockquote placeholder=\"\" data-theme=\"light\" class=\"twitter-tweet\">\n<p>We are following reports of a crash of Air India flight <a href=\"https:\/\/twitter.com\/hashtag\/AI171?src=hash&amp;ref_src=twsrc%5Etfw\" rel=\"nofollow noopener\" target=\"_blank\" data-ylk=\"slk:#AI171;elm:context_link;itc:0;sec:content-canvas\" class=\"link \">#AI171<\/a> from Ahmedabad to London. We received the last signal from the aircraft at 08:08:51 UTC, just seconds after take off.<\/p>\n<p>The aircraft involved is a Boeing 787-8 Dreamliner with registration VT-ANB\u2026 <a href=\"https:\/\/t.co\/EmKKISJldF\" rel=\"nofollow noopener\" target=\"_blank\" data-ylk=\"slk:pic.twitter.com\/EmKKISJldF;elm:context_link;itc:0;sec:content-canvas\" class=\"link \">pic.twitter.com\/EmKKISJldF<\/a><\/p>\n<p>\u2014 Flightradar24 (@flightradar24) <a href=\"https:\/\/twitter.com\/flightradar24\/status\/1933086087682904336?ref_src=twsrc%5Etfw\" rel=\"nofollow noopener\" target=\"_blank\" data-ylk=\"slk:June 12, 2025;elm:context_link;itc:0;sec:content-canvas\" class=\"link \">June 12, 2025<\/a><\/p>\n<\/blockquote>\n<\/li>\n<li class=\"caas-liveblogpost\" data-id=\"d4519280-d3e9-47ef-9a6e-775560a4daca\" id=\"d4519280-d3e9-47ef-9a6e-775560a4daca\" data-lmt=\"{\" utc=\"\" jun=\"\" gmt=\"\" juin=\"\" am=\"\">jeu. 12 juin 2025 \u00e0 2:45 AM UTC\u22127Ce que l&rsquo;on sait du vol qui s&rsquo;est \u00e9cras\u00e9\n<p>Selon l&rsquo;aviation civile indienne, 242 passagers et membres d&rsquo;\u00e9quipage se trouvaient \u00e0 bord du Boeing de la compagnie Air India. 230 passagers, 2 pilotes et 10 membres d&rsquo;\u00e9quipage composaient le vol.<\/p>\n<p>Il venait de d\u00e9coller de Ahmedabad (Inde) et se rendait \u00e0 destination de Londres. Les r\u00e9servoirs de l&rsquo;appareil \u00e9taient remplis au moment du crash, afin d&rsquo;assurer ce vol long-courrier, ce qui a amplifi\u00e9 l&rsquo;explosion au sol, comme le montrent les vid\u00e9os des t\u00e9moins.<\/p>\n<\/li>\n<\/ul>\n<p>Afficher plus de mises \u00e0 jour<script async src=\"https:\/\/platform.twitter.com\/widgets.js\" charset=\"utf-8\"><\/script><\/p>\n","protected":false},"excerpt":{"rendered":"Le terrible drame qui a touch\u00e9 l&rsquo;Inde jeudi matin a fait au moins 260 morts selon un dernier&hellip;\n","protected":false},"author":2,"featured_media":172993,"comment_status":"","ping_status":"","sticky":false,"template":"","format":"standard","meta":{"footnotes":""},"categories":[5],"tags":[11,30812,37,1011,27,14,12,28],"class_list":{"0":"post-172992","1":"post","2":"type-post","3":"status-publish","4":"format-standard","5":"has-post-thumbnail","7":"category-international","8":"tag-actualites","9":"tag-air-india","10":"tag-avion","11":"tag-fr","12":"tag-france","13":"tag-international","14":"tag-news","15":"tag-world"},"share_on_mastodon":{"url":"https:\/\/pubeurope.com\/@fr\/114675300784071910","error":""},"_links":{"self":[{"href":"https:\/\/www.europesays.com\/fr\/wp-json\/wp\/v2\/posts\/172992","targetHints":{"allow":["GET"]}}],"collection":[{"href":"https:\/\/www.europesays.com\/fr\/wp-json\/wp\/v2\/posts"}],"about":[{"href":"https:\/\/www.europesays.com\/fr\/wp-json\/wp\/v2\/types\/post"}],"author":[{"embeddable":true,"href":"https:\/\/www.europesays.com\/fr\/wp-json\/wp\/v2\/users\/2"}],"replies":[{"embeddable":true,"href":"https:\/\/www.europesays.com\/fr\/wp-json\/wp\/v2\/comments?post=172992"}],"version-history":[{"count":0,"href":"https:\/\/www.europesays.com\/fr\/wp-json\/wp\/v2\/posts\/172992\/revisions"}],"wp:featuredmedia":[{"embeddable":true,"href":"https:\/\/www.europesays.com\/fr\/wp-json\/wp\/v2\/media\/172993"}],"wp:attachment":[{"href":"https:\/\/www.europesays.com\/fr\/wp-json\/wp\/v2\/media?parent=172992"}],"wp:term":[{"taxonomy":"category","embeddable":true,"href":"https:\/\/www.europesays.com\/fr\/wp-json\/wp\/v2\/categories?post=172992"},{"taxonomy":"post_tag","embeddable":true,"href":"https:\/\/www.europesays.com\/fr\/wp-json\/wp\/v2\/tags?post=172992"}],"curies":[{"name":"wp","href":"https:\/\/api.w.org\/{rel}","templated":true}]}}