{"id":172998,"date":"2025-06-13T09:18:10","date_gmt":"2025-06-13T09:18:10","guid":{"rendered":"https:\/\/www.europesays.com\/fr\/172998\/"},"modified":"2025-06-13T09:18:10","modified_gmt":"2025-06-13T09:18:10","slug":"loire-pourquoi-la-police-judiciaire-etait-elle-a-la-mairie-de-saint-chamond-ce-jeudi","status":"publish","type":"post","link":"https:\/\/www.europesays.com\/fr\/172998\/","title":{"rendered":"Loire. Pourquoi la police judiciaire \u00e9tait-elle \u00e0 la mairie de Saint-Chamond ce jeudi\u00a0?"},"content":{"rendered":"<p>Selon un communiqu\u00e9 de la Ville de Saint-Chamond, des agents de la police judiciaire se sont d\u00e9plac\u00e9s \u00e0 l\u2019h\u00f4tel de ville ce jeudi 12\u00a0juin. La raison \u00e9voqu\u00e9e par la mairie\u00a0: des v\u00e9rifications engag\u00e9es \u00e0 la suite du rapport \u00e9tabli par la Chambre r\u00e9gionale des comptes.<\/p>\n<p>Pour rappel, cette juridiction administrative avait planch\u00e9 sur les comptes et de la gestion de la ville sur les exercices de 2015 \u00e0 2020 et <a href=\"https:\/\/www.leprogres.fr\/politique\/2022\/11\/10\/chambre-des-comptes-il-n-y-a-rien-qui-est-hors-la-loi-dans-ce-rapport\" target=\"_blank\" rel=\"nofollow noopener\">remis son analyse en novembre\u00a02022<\/a>.<\/p>\n<p>Des probl\u00e9matiques d\u2019heures suppl\u00e9mentaires<\/p>\n<p>Selon la mairie, les agents sont intervenus pour des probl\u00e9matiques d\u2019heures suppl\u00e9mentaires. Cela concernerait \u00ab\u00a0une dizaine d\u2019agents municipaux sur un effectif de 800 agents employ\u00e9s\u00a0\u00bb.<\/p>\n<p>Sans donner plus de d\u00e9tails, elle a assur\u00e9 que \u00ab\u00a0les services administratifs coop\u00e8rent pleinement avec les autorit\u00e9s judiciaires et mettent \u00e0 leur disposition l\u2019ensemble des \u00e9l\u00e9ments et documents requis afin de permettre le bon d\u00e9roulement des investigations\u00a0\u00bb. Et qu\u2019elle \u00ab\u00a0r\u00e9it\u00e8re sa pleine confiance en l\u2019int\u00e9grit\u00e9 de ses agents et la sinc\u00e9rit\u00e9 du comptable public\u00a0\u00bb.<\/p>\n<p>Ces questions d\u2019heures suppl\u00e9mentaires sont-elles la seule raison pour laquelle la police judiciaire a fait le d\u00e9placement\u00a0? Cela peut para\u00eetre surprenant.<\/p>\n<p>L\u2019opposante d\u2019extr\u00eame droite Isabelle Surply, qui a multipli\u00e9 les plaintes li\u00e9es \u00e0 l\u2019utilisation par la ville de l\u2019argent public, s\u2019interroge d\u2019ailleurs sur ses r\u00e9seaux sociaux.<\/p>\n","protected":false},"excerpt":{"rendered":"Selon un communiqu\u00e9 de la Ville de Saint-Chamond, des agents de la police judiciaire se sont d\u00e9plac\u00e9s \u00e0&hellip;\n","protected":false},"author":2,"featured_media":172999,"comment_status":"","ping_status":"","sticky":false,"template":"","format":"standard","meta":{"footnotes":""},"categories":[9653],"tags":[1111,11,2430,7539,1777,674,107,1011,27,3367,12,316,25,9669,9670,4001],"class_list":{"0":"post-172998","1":"post","2":"type-post","3":"status-publish","4":"format-standard","5":"has-post-thumbnail","7":"category-saint-etienne","8":"tag-actu","9":"tag-actualites","10":"tag-auvergne-rhone-alpes","11":"tag-edition-loire-sud","12":"tag-eu","13":"tag-europe","14":"tag-fil-info","15":"tag-fr","16":"tag-france","17":"tag-loire","18":"tag-news","19":"tag-politique","20":"tag-republique-francaise","21":"tag-saint-chamond","22":"tag-saint-chamond-ville","23":"tag-saint-etienne"},"share_on_mastodon":{"url":"https:\/\/pubeurope.com\/@fr\/114675312437392357","error":""},"_links":{"self":[{"href":"https:\/\/www.europesays.com\/fr\/wp-json\/wp\/v2\/posts\/172998","targetHints":{"allow":["GET"]}}],"collection":[{"href":"https:\/\/www.europesays.com\/fr\/wp-json\/wp\/v2\/posts"}],"about":[{"href":"https:\/\/www.europesays.com\/fr\/wp-json\/wp\/v2\/types\/post"}],"author":[{"embeddable":true,"href":"https:\/\/www.europesays.com\/fr\/wp-json\/wp\/v2\/users\/2"}],"replies":[{"embeddable":true,"href":"https:\/\/www.europesays.com\/fr\/wp-json\/wp\/v2\/comments?post=172998"}],"version-history":[{"count":0,"href":"https:\/\/www.europesays.com\/fr\/wp-json\/wp\/v2\/posts\/172998\/revisions"}],"wp:featuredmedia":[{"embeddable":true,"href":"https:\/\/www.europesays.com\/fr\/wp-json\/wp\/v2\/media\/172999"}],"wp:attachment":[{"href":"https:\/\/www.europesays.com\/fr\/wp-json\/wp\/v2\/media?parent=172998"}],"wp:term":[{"taxonomy":"category","embeddable":true,"href":"https:\/\/www.europesays.com\/fr\/wp-json\/wp\/v2\/categories?post=172998"},{"taxonomy":"post_tag","embeddable":true,"href":"https:\/\/www.europesays.com\/fr\/wp-json\/wp\/v2\/tags?post=172998"}],"curies":[{"name":"wp","href":"https:\/\/api.w.org\/{rel}","templated":true}]}}