{"id":173002,"date":"2025-06-13T09:20:11","date_gmt":"2025-06-13T09:20:11","guid":{"rendered":"https:\/\/www.europesays.com\/fr\/173002\/"},"modified":"2025-06-13T09:20:11","modified_gmt":"2025-06-13T09:20:11","slug":"les-bancs-sont-demontes-et-la-police-municipale-va-patrouiller-plus","status":"publish","type":"post","link":"https:\/\/www.europesays.com\/fr\/173002\/","title":{"rendered":"les bancs sont d\u00e9mont\u00e9s et la police municipale va patrouiller plus"},"content":{"rendered":"<p>Face \u00e0 la mont\u00e9e des incivilit\u00e9s et de l\u2019errance agressive sur la place des Vosges \u00e0 Nancy, la municipalit\u00e9 intensifie sa riposte. Alert\u00e9e par les commer\u00e7ants et les riverains, la Ville a retir\u00e9 provisoirement les bancs issus du budget participatif dans la zone r\u00e9cemment requalifi\u00e9e.<\/p>\n<p>Des patrouilles de la police municipale sont d\u00e9sormais men\u00e9es quotidiennement, avec une attention particuli\u00e8re entre 18\u00a0h et 21\u00a0h. Le Centre de supervision urbain a \u00e9t\u00e9 mobilis\u00e9 pour garantir des interventions rapides, tandis que les m\u00e9diateurs concentreront leurs efforts sur ce secteur afin d\u2019orienter les personnes en errance vers les dispositifs d\u2019accompagnement.<\/p>\n<p>Ce contenu est bloqu\u00e9 car vous n&rsquo;avez pas accept\u00e9 les cookies et autres traceurs.<\/p>\n<p>En cliquant sur \u00ab J\u2019accepte \u00bb, les cookies et autres traceurs seront d\u00e9pos\u00e9s et vous pourrez visualiser les contenus  (<a href=\"\" class=\"consentModule_policy\" target=\"_blank\" title=\"Consulter la politique de protection des donn\u00e9es du fournisseur\">plus d&rsquo;informations<\/a>).<\/p>\n<p>En cliquant sur \u00ab J\u2019accepte tous les cookies \u00bb, vous autorisez des d\u00e9p\u00f4ts de cookies et autres traceurs pour le stockage de vos donn\u00e9es sur nos sites et applications \u00e0 des fins de personnalisation et de ciblage publicitaire.<\/p>\n<p class=\"consentModule_secondaryText\">Vous gardez la possibilit\u00e9 de retirer votre consentement \u00e0 tout moment en consultant notre <a href=\"https:\/\/www.estrepublicain.fr\/protection-des-donnees\" target=\"_blank\" title=\"Consulter notre politique de protection des donn\u00e9es\" rel=\"noopener\">politique de protection des donn\u00e9es<\/a>. <br \/>&#13;<br \/>\n            <a href=\"https:\/\/www.estrepublicain.fr\/politique\/2025\/06\/13\/javascript:Didomi.notice.show()\" class=\"consentModule_cmp\" target=\"_blank\" rel=\"noopener\">G\u00e9rer mes choix<\/a>&#13;\n        <\/p>\n<p>&#13;<br \/>\n                        J&rsquo;accepte&#13;<br \/>\n            J&rsquo;accepte tous les cookies&#13;\n        <\/p>\n<p>  Des contr\u00f4les chez les commer\u00e7ants<\/p>\n<p>Parall\u00e8lement, la Ville va renforcer les contr\u00f4les chez les commer\u00e7ants pour lutter contre la vente d\u2019alcool fort \u00e0 des personnes d\u00e9j\u00e0 alcoolis\u00e9es, un facteur aggravant reconnu. La d\u00e9viation de circulation, due \u00e0 la fermeture de la place et <a href=\"https:\/\/www.estrepublicain.fr\/faits-divers-justice\/2025\/03\/07\/place-des-vosges-un-immeuble-evacue-dans-l-urgence-ce-mardi-soir\" target=\"_blank\" rel=\"noopener\">\u00e0 la s\u00e9curisation des immeubles aux num\u00e9ros\u00a06, 8 et\u00a010,<\/a> a contribu\u00e9 \u00e0 d\u00e9stabiliser la situation.<\/p>\n<p>Les travaux doivent s\u2019achever d\u2019ici fin juin, avec une r\u00e9ouverture pr\u00e9vue au tout d\u00e9but juillet.<\/p>\n<p>Enfin, la municipalit\u00e9 a sollicit\u00e9 la mobilisation de partenaires institutionnels\u00a0: la pr\u00e9fecture de Meurthe-et-Moselle, la direction interd\u00e9partementale de la police nationale et l\u2019association AARS (Association accueil et r\u00e9insertion sociale), pour coordonner une r\u00e9ponse plus large \u00e0 cette crise d\u2019ordre public.<\/p>\n","protected":false},"excerpt":{"rendered":"Face \u00e0 la mont\u00e9e des incivilit\u00e9s et de l\u2019errance agressive sur la place des Vosges \u00e0 Nancy, la&hellip;\n","protected":false},"author":2,"featured_media":173003,"comment_status":"","ping_status":"","sticky":false,"template":"","format":"standard","meta":{"footnotes":""},"categories":[9635],"tags":[1111,11,1984,1704,1777,674,1011,27,775,1702,1703,12,316,25],"class_list":{"0":"post-173002","1":"post","2":"type-post","3":"status-publish","4":"format-standard","5":"has-post-thumbnail","7":"category-nancy","8":"tag-actu","9":"tag-actualites","10":"tag-conseil-municipal","11":"tag-edition-nancy-et-agglomeration","12":"tag-eu","13":"tag-europe","14":"tag-fr","15":"tag-france","16":"tag-grand-est","17":"tag-nancy","18":"tag-nancy-ville-54b","19":"tag-news","20":"tag-politique","21":"tag-republique-francaise"},"share_on_mastodon":{"url":"https:\/\/pubeurope.com\/@fr\/114675320354833830","error":""},"_links":{"self":[{"href":"https:\/\/www.europesays.com\/fr\/wp-json\/wp\/v2\/posts\/173002","targetHints":{"allow":["GET"]}}],"collection":[{"href":"https:\/\/www.europesays.com\/fr\/wp-json\/wp\/v2\/posts"}],"about":[{"href":"https:\/\/www.europesays.com\/fr\/wp-json\/wp\/v2\/types\/post"}],"author":[{"embeddable":true,"href":"https:\/\/www.europesays.com\/fr\/wp-json\/wp\/v2\/users\/2"}],"replies":[{"embeddable":true,"href":"https:\/\/www.europesays.com\/fr\/wp-json\/wp\/v2\/comments?post=173002"}],"version-history":[{"count":0,"href":"https:\/\/www.europesays.com\/fr\/wp-json\/wp\/v2\/posts\/173002\/revisions"}],"wp:featuredmedia":[{"embeddable":true,"href":"https:\/\/www.europesays.com\/fr\/wp-json\/wp\/v2\/media\/173003"}],"wp:attachment":[{"href":"https:\/\/www.europesays.com\/fr\/wp-json\/wp\/v2\/media?parent=173002"}],"wp:term":[{"taxonomy":"category","embeddable":true,"href":"https:\/\/www.europesays.com\/fr\/wp-json\/wp\/v2\/categories?post=173002"},{"taxonomy":"post_tag","embeddable":true,"href":"https:\/\/www.europesays.com\/fr\/wp-json\/wp\/v2\/tags?post=173002"}],"curies":[{"name":"wp","href":"https:\/\/api.w.org\/{rel}","templated":true}]}}