{"id":17301,"date":"2025-04-11T12:43:10","date_gmt":"2025-04-11T12:43:10","guid":{"rendered":"https:\/\/www.europesays.com\/fr\/17301\/"},"modified":"2025-04-11T12:43:10","modified_gmt":"2025-04-11T12:43:10","slug":"orages-et-averses-ce-week-end-en-france-voici-les-regions-qui-seront-touchees","status":"publish","type":"post","link":"https:\/\/www.europesays.com\/fr\/17301\/","title":{"rendered":"orages et averses ce week-end en France, voici les r\u00e9gions qui seront touch\u00e9es"},"content":{"rendered":"<p>            Par<br \/>\n        <strong><br \/>\n            <a href=\"https:\/\/actu.fr\/auteur\/alexandra-segond\" title=\"Consulter tous les articles de Alexandra Segond\" target=\"_blank\" rel=\"noopener\">Alexandra Segond<\/a><br \/>\n        <\/strong><\/p>\n<p>        Publi\u00e9 le<\/p>\n<p>            11 avr. 2025 \u00e0 6h04        <\/p>\n<p>Vous avez profit\u00e9 <a href=\"https:\/\/actu.fr\/meteo\/des-pointes-a-25-c-en-france-des-vendredi-voici-ou-il-va-faire-le-plus-chaud_62461336.html\" target=\"_blank\" rel=\"noopener\">du soleil et des douces temp\u00e9ratures cette semaine<\/a> \u2013 surtout la zone B, <a href=\"https:\/\/actu.fr\/societe\/les-vacances-d-hiver-c-est-termine-pour-la-zone-b-mais-au-fait-c-est-quand-les-prochaines_62273800.html\" target=\"_blank\" rel=\"noopener\">qui est en vacances depuis le 5\u00a0avril 2025<\/a>\u2009? Vous avez bien fait\u2009: <strong>le week-end de la mi-avril s\u2019annonce bien orageux<\/strong>.<\/p>\n<p class=\" wall-content\">\u00c0 partir de samedi 12\u00a0avril 2025, <a href=\"https:\/\/actu.fr\/meteo\/la-tempete-olivier-fait-basculer-la-france-orages-et-temps-instable-prevus-ce-week-end-a-quoi-s-attendre_62491596.html\" target=\"_blank\" rel=\"noopener\">la France conna\u00eet une bascule<\/a> sous l\u2019influence d\u2019une <strong>petite perturbation<\/strong> \u00ab\u2009qui stagne dans le golfe de Gascogne\u2009\u00bb, indique \u00e0 actu.fr le m\u00e9t\u00e9orologue Yann Amice. Dans son sillage\u2009:<strong> \u00ab\u2009un temps lourd et instable\u2009\u00bb<\/strong>, tra\u00eenant donc des orages et des averses <a href=\"https:\/\/actu.fr\/tag\/pluie\" target=\"_blank\" rel=\"noopener\">pluvieuses<\/a>.<\/p>\n<p>Une perturbation d\u00e9barque en d\u00e9but de week-end<\/p>\n<p class=\" wall-content\">D\u00e8s vendredi 11 avril 2025 soir, les pr\u00e9mices du mauvais temps \u2013 <a href=\"https:\/\/actu.fr\/meteo\/la-tempete-olivier-fait-basculer-la-france-orages-et-temps-instable-prevus-ce-week-end-a-quoi-s-attendre_62491596.html\" target=\"_blank\" rel=\"noopener\">cons\u00e9quence de la temp\u00eate Olivier<\/a> \u2013 prennent la forme de <strong>nuages<\/strong>, qui vont se mettre en place \u00ab\u2009au pied des Pyr\u00e9n\u00e9es\u2009\u00bb et pourront \u00eatre accompagn\u00e9s<strong> \u00ab\u2009des premi\u00e8res averses\u2009\u00bb<\/strong>, d\u00e9taille Yann Amice.<\/p>\n<p class=\" wall-content\">Puis, dans la nuit de vendredi 11 \u00e0 samedi 12, cette perturbation va remonter sur le sud-ouest et \u00ab\u2009se placer sur la pointe bretonne\u2009\u00bb, poursuit le fondateur de <a href=\"https:\/\/www.weathernco.com\/\" target=\"_blank\" rel=\"noopener\">Weather\u2019N\u2019Co<\/a>.<\/p>\n<blockquote class=\"ac-article-quote wall-content\">\n<p>On aura des nuages plus cons\u00e9quents sur la fa\u00e7ade Atlantique et un ciel voil\u00e9 sur toute la moiti\u00e9 ouest.<\/p>\n<p>    <strong>Yann Amice<\/strong><br \/>\n        M\u00e9t\u00e9orologue, fondateur du site Weather&rsquo;N&rsquo;Co    <\/p><\/blockquote>\n<p>Vid\u00e9os : en ce moment sur ActuDes orages sur \u00ab\u2009une ligne Bordeaux \u2013 Limoges \u2013 Orl\u00e9ans\u2009\u00bb samedi<\/p>\n<p class=\" wall-content\">C\u2019est samedi apr\u00e8s-midi que tout se corse\u2009: \u00e0 partir de 14\u2009h-15\u2009h, <strong>\u00ab\u2009les orages vont se manifester de mani\u00e8re sporadique\u2009\u00bb.<\/strong><\/p>\n<p class=\" wall-content\">Ils ne seront en revanche pas vraiment accompagn\u00e9s de grosses pr\u00e9cipitations \u00ab\u2009car l\u2019air froid en altitude ne prend pas le relais\u2009\u00bb, poursuit l\u2019expert <a href=\"https:\/\/actu.fr\/meteo\" target=\"_blank\" rel=\"noopener\">m\u00e9t\u00e9o<\/a>, estimant que l\u2019on aura de \u00ab\u20096 \u00e0 8\u00a0mm pendant les plus grosses p\u00e9riodes <a href=\"https:\/\/actu.fr\/tag\/orages\" target=\"_blank\" rel=\"noopener\">orageuses<\/a>\u2009\u00bb.<\/p>\n<p class=\" wall-content\">Ces orages ne concernent qu\u2019une partie de l\u2019Hexagone, <strong>entre le sud-ouest et le Centre<\/strong> \u00e0 peu pr\u00e8s. Il tonnera ainsi sur \u00ab\u2009une ligne <a href=\"https:\/\/actu.fr\/bordeaux\" target=\"_blank\" rel=\"noopener\">Bordeaux<\/a> \u2013 Limoges \u2013 <a href=\"https:\/\/actu.fr\/orleans\" target=\"_blank\" rel=\"noopener\">Orl\u00e9ans<\/a>\u2009\u00bb, avant que ces orages ne remontent jusqu\u2019au bassin parisien en fin de journ\u00e9e samedi, \u00ab\u2009vers 18\u2009h \u2013 20\u2009h\u2009\u00bb.<\/p>\n<p>La perturbation orageuse se d\u00e9cale \u00e0 l\u2019est dimanche<\/p>\n<p class=\" wall-content\">Puis, dimanche 13\u00a0avril 2025, cette activit\u00e9 \u00ab\u2009instable et pluvieuse\u2009\u00bb va <strong>se d\u00e9caler vers la partie est de la France<\/strong>. Les r\u00e9gions touch\u00e9es par les orages\u2009? \u00ab\u2009Le Massif central, <a href=\"https:\/\/actu.fr\/occitanie\/\" target=\"_blank\" rel=\"noopener\">l\u2019Occitanie<\/a>, l\u2019Auvergne-Rh\u00f4ne-Alpes, <a href=\"https:\/\/actu.fr\/tag\/alpes\" target=\"_blank\" rel=\"noopener\">les Alpes<\/a> et les Alpes-Maritimes\u2009\u00bb, nous r\u00e9pond Yann Amice.<\/p>\n<p class=\" wall-content\">La <a href=\"https:\/\/actu.fr\/bretagne\/\" target=\"_blank\" rel=\"noopener\">Bretagne<\/a>, sur laquelle s\u2019\u00e9tait install\u00e9e la perturbation en fin de semaine, va, elle, retrouver un ciel de tra\u00eene dimanche apr\u00e8s-midi, alternant \u00e9claircies et averses. La r\u00e9gion va voir ses temp\u00e9ratures baisser.<\/p>\n<p class=\" wall-content\">Entre dimanche et lundi, la perturbation orageuse s\u2019installera enfin <strong>sur le pourtour m\u00e9diterran\u00e9en<\/strong>, \u00ab\u2009sur une zone couvrant Marseille, le couloir du Rh\u00f4ne et <a href=\"https:\/\/actu.fr\/provence-alpes-cote-d-azur\/alpes-maritimes_06\" target=\"_blank\" rel=\"noopener\">les Alpes-Maritimes<\/a>\u2009\u00bb.<\/p>\n<p>Un temps \u00ab\u2009chaotique\u2009\u00bb partout en milieu de semaine prochaine<\/p>\n<p class=\" wall-content\">Le ton est donn\u00e9 pour la semaine suivante, elle aussi marqu\u00e9e par les pluies et les orages. \u00ab\u2009Autant il pourra y avoir <strong>des petits trous de ciel bleu<\/strong> lundi sur le quart Nord-Ouest, sur une ligne Rennes \u2013 Le\u00a0Havre \u2013 Paris\u2009\u00bb, autant la journ\u00e9e de mardi signe le retour d\u2019une m\u00e9t\u00e9o \u00ab\u2009instable\u2009\u00bb, reprend Yann Amice.<\/p>\n<blockquote class=\"ac-article-quote wall-content\">\n<p>Une nouvelle perturbation d\u00e9barque sur la Bretagne et le temps sera globalement pourri sur la quart Nord-Est mardi [15 avril 2025].<\/p>\n<p>    <strong>Yann Amice<\/strong><br \/>\n        M\u00e9t\u00e9orologue, fondateur du site Weather&rsquo;N&rsquo;Co    <\/p><\/blockquote>\n<p class=\" wall-content\">M\u00eame sch\u00e9ma mercredi, o\u00f9 <strong>le ciel sera \u00ab\u2009chaotique\u2009\u00bb sur toute la France<\/strong>. \u00ab\u2009Il n\u2019y aura pas une r\u00e9gion \u00e9pargn\u00e9e, et encore, peut-\u00eatre le nord de la France\u2009\u00bb, insiste le m\u00e9t\u00e9orologue, ajoutant que \u00ab\u2009le gros des pluies\u2009\u00bb est attendu sur le sud-est, <strong>\u00ab\u2009sur l\u2019axe Marseille \u2013 Nice \u2013 Monaco\u2009\u00bb.<\/strong><\/p>\n<p class=\" wall-content\">Il faudra attendre jeudi 17\u00a0avril 2025 pour qu\u2019une \u00ab\u2009transition\u2009\u00bb m\u00e9t\u00e9o se fasse sur l\u2019Hexagone. De quoi aborder <a href=\"https:\/\/actu.fr\/societe\/c-est-bientot-paques-mais-pourquoi-la-date-change-chaque-annee_62467176.html\" target=\"_blank\" rel=\"noopener\">le week-end prolong\u00e9 de P\u00e2ques<\/a> dans de meilleures conditions\u2009? Pas si s\u00fbr, au regard de ce qui dessine\u2026 Pr\u00e9cisions \u00e0 venir dans les prochains jours.<\/p>\n<p class=\" wall-content\">Suivez toute l\u2019actualit\u00e9 de vos villes et m\u00e9dias favoris en vous inscrivant \u00e0 <a href=\"https:\/\/moncompte.actu.fr\" title=\"D\u00e9couvez Mon Actu\" rel=\"nofollow noopener\" data-trk=\"{&quot;cta&quot;:{&quot;action&quot;:&quot;https:\\\/\\\/moncompte.actu.fr&quot;,&quot;category&quot;:&quot;mon compte&quot;,&quot;from&quot;:&quot;article footer&quot;,&quot;name&quot;:&quot;Mon actu&quot;,&quot;type&quot;:&quot;cta&quot;}}\" target=\"_blank\">Mon Actu<\/a>.<\/p>\n","protected":false},"excerpt":{"rendered":"Par Alexandra Segond Publi\u00e9 le 11 avr. 2025 \u00e0 6h04 Vous avez profit\u00e9 du soleil et des douces&hellip;\n","protected":false},"author":2,"featured_media":17302,"comment_status":"","ping_status":"","sticky":false,"template":"","format":"standard","meta":{"footnotes":""},"categories":[2],"tags":[11,1011,27,2487,12,4594,4459,25],"class_list":{"0":"post-17301","1":"post","2":"type-post","3":"status-publish","4":"format-standard","5":"has-post-thumbnail","7":"category-actualites","8":"tag-actualites","9":"tag-fr","10":"tag-france","11":"tag-meteo","12":"tag-news","13":"tag-orages","14":"tag-pluie","15":"tag-republique-francaise"},"share_on_mastodon":{"url":"https:\/\/pubeurope.com\/@fr\/114319393074063003","error":""},"_links":{"self":[{"href":"https:\/\/www.europesays.com\/fr\/wp-json\/wp\/v2\/posts\/17301","targetHints":{"allow":["GET"]}}],"collection":[{"href":"https:\/\/www.europesays.com\/fr\/wp-json\/wp\/v2\/posts"}],"about":[{"href":"https:\/\/www.europesays.com\/fr\/wp-json\/wp\/v2\/types\/post"}],"author":[{"embeddable":true,"href":"https:\/\/www.europesays.com\/fr\/wp-json\/wp\/v2\/users\/2"}],"replies":[{"embeddable":true,"href":"https:\/\/www.europesays.com\/fr\/wp-json\/wp\/v2\/comments?post=17301"}],"version-history":[{"count":0,"href":"https:\/\/www.europesays.com\/fr\/wp-json\/wp\/v2\/posts\/17301\/revisions"}],"wp:featuredmedia":[{"embeddable":true,"href":"https:\/\/www.europesays.com\/fr\/wp-json\/wp\/v2\/media\/17302"}],"wp:attachment":[{"href":"https:\/\/www.europesays.com\/fr\/wp-json\/wp\/v2\/media?parent=17301"}],"wp:term":[{"taxonomy":"category","embeddable":true,"href":"https:\/\/www.europesays.com\/fr\/wp-json\/wp\/v2\/categories?post=17301"},{"taxonomy":"post_tag","embeddable":true,"href":"https:\/\/www.europesays.com\/fr\/wp-json\/wp\/v2\/tags?post=17301"}],"curies":[{"name":"wp","href":"https:\/\/api.w.org\/{rel}","templated":true}]}}