{"id":173017,"date":"2025-06-13T09:28:12","date_gmt":"2025-06-13T09:28:12","guid":{"rendered":"https:\/\/www.europesays.com\/fr\/173017\/"},"modified":"2025-06-13T09:28:12","modified_gmt":"2025-06-13T09:28:12","slug":"grenoble-lagence-bnp-paribas-fermee-apres-un-incendie","status":"publish","type":"post","link":"https:\/\/www.europesays.com\/fr\/173017\/","title":{"rendered":"Grenoble. L\u2019agence BNP Paribas ferm\u00e9e apr\u00e8s un incendie"},"content":{"rendered":"<p>Un incendie s\u2019est d\u00e9clar\u00e9 dans la nuit de mercredi \u00e0 jeudi, peu avant minuit, \u00e0 l\u2019int\u00e9rieur d\u2019une agence bancaire de la BNP Paribas, situ\u00e9e rue Pierre Semard, dans le quartier Europole, \u00e0 Grenoble. Les sapeurs-pompiers sont rapidement intervenus pour ma\u00eetriser ce feu qui aurait d\u00e9marr\u00e9 dans une cuisine et dont l\u2019origine exacte doit encore \u00eatre d\u00e9termin\u00e9e, d\u2019apr\u00e8s la police, qui s\u2019est \u00e9galement rendue sur les lieux.<\/p>\n<p>Ce contenu est bloqu\u00e9 car vous n&rsquo;avez pas accept\u00e9 les cookies et autres traceurs.<\/p>\n<p>En cliquant sur \u00ab J\u2019accepte \u00bb, les cookies et autres traceurs seront d\u00e9pos\u00e9s et vous pourrez visualiser les contenus  (<a href=\"\" class=\"consentModule_policy\" target=\"_blank\" title=\"Consulter la politique de protection des donn\u00e9es du fournisseur\">plus d&rsquo;informations<\/a>).<\/p>\n<p>En cliquant sur \u00ab J\u2019accepte tous les cookies \u00bb, vous autorisez des d\u00e9p\u00f4ts de cookies et autres traceurs pour le stockage de vos donn\u00e9es sur nos sites et applications \u00e0 des fins de personnalisation et de ciblage publicitaire.<\/p>\n<p class=\"consentModule_secondaryText\">Vous gardez la possibilit\u00e9 de retirer votre consentement \u00e0 tout moment en consultant notre <a href=\"https:\/\/www.ledauphine.com\/protection-des-donnees\" target=\"_blank\" title=\"Consulter notre politique de protection des donn\u00e9es\" rel=\"nofollow noopener\">politique de protection des donn\u00e9es<\/a>. <br \/>&#13;<br \/>\n            <a href=\"https:\/\/www.ledauphine.com\/faits-divers-justice\/2025\/06\/13\/javascript:Didomi.notice.show()\" class=\"consentModule_cmp\" rel=\"nofollow noopener\" target=\"_blank\">G\u00e9rer mes choix<\/a>&#13;\n        <\/p>\n<p>&#13;<br \/>\n                        J&rsquo;accepte&#13;<br \/>\n            J&rsquo;accepte tous les cookies&#13;\n        <\/p>\n<p>Contact\u00e9, le service communication de la BNP indique que \u00ab\u00a0les clients peuvent retrouver leurs conseillers de l\u2019agence Grenoble Europole \u00e0 l\u2019agence Grenoble Victor-Hugo d\u00e8s aujourd\u2019hui\u00a0\u00bb. \u00ab\u00a0Ils seront inform\u00e9s de la r\u00e9ouverture de l\u2019agence. Par ailleurs, les \u00e9quipes sont mobilis\u00e9es pour trouver des solutions dans les meilleurs d\u00e9lais pour accompagner la rentr\u00e9e \u00e9tudiante de Grenoble \u00c9cole de Management.\u00a0\u00bb<\/p>\n","protected":false},"excerpt":{"rendered":"Un incendie s\u2019est d\u00e9clar\u00e9 dans la nuit de mercredi \u00e0 jeudi, peu avant minuit, \u00e0 l\u2019int\u00e9rieur d\u2019une agence&hellip;\n","protected":false},"author":2,"featured_media":173018,"comment_status":"","ping_status":"","sticky":false,"template":"","format":"standard","meta":{"footnotes":""},"categories":[9566],"tags":[1111,11,2430,112,1777,674,274,1011,27,2731,2732,1310,108,12,25],"class_list":{"0":"post-173017","1":"post","2":"type-post","3":"status-publish","4":"format-standard","5":"has-post-thumbnail","7":"category-grenoble","8":"tag-actu","9":"tag-actualites","10":"tag-auvergne-rhone-alpes","11":"tag-edition-grenoble-agglomeration","12":"tag-eu","13":"tag-europe","14":"tag-faits-divers-justice","15":"tag-fr","16":"tag-france","17":"tag-grenoble","18":"tag-grenoble-bassin","19":"tag-incendie","20":"tag-isere","21":"tag-news","22":"tag-republique-francaise"},"share_on_mastodon":{"url":"https:\/\/pubeurope.com\/@fr\/114675351775494500","error":""},"_links":{"self":[{"href":"https:\/\/www.europesays.com\/fr\/wp-json\/wp\/v2\/posts\/173017","targetHints":{"allow":["GET"]}}],"collection":[{"href":"https:\/\/www.europesays.com\/fr\/wp-json\/wp\/v2\/posts"}],"about":[{"href":"https:\/\/www.europesays.com\/fr\/wp-json\/wp\/v2\/types\/post"}],"author":[{"embeddable":true,"href":"https:\/\/www.europesays.com\/fr\/wp-json\/wp\/v2\/users\/2"}],"replies":[{"embeddable":true,"href":"https:\/\/www.europesays.com\/fr\/wp-json\/wp\/v2\/comments?post=173017"}],"version-history":[{"count":0,"href":"https:\/\/www.europesays.com\/fr\/wp-json\/wp\/v2\/posts\/173017\/revisions"}],"wp:featuredmedia":[{"embeddable":true,"href":"https:\/\/www.europesays.com\/fr\/wp-json\/wp\/v2\/media\/173018"}],"wp:attachment":[{"href":"https:\/\/www.europesays.com\/fr\/wp-json\/wp\/v2\/media?parent=173017"}],"wp:term":[{"taxonomy":"category","embeddable":true,"href":"https:\/\/www.europesays.com\/fr\/wp-json\/wp\/v2\/categories?post=173017"},{"taxonomy":"post_tag","embeddable":true,"href":"https:\/\/www.europesays.com\/fr\/wp-json\/wp\/v2\/tags?post=173017"}],"curies":[{"name":"wp","href":"https:\/\/api.w.org\/{rel}","templated":true}]}}