{"id":173030,"date":"2025-06-13T09:35:10","date_gmt":"2025-06-13T09:35:10","guid":{"rendered":"https:\/\/www.europesays.com\/fr\/173030\/"},"modified":"2025-06-13T09:35:10","modified_gmt":"2025-06-13T09:35:10","slug":"frappes-israeliennes-sur-liran-le-seul-vol-pour-israel-depuis-laeroport-de-nice-a-ete-annule","status":"publish","type":"post","link":"https:\/\/www.europesays.com\/fr\/173030\/","title":{"rendered":"Frappes isra\u00e9liennes sur l&rsquo;Iran: le seul vol pour Isra\u00ebl depuis l&rsquo;a\u00e9roport de Nice a \u00e9t\u00e9 annul\u00e9"},"content":{"rendered":"<p>C&rsquo;\u00e9tait attendu.\u00a0Plusieurs compagnies a\u00e9riennes &#8211; dont Air France &#8211; ont annonc\u00e9 suspendre leurs vols dans le Golfe apr\u00e8s les attaques men\u00e9es vendredi par l&rsquo;arm\u00e9e isra\u00e9lienne en Iran et la riposte annonc\u00e9e par T\u00e9h\u00e9ran.<\/p>\n<p>Dans le m\u00eame temps, <strong>Isra\u00ebl a annonc\u00e9 la fermeture de son espace a\u00e9rien<\/strong>.\u00a0<\/p>\n<p>Un vol \u00e0 Nice<\/p>\n<p><strong>A Nice, un seul vol \u00e9tait pr\u00e9vu ce vendredi \u00e0 destination d&rsquo;Isra\u00ebl<\/strong>. Il s&rsquo;agit d&rsquo;un vol de <strong>la compagnie El Al-Ly<\/strong> qui devait s&rsquo;envoler \u00e0 11h pour Tel-Aviv.\u00a0<\/p>\n<p>Vendredi peu apr\u00e8s le lancement de l&rsquo;attaque isra\u00e9lienne sur plusieurs villes iraniennes, la Jordanie et l&rsquo;Irak ont annonc\u00e9 la fermeture de leur espace a\u00e9rien et la suspension des vols dans leurs a\u00e9roports.<\/p>\n<p>L&rsquo;arm\u00e9e isra\u00e9lienne a indiqu\u00e9 qu&rsquo;environ <strong>200 avions de combat avaient particip\u00e9 \u00e0 cette op\u00e9ration<\/strong> qui a vis\u00e9 une centaine de cibles, des installations nucl\u00e9aires et des sites militaires \u00e0 travers la R\u00e9publique islamique d&rsquo;Iran.<\/p>\n<p>Elle a aussi indiqu\u00e9 qu&rsquo;elle tentait d&rsquo;intercepter \u00ab\u00a0environ 100 drones\u00a0\u00bb lanc\u00e9s par l&rsquo;Iran en repr\u00e9sailles vers le territoire isra\u00e9lien.<\/p>\n","protected":false},"excerpt":{"rendered":"C&rsquo;\u00e9tait attendu.\u00a0Plusieurs compagnies a\u00e9riennes &#8211; dont Air France &#8211; ont annonc\u00e9 suspendre leurs vols dans le Golfe apr\u00e8s&hellip;\n","protected":false},"author":2,"featured_media":173031,"comment_status":"","ping_status":"","sticky":false,"template":"","format":"standard","meta":{"footnotes":""},"categories":[2819],"tags":[1111,11,10411,1777,674,1011,27,12,2401,882,25],"class_list":{"0":"post-173030","1":"post","2":"type-post","3":"status-publish","4":"format-standard","5":"has-post-thumbnail","7":"category-nice","8":"tag-actu","9":"tag-actualites","10":"tag-conflits","11":"tag-eu","12":"tag-europe","13":"tag-fr","14":"tag-france","15":"tag-news","16":"tag-nice","17":"tag-provence-alpes-cote-dazur","18":"tag-republique-francaise"},"share_on_mastodon":{"url":"https:\/\/pubeurope.com\/@fr\/114675379337175356","error":""},"_links":{"self":[{"href":"https:\/\/www.europesays.com\/fr\/wp-json\/wp\/v2\/posts\/173030","targetHints":{"allow":["GET"]}}],"collection":[{"href":"https:\/\/www.europesays.com\/fr\/wp-json\/wp\/v2\/posts"}],"about":[{"href":"https:\/\/www.europesays.com\/fr\/wp-json\/wp\/v2\/types\/post"}],"author":[{"embeddable":true,"href":"https:\/\/www.europesays.com\/fr\/wp-json\/wp\/v2\/users\/2"}],"replies":[{"embeddable":true,"href":"https:\/\/www.europesays.com\/fr\/wp-json\/wp\/v2\/comments?post=173030"}],"version-history":[{"count":0,"href":"https:\/\/www.europesays.com\/fr\/wp-json\/wp\/v2\/posts\/173030\/revisions"}],"wp:featuredmedia":[{"embeddable":true,"href":"https:\/\/www.europesays.com\/fr\/wp-json\/wp\/v2\/media\/173031"}],"wp:attachment":[{"href":"https:\/\/www.europesays.com\/fr\/wp-json\/wp\/v2\/media?parent=173030"}],"wp:term":[{"taxonomy":"category","embeddable":true,"href":"https:\/\/www.europesays.com\/fr\/wp-json\/wp\/v2\/categories?post=173030"},{"taxonomy":"post_tag","embeddable":true,"href":"https:\/\/www.europesays.com\/fr\/wp-json\/wp\/v2\/tags?post=173030"}],"curies":[{"name":"wp","href":"https:\/\/api.w.org\/{rel}","templated":true}]}}