{"id":173034,"date":"2025-06-13T09:37:16","date_gmt":"2025-06-13T09:37:16","guid":{"rendered":"https:\/\/www.europesays.com\/fr\/173034\/"},"modified":"2025-06-13T09:37:16","modified_gmt":"2025-06-13T09:37:16","slug":"debord-de-loire-limoca-les-ptits-doudous-baptise-le-festival-est-lance-a-nantes","status":"publish","type":"post","link":"https:\/\/www.europesays.com\/fr\/173034\/","title":{"rendered":"D\u00e9bord de Loire\u00a0: L\u2019Imoca Les P\u2019tits Doudous baptis\u00e9, le festival est lanc\u00e9\u00a0\u00e0 Nantes"},"content":{"rendered":"<p><a href=\"https:\/\/nantes.maville.com\/actu\/actudet_-debord-de-loire-nantes-sort-le-grand-jeu-pour-feter-de-beaux-bateaux-_8-6850142_actu.Htm\" target=\"_self\" rel=\"nofollow noopener\">Dans le port de Nantes<\/a>, le champagne a coul\u00e9 (presque) \u00e0 flot sur la coque de <a href=\"https:\/\/vannes.maville.com\/sport\/detail_-lors-de-debord-de-loire-armel-tripon-va-baptiser-son-imoca-les-p-tits-doudous-a-nantes-_12-6849033_actu.Htm\" target=\"_self\" rel=\"nofollow noopener\">l\u2019Imoca <\/a>  <a href=\"https:\/\/vannes.maville.com\/sport\/detail_-lors-de-debord-de-loire-armel-tripon-va-baptiser-son-imoca-les-p-tits-doudous-a-nantes-_12-6849033_actu.Htm\" target=\"_self\" rel=\"nofollow noopener\">Les P\u2019tits Doudous<\/a> , jeudi 12\u00a0juin en fin de journ\u00e9e, pour marquer le bapt\u00eame du bateau d\u2019Armel Tripon. Le skipper nantais \u00e9tait entour\u00e9, pour l\u2019occasion, du jeune parrain, Evan. Quand il \u00e9tait enfant, l\u2019ado a \u00e9t\u00e9 hospitalis\u00e9 et a \u00e9t\u00e9 si bien accompagn\u00e9 par les P\u2019tits Doudous \u2013 association engag\u00e9e pour les enfants op\u00e9r\u00e9s \u2013 qu\u2019il est devenu b\u00e9n\u00e9vole \u00e0 son tour. L\u2019Imoca a aussi deux marraines, Val\u00e9rie Vall\u00e9e, soignante \u00e0 Lyon et membre de l\u2019association, ainsi que St\u00e9phanie Burgun, directrice g\u00e9n\u00e9rale de Duqueine, constructeur du bateau \u00e0 Malville.<\/p>\n<p>Ce moment hautement symbolique a marqu\u00e9 le lancement de <a href=\"https:\/\/nantes.maville.com\/actu\/actudet_-debord-de-loire-les-bons-spots-au-fil-du-fleuve-pour-profiter-du-festival-_8-6841536_actu.Htm\" target=\"_self\" rel=\"nofollow noopener\">D\u00e9bord de Loire<\/a>.<\/p>\n<p><strong>Jusqu\u2019\u00e0 dimanche 18\u00a0juin,<\/strong> dans seize communes partenaires, de Saint-Brevin-les-Pins \u00e0 Divatte-sur-Loire en passant par Nantes, gratuit, www.d\u00e9borddeloire.fr.<\/p>\n<p>\u00a0<\/p>\n","protected":false},"excerpt":{"rendered":"Dans le port de Nantes, le champagne a coul\u00e9 (presque) \u00e0 flot sur la coque de l\u2019Imoca Les&hellip;\n","protected":false},"author":2,"featured_media":173035,"comment_status":"","ping_status":"","sticky":false,"template":"","format":"standard","meta":{"footnotes":""},"categories":[2818],"tags":[1111,11,30817,17881,30816,1777,674,849,1011,27,23651,9447,3367,766,12,2636,25,3272,26552],"class_list":{"0":"post-173034","1":"post","2":"type-post","3":"status-publish","4":"format-standard","5":"has-post-thumbnail","7":"category-nantes","8":"tag-actu","9":"tag-actualites","10":"tag-baptise","11":"tag-debord","12":"tag-doudous","13":"tag-eu","14":"tag-europe","15":"tag-festival","16":"tag-fr","17":"tag-france","18":"tag-imoca","19":"tag-lance","20":"tag-loire","21":"tag-nantes","22":"tag-news","23":"tag-pays-de-la-loire","24":"tag-republique-francaise","25":"tag-saint-nazaire","26":"tag-tits"},"share_on_mastodon":{"url":"https:\/\/pubeurope.com\/@fr\/114675387172559122","error":""},"_links":{"self":[{"href":"https:\/\/www.europesays.com\/fr\/wp-json\/wp\/v2\/posts\/173034","targetHints":{"allow":["GET"]}}],"collection":[{"href":"https:\/\/www.europesays.com\/fr\/wp-json\/wp\/v2\/posts"}],"about":[{"href":"https:\/\/www.europesays.com\/fr\/wp-json\/wp\/v2\/types\/post"}],"author":[{"embeddable":true,"href":"https:\/\/www.europesays.com\/fr\/wp-json\/wp\/v2\/users\/2"}],"replies":[{"embeddable":true,"href":"https:\/\/www.europesays.com\/fr\/wp-json\/wp\/v2\/comments?post=173034"}],"version-history":[{"count":0,"href":"https:\/\/www.europesays.com\/fr\/wp-json\/wp\/v2\/posts\/173034\/revisions"}],"wp:featuredmedia":[{"embeddable":true,"href":"https:\/\/www.europesays.com\/fr\/wp-json\/wp\/v2\/media\/173035"}],"wp:attachment":[{"href":"https:\/\/www.europesays.com\/fr\/wp-json\/wp\/v2\/media?parent=173034"}],"wp:term":[{"taxonomy":"category","embeddable":true,"href":"https:\/\/www.europesays.com\/fr\/wp-json\/wp\/v2\/categories?post=173034"},{"taxonomy":"post_tag","embeddable":true,"href":"https:\/\/www.europesays.com\/fr\/wp-json\/wp\/v2\/tags?post=173034"}],"curies":[{"name":"wp","href":"https:\/\/api.w.org\/{rel}","templated":true}]}}