{"id":173038,"date":"2025-06-13T09:39:13","date_gmt":"2025-06-13T09:39:13","guid":{"rendered":"https:\/\/www.europesays.com\/fr\/173038\/"},"modified":"2025-06-13T09:39:13","modified_gmt":"2025-06-13T09:39:13","slug":"girondins-lacademie-recrute-un-nouveau-jeune-joueur","status":"publish","type":"post","link":"https:\/\/www.europesays.com\/fr\/173038\/","title":{"rendered":"Girondins : L\u2019Acad\u00e9mie recrute un nouveau jeune joueur"},"content":{"rendered":"<p><img decoding=\"async\" src=\"https:\/\/www.europesays.com\/fr\/wp-content\/uploads\/2025\/05\/671_9244874eeeab709d07a37959e3fd7706.jpg\" alt=\"Girondins : L\u2019Acad\u00e9mie recrute un nouveau jeune joueur\" class=\"img-responsive mt-3\"\/><\/p>\n<p class=\"text-center mb-3\" style=\"font-size: 14px\">\u00a9 Iconsport<\/p>\n<p>      <strong>Deuxi\u00e8me renfort pour les U16 R\u00e9gionaux<\/strong><\/p>\n<p style=\"text-align: justify;\">Gabriel Dias (2010) rejoint l\u2019acad\u00e9mie des Girondins de Bordeaux afin de poursuivre sa formation.<\/p>\n<p style=\"text-align: justify;\">Il sera accompagn\u00e9 par le responsable de la Pr\u00e9-Formation et ancien joueur du club Rio Mavuba. Le jeune homme \u00e9tait le capitaine des U15 du club Jeanne d\u2019Arc de Dax, vainqueurs de la Ligue de Footballe Nouvelle-Aquitaine. Il \u00e9tait d\u00e9j\u00e0 pr\u00e9sent avec les U15 Girondins lors de la SAM \u00c9lite, il y a deux semaines. Gabriel est la seconde recrue des U15 pour la saison prochaine apr\u00e8s la signature de Ruben Romero Nunes en provenance du FC Rive Droite.<\/p>\n<p style=\"text-align: justify;\"><img decoding=\"async\" src=\"https:\/\/www.europesays.com\/fr\/wp-content\/uploads\/2025\/06\/Capture d\u2019e\u0301cran 2025-06-12 a\u0300 20.00.11.png\" alt=\"Capture d\u2019e\u0301cran 2025-06-12 a\u0300 20.00.11.png (1.60 MB)\" style=\"width:700px;max-width:100%;\"\/><\/p>\n<p style=\"text-align: justify;\">\u00a0<\/p>\n<p>\u00c0 lire &gt;&gt; <strong><a href=\"https:\/\/www.webgirondins.com\/actualite-girondins-national-2-les-chiffres-fous-du-budget-des-girondins-comment-lopez-va-financer-129392\" target=\"_blank\" rel=\"noopener\">National 2 : Les chiffres fous du budget des Girondins &#8211; Comment Lopez va financer ?<\/a><\/strong><\/p>\n<p>\u00a0<\/p>\n<p>Notre podcast court \u00e0 \u00e9couter :<\/p>\n<p>\u00a0<\/p>\n","protected":false},"excerpt":{"rendered":"\u00a9 Iconsport Deuxi\u00e8me renfort pour les U16 R\u00e9gionaux Gabriel Dias (2010) rejoint l\u2019acad\u00e9mie des Girondins de Bordeaux afin&hellip;\n","protected":false},"author":2,"featured_media":86621,"comment_status":"","ping_status":"","sticky":false,"template":"","format":"standard","meta":{"footnotes":""},"categories":[2817],"tags":[26122,1111,11,1997,5244,30819,14078,1777,674,21,1011,27,7211,1987,9272,3913,4074,1441,3687,1434,12,4565,2219,30818,471,18859,25,13040],"class_list":{"0":"post-173038","1":"post","2":"type-post","3":"status-publish","4":"format-standard","5":"has-post-thumbnail","7":"category-bordeaux","8":"tag-academie","9":"tag-actu","10":"tag-actualites","11":"tag-bordeaux","12":"tag-club","13":"tag-dias","14":"tag-equipes","15":"tag-eu","16":"tag-europe","17":"tag-fait","18":"tag-fr","19":"tag-france","20":"tag-gabriel","21":"tag-girondins","22":"tag-jeudi","23":"tag-jeune","24":"tag-jeunes","25":"tag-joueur","26":"tag-juin","27":"tag-mercato","28":"tag-news","29":"tag-nouveau","30":"tag-nouvelle-aquitaine","31":"tag-officialisee","32":"tag-pour","33":"tag-recrute","34":"tag-republique-francaise","35":"tag-signature"},"share_on_mastodon":{"url":"https:\/\/pubeurope.com\/@fr\/114675395764256840","error":""},"_links":{"self":[{"href":"https:\/\/www.europesays.com\/fr\/wp-json\/wp\/v2\/posts\/173038","targetHints":{"allow":["GET"]}}],"collection":[{"href":"https:\/\/www.europesays.com\/fr\/wp-json\/wp\/v2\/posts"}],"about":[{"href":"https:\/\/www.europesays.com\/fr\/wp-json\/wp\/v2\/types\/post"}],"author":[{"embeddable":true,"href":"https:\/\/www.europesays.com\/fr\/wp-json\/wp\/v2\/users\/2"}],"replies":[{"embeddable":true,"href":"https:\/\/www.europesays.com\/fr\/wp-json\/wp\/v2\/comments?post=173038"}],"version-history":[{"count":0,"href":"https:\/\/www.europesays.com\/fr\/wp-json\/wp\/v2\/posts\/173038\/revisions"}],"wp:featuredmedia":[{"embeddable":true,"href":"https:\/\/www.europesays.com\/fr\/wp-json\/wp\/v2\/media\/86621"}],"wp:attachment":[{"href":"https:\/\/www.europesays.com\/fr\/wp-json\/wp\/v2\/media?parent=173038"}],"wp:term":[{"taxonomy":"category","embeddable":true,"href":"https:\/\/www.europesays.com\/fr\/wp-json\/wp\/v2\/categories?post=173038"},{"taxonomy":"post_tag","embeddable":true,"href":"https:\/\/www.europesays.com\/fr\/wp-json\/wp\/v2\/tags?post=173038"}],"curies":[{"name":"wp","href":"https:\/\/api.w.org\/{rel}","templated":true}]}}